{"id":975,"date":"2019-07-04T07:09:35","date_gmt":"2019-07-04T07:09:35","guid":{"rendered":"http:\/\/sites.senat.ro\/?p=975"},"modified":"2019-07-19T10:03:45","modified_gmt":"2019-07-19T10:03:45","slug":"reuniunea-uip-din-marja-celei-de-a-63-a-sesiuni-a-comisiei-onu-pentru-statutul-femeilor-si-evenimentele-asociate-new-york-12-14-martie-2019","status":"publish","type":"post","link":"https:\/\/sites.senat.ro\/?p=975","title":{"rendered":"Reuniunea UIP din marja celei de-a 63-a Sesiuni a Comisiei ONU pentru Statutul Femeilor \u015fi evenimentele asociate (New York, 12-14 martie 2019)"},"content":{"rendered":"\n<p>\u00cen ziua de 13 martie a avut loc, la sediul Na\u0163iunilor\nUnite din New York, reuniunea parlamentar\u0103 anual\u0103 cu ocazia celei de-a 63-a\nsesiuni a Comisiei Na\u0163iunilor Unite pentru Statutul Femeilor (CSF),<\/p>\n\n\n\n<p>Organizat\u0103 de UIP \u00een colaborare cu Entitatea ONU pentru\nEgalitate de Gen \u015fi Consolidarea Statutului Femeii (UN WOMEN), reuniunea s-a intitulat\n<em>Investi\u021bia \u00een egalitatea de gen: rolul\nparlamentelor \u00een asigurarea accesului femeilor \u0219i fetelor la protec\u021bie social\u0103,\nservicii publice \u0219i infrastructur\u0103<\/em>, av\u00e2nd rolul de a contribui, cu o\nperspectiv\u0103 parlamentar\u0103, la dezbaterile sesiunii CSF cu tema general\u0103 <em>Sistemele de protec\u021bie social\u0103, accesul la\nserviciile publice \u0219i infrastructura durabil\u0103 pentru promovarea egalit\u0103\u021bii de\ngen \u0219i emanciparea femeilor \u0219i fetelor. <\/em><\/p>\n\n\n\n<p>La reuniune au\nparticipat peste 100 de parlamentari, majoritatea femei, din \u021b\u0103ri de pe toate\ncontinentele, oficiali guvernamentali, reprezentan\u021bi ai unor organiza\u021bii\ninterna\u021bionale \u0219i non guvernamentale, membri ai corpului diplomatic. Din\ndelega\u021bia GRUI au f\u0103cut parte: dna deputat Alina Tei\u0219, membr\u0103 a Comisiei pentru\negalitatea de \u0219anse pentru femei \u0219i b\u0103rba\u021bi \u0219i a Comisiei pentru \u00eenv\u0103\u021b\u0103m\u00e2nt,\n\u0219tiin\u021b\u0103, tineret \u0219i sport; dna deputat Raluca Turcan, membr\u0103 a Comisiei pentru\n\u00eenv\u0103\u021b\u0103m\u00e2nt, \u0219tiin\u021b\u0103, tineret \u0219i sport; dna deputat Lavinia-Corina Cosma,\nvicepre\u0219edint\u0103 a Comisiei pentru cercetarea abuzurilor, corup\u021biei \u0219i pentru pe\u021bi\u021bii,\nmembr\u0103 a Comisiei pentru \u00eenv\u0103\u021b\u0103m\u00e2nt, \u0219tiin\u021b\u0103, tineret \u0219i sport.<\/p>\n\n\n\n<p>Lucr\u0103rile au fost\nprezidate de dna Susan Kihika, pre\u0219edintele Biroului Femeilor Parlamentare din\nUIP, membr\u0103 a Senatului din Kenya. \u00cen deschidere au luat cuv\u00e2ntul pre\u0219edintele\nUIP, dna Gabriela Cuevas Barron, \u0219i directorul executiv adjunct al UN Women,\ndna \u00c5sa Regn\u00e9r. <\/p>\n\n\n\n<p>Dezbaterile s-au axat pe rolul care revine parlamentelor\n\u00een promovarea emancip\u0103rii femeilor \u0219i fetelor, prin asigurarea cadrului necesar\naplic\u0103rii politicilor economice \u0219i sociale care contribuie la \u00eembun\u0103t\u0103\u021birea\nstatutului femeilor \u0219i la participarea lor \u00een procesele decizionale, la toate\nnivelurile, precum \u0219i prin contracararea multiplelor forme de discriminare cu\ncare se confrunt\u0103 femeile. <\/p>\n\n\n\n<p>Cu referire direct\u0103 la tema reuniunii \u0219i a sesiunii CSF,\nparticipan\u021bii au identificat patru c\u0103i de ac\u021biuneprin care legislativele se pot asigura c\u0103 politicile privind protec\u021bia\nsocial\u0103, serviciile publice \u0219i infrastructura vin \u00een sprijinul egalit\u0103\u021bii de\ngen. Astfel, parlamentele trebuie s\u0103 aib\u0103 \u00een vedere:<\/p>\n\n\n\n<ol class=\"wp-block-list\"><li>adoptarea unui cadru legislativ care s\u0103 ofere statut legal protec\u021biei\n     sociale \u0219i proceselor bugetare care integreaz\u0103 dimensiunea de gen;<\/li><\/ol>\n\n\n\n<ol class=\"wp-block-list\"><li>exercitarea func\u021biei de control asupra activit\u0103\u021bii guvernului pentru a\n     se asigura c\u0103 protec\u021bia social\u0103, serviciile publice \u0219i infrastructura sunt\n     proiectate \u0219i implementate \u00een conformitate cu nevoile \u0219i condi\u021biile reale\n     de via\u021b\u0103 ale femeilor, \u0219i sunt finan\u021bate \u00een mod corespunz\u0103tor; <\/li><\/ol>\n\n\n\n<ol class=\"wp-block-list\"><li>cre\u0219terea gradului de consultare a cet\u0103\u021benilor, \u00een special a femeilor\n     \u0219i a tinerilor, pentru a construi voin\u021ba politic\u0103 necesar\u0103 \u00een sprijinul egalit\u0103\u021bii\n     de gen;<\/li><\/ol>\n\n\n\n<ol class=\"wp-block-list\"><li>integrarea dimensiunii de gen \u00een propria activitate, prin m\u0103suri care\n     s\u0103 asigure cre\u0219terea num\u0103rului de femei parlamentare, reprezentarea\n     echilibrat\u0103 a acestora \u00een toate structurile parlamentare, de conducere \u0219i specializate\n     (inclusiv cele cu atribu\u021bii \u00een materie de buget-finan\u021be), \u00eenfiin\u021barea unor\n     mecanisme parlamentare destinate integr\u0103rii dimensiunii de gen \u00een\n     parlament.<\/li><\/ol>\n\n\n\n<p>\u00cen marja sesiunii CSF, UIP a co-organizat trei evenimente\nparlamentare asociate, pe urm\u0103toarele teme: <em>Sexismul,\nh\u0103r\u021buirea \u0219i violen\u021ba \u00eempotriva femeilor \u00een parlament; <\/em><em>Punctul critic \u00een ceea ce prive\u0219te egalitatea de gen: participarea femeilor\n\u00een procesul decizional face diferen\u021ba!; Date privind femeile \u00een politic\u0103: unde\neste egalitatea?<\/em> <\/p>\n","protected":false},"excerpt":{"rendered":"<p>\u00cen ziua de 13 martie a avut loc, la sediul Na\u0163iunilor Unite din New York, reuniunea parlamentar\u0103 anual\u0103 cu ocazia celei de-a 63-a sesiuni a Comisiei Na\u0163iunilor Unite pentru Statutul Femeilor (CSF), Organizat\u0103 de UIP \u00een colaborare cu Entitatea ONU pentru Egalitate de Gen \u015fi Consolidarea Statutului Femeii (UN WOMEN), reuniunea s-a intitulat Investi\u021bia \u00een [&hellip;]<\/p>\n","protected":false},"author":2,"featured_media":0,"comment_status":"closed","ping_status":"open","sticky":false,"template":"","format":"standard","meta":{"ngg_post_thumbnail":0,"footnotes":""},"categories":[3],"tags":[],"class_list":["post-975","post","type-post","status-publish","format-standard","hentry","category-participare"],"_links":{"self":[{"href":"https:\/\/sites.senat.ro\/index.php?rest_route=\/wp\/v2\/posts\/975","targetHints":{"allow":["GET"]}}],"collection":[{"href":"https:\/\/sites.senat.ro\/index.php?rest_route=\/wp\/v2\/posts"}],"about":[{"href":"https:\/\/sites.senat.ro\/index.php?rest_route=\/wp\/v2\/types\/post"}],"author":[{"embeddable":true,"href":"https:\/\/sites.senat.ro\/index.php?rest_route=\/wp\/v2\/users\/2"}],"replies":[{"embeddable":true,"href":"https:\/\/sites.senat.ro\/index.php?rest_route=%2Fwp%2Fv2%2Fcomments&post=975"}],"version-history":[{"count":0,"href":"https:\/\/sites.senat.ro\/index.php?rest_route=\/wp\/v2\/posts\/975\/revisions"}],"wp:attachment":[{"href":"https:\/\/sites.senat.ro\/index.php?rest_route=%2Fwp%2Fv2%2Fmedia&parent=975"}],"wp:term":[{"taxonomy":"category","embeddable":true,"href":"https:\/\/sites.senat.ro\/index.php?rest_route=%2Fwp%2Fv2%2Fcategories&post=975"},{"taxonomy":"post_tag","embeddable":true,"href":"https:\/\/sites.senat.ro\/index.php?rest_route=%2Fwp%2Fv2%2Ftags&post=975"}],"curies":[{"name":"wp","href":"https:\/\/api.w.org\/{rel}","templated":true}]}}