{"id":859,"date":"2019-07-02T11:51:18","date_gmt":"2019-07-02T11:51:18","guid":{"rendered":"http:\/\/sites.senat.ro\/?p=859"},"modified":"2019-07-19T10:10:27","modified_gmt":"2019-07-19T10:10:27","slug":"conferinta-internationala-privind-inteligenta-artificiala-si-educatia-beijing-16-18-mai-a-c","status":"publish","type":"post","link":"https:\/\/sites.senat.ro\/?p=859","title":{"rendered":"Conferin\u021ba interna\u021bional\u0103 privind Inteligen\u021ba Artificial\u0103 \u0219i educa\u021bia (Beijing, 16-18 mai 2019)"},"content":{"rendered":"\n<div class=\"wp-block-image\"><figure class=\"alignleft is-resized\"><img loading=\"lazy\" decoding=\"async\" src=\"https:\/\/sites.senat.ro\/wp-content\/uploads\/sites\/2\/2019\/07\/Foto_UNESCO-1.jpg\" alt=\"\" class=\"wp-image-860\" width=\"156\" height=\"116\" \/><\/figure><\/div>\n\n\n\n<p>Dl deputat Nicolae\nDobrovici-Bacalba\u0219a, membru al Comisiei permanente\ncomune a Camerei Deputa\u0163ilor \u015fi Senatului pentru rela\u0163ia cu UNESCO, a\nparticipat la <strong><em>Conferin\u021ba interna\u021bional\u0103\nprivind Inteligen\u021ba Artificial\u0103 \u0219i educa\u021bia<\/em><\/strong> (Beijing, 16-18 mai a.c.),\neveniment organizat de UNESCO \u00eempreun\u0103 cu Ministerul Educa\u021biei \u0219i Comisia\nna\u021bional\u0103&nbsp; pentru UNESCO din RP Chinez\u0103. <\/p>\n\n\n\n<p>Participan\u021bii &#8211; delega\u021bi din peste 120 de state membre, inclusiv 70 de\n\u0219efi de guvern, \u0219i reprezentan\u021bi ai agen\u021biilor ONU, institu\u021biilor academice,\nsociet\u0103\u021bii civile \u0219i sectorului privat, \u0219i-au reafirmat angajamentul \u00een\nsprijinul Agendei 2030 \u0219i al ODD 4 &#8211; <em>Educa\u021bie\nde calitate<\/em> \u0219i au discutat despre: modul \u00een care pot fi anticipate\ncompeten\u021bele necesare pentru a face fa\u021b\u0103 cu succes erei Inteligen\u021bei Artificiale\n(IA); tendin\u021be recente \u00een domeniul IA \u0219i impactul lor asupra educa\u021biei \u0219i procesului\nde \u00eenv\u0103\u021bare; politici \u0219i strategii na\u021bionale de utilizare a IA pentru\npromovarea ODD 4; consolidarea cooper\u0103rii interna\u021bionale \u0219i a parteneriatelor \u00een\nscopul utiliz\u0103rii echitabile, incluzive \u0219i transparente a IA \u00een educa\u021bie. &nbsp;&nbsp;<\/p>\n\n\n\n<p><a href=\"https:\/\/unesdoc.unesco.org\/ark:\/48223\/pf0000368303\">Documentul final<\/a> al conferin\u021bei, intitulat\n<em>Consensul de la Beijing privind\nInteligen\u021ba Artificial\u0103 \u0219i Educa\u021bia, <\/em>propune statelor \u0219i organiza\u021biilor\ninterna\u021bionale un set de recomand\u0103ri pentru valorificarea IA \u00een realizarea\nprevederilor privind educa\u021bia ale Agendei 2030, reprezent\u00e2nd o premier\u0103 la\nnivel mondial. <\/p>\n","protected":false},"excerpt":{"rendered":"<p>Dl deputat Nicolae Dobrovici-Bacalba\u0219a, membru al Comisiei permanente comune a Camerei Deputa\u0163ilor \u015fi Senatului pentru rela\u0163ia cu UNESCO, a participat la Conferin\u021ba interna\u021bional\u0103 privind Inteligen\u021ba Artificial\u0103 \u0219i educa\u021bia (Beijing, 16-18 mai a.c.), eveniment organizat de UNESCO \u00eempreun\u0103 cu Ministerul Educa\u021biei \u0219i Comisia na\u021bional\u0103&nbsp; pentru UNESCO din RP Chinez\u0103. Participan\u021bii &#8211; delega\u021bi din peste 120 de [&hellip;]<\/p>\n","protected":false},"author":2,"featured_media":0,"comment_status":"closed","ping_status":"open","sticky":false,"template":"","format":"standard","meta":{"ngg_post_thumbnail":0,"footnotes":""},"categories":[4],"tags":[],"class_list":["post-859","post","type-post","status-publish","format-standard","hentry","category-onu"],"_links":{"self":[{"href":"https:\/\/sites.senat.ro\/index.php?rest_route=\/wp\/v2\/posts\/859","targetHints":{"allow":["GET"]}}],"collection":[{"href":"https:\/\/sites.senat.ro\/index.php?rest_route=\/wp\/v2\/posts"}],"about":[{"href":"https:\/\/sites.senat.ro\/index.php?rest_route=\/wp\/v2\/types\/post"}],"author":[{"embeddable":true,"href":"https:\/\/sites.senat.ro\/index.php?rest_route=\/wp\/v2\/users\/2"}],"replies":[{"embeddable":true,"href":"https:\/\/sites.senat.ro\/index.php?rest_route=%2Fwp%2Fv2%2Fcomments&post=859"}],"version-history":[{"count":0,"href":"https:\/\/sites.senat.ro\/index.php?rest_route=\/wp\/v2\/posts\/859\/revisions"}],"wp:attachment":[{"href":"https:\/\/sites.senat.ro\/index.php?rest_route=%2Fwp%2Fv2%2Fmedia&parent=859"}],"wp:term":[{"taxonomy":"category","embeddable":true,"href":"https:\/\/sites.senat.ro\/index.php?rest_route=%2Fwp%2Fv2%2Fcategories&post=859"},{"taxonomy":"post_tag","embeddable":true,"href":"https:\/\/sites.senat.ro\/index.php?rest_route=%2Fwp%2Fv2%2Ftags&post=859"}],"curies":[{"name":"wp","href":"https:\/\/api.w.org\/{rel}","templated":true}]}}