{"id":855,"date":"2019-07-02T10:49:43","date_gmt":"2019-07-02T10:49:43","guid":{"rendered":"http:\/\/sites.senat.ro\/?p=855"},"modified":"2019-07-19T10:04:54","modified_gmt":"2019-07-19T10:04:54","slug":"cea-de-a-206-a-sesiune-a-consiliului-executiv-unesco-paris-3-17-aprilie-a-c","status":"publish","type":"post","link":"https:\/\/sites.senat.ro\/?p=855","title":{"rendered":"Cea de-a 206-a sesiune a Consiliului Executiv UNESCO (Paris, 3-17 aprilie 2019)"},"content":{"rendered":"\n<div class=\"wp-block-image\"><figure class=\"alignleft is-resized\"><img loading=\"lazy\" decoding=\"async\" src=\"https:\/\/sites.senat.ro\/wp-content\/uploads\/sites\/2\/2019\/07\/Foto_UNESCO.jpg\" alt=\"\" class=\"wp-image-856\" width=\"110\" height=\"82\" \/><\/figure><\/div>\n\n\n\n<p>\u00cen perioada 15-18 aprilie a.c. dl senator Nov\u00e1k Csaba-Zolt\u00e1n,\nvicepre\u0219edintele Comisiei permanente\ncomune a Camerei Deputa\u0163ilor \u015fi Senatului pentru rela\u0163ia cu UNESCO, a participat la <strong>cea de-a 206-a sesiune a Consiliului Executiv UNESCO <\/strong>(Paris, 3-17 aprilie a.c.).<\/p>\n\n\n\n<p>Pe agenda sesiunii au figurat subiecte de\nactualitate pentru organiza\u021bie, \u00een preg\u0103tirea Conferin\u021bei generale a UNESCO din\ntoamna lui 2019, \u00eentre care: proiectul de program \u0219i de buget pentru perioada\n2020-2021; stadiul Transform\u0103rii strategice (reforma UNESCO); func\u021bionarea\nComitetului Conven\u021bii \u0219i Recomand\u0103ri; raportul de etap\u0103 privind reformarea\nProgramului \u201eMemoria Lumii\u201d. Au fost\ndiscutate \u0219i au fost luate decizii privind noi problematici, considerate drept\nstrategice pentru organiza\u021bie, precum \u0218tiin\u021bele deschise; principiile etice ale\nInteligen\u021bei Artificiale; Viitorul educa\u021biei.&nbsp;&nbsp;&nbsp;&nbsp;&nbsp; <\/p>\n\n\n\n<p>Lucr\u0103rile s-au desf\u0103\u0219urat \u00een plen (interven\u021bii ale directorului general \u0219i ale statelor membre, adoptarea rapoartelor comisiilor) \u0219i \u00een cele trei comisii (Programe \u0219i Rela\u021bii Externe; Financiar\u0103 \u0219i Administrativ\u0103; Comun\u0103). Anterior dezbaterilor \u00een plen a avut loc reuniunea Comitetului Conven\u021bii \u0219i Recomand\u0103ri. <\/p>\n\n\n\n<p>Participarea reprezentantului Senatului a asigurat\ncontinuitatea ac\u021biunilor de sus\u021binere a intereselor Rom\u00e2niei pe l\u00e2ng\u0103 UNESCO,\ninclusiv promovarea dosarelor ce se dore\u0219te a fi \u00eenscrise \u00een Lista\nReprezentativ\u0103 a Patrimoniului Cultural Imaterial al Umanit\u0103\u021bii.<\/p>\n","protected":false},"excerpt":{"rendered":"<p>\u00cen perioada 15-18 aprilie a.c. dl senator Nov\u00e1k Csaba-Zolt\u00e1n, vicepre\u0219edintele Comisiei permanente comune a Camerei Deputa\u0163ilor \u015fi Senatului pentru rela\u0163ia cu UNESCO, a participat la cea de-a 206-a sesiune a Consiliului Executiv UNESCO (Paris, 3-17 aprilie a.c.). Pe agenda sesiunii au figurat subiecte de actualitate pentru organiza\u021bie, \u00een preg\u0103tirea Conferin\u021bei generale a UNESCO din toamna [&hellip;]<\/p>\n","protected":false},"author":2,"featured_media":0,"comment_status":"closed","ping_status":"open","sticky":false,"template":"","format":"standard","meta":{"ngg_post_thumbnail":0,"footnotes":""},"categories":[4],"tags":[],"class_list":["post-855","post","type-post","status-publish","format-standard","hentry","category-onu"],"_links":{"self":[{"href":"https:\/\/sites.senat.ro\/index.php?rest_route=\/wp\/v2\/posts\/855","targetHints":{"allow":["GET"]}}],"collection":[{"href":"https:\/\/sites.senat.ro\/index.php?rest_route=\/wp\/v2\/posts"}],"about":[{"href":"https:\/\/sites.senat.ro\/index.php?rest_route=\/wp\/v2\/types\/post"}],"author":[{"embeddable":true,"href":"https:\/\/sites.senat.ro\/index.php?rest_route=\/wp\/v2\/users\/2"}],"replies":[{"embeddable":true,"href":"https:\/\/sites.senat.ro\/index.php?rest_route=%2Fwp%2Fv2%2Fcomments&post=855"}],"version-history":[{"count":0,"href":"https:\/\/sites.senat.ro\/index.php?rest_route=\/wp\/v2\/posts\/855\/revisions"}],"wp:attachment":[{"href":"https:\/\/sites.senat.ro\/index.php?rest_route=%2Fwp%2Fv2%2Fmedia&parent=855"}],"wp:term":[{"taxonomy":"category","embeddable":true,"href":"https:\/\/sites.senat.ro\/index.php?rest_route=%2Fwp%2Fv2%2Fcategories&post=855"},{"taxonomy":"post_tag","embeddable":true,"href":"https:\/\/sites.senat.ro\/index.php?rest_route=%2Fwp%2Fv2%2Ftags&post=855"}],"curies":[{"name":"wp","href":"https:\/\/api.w.org\/{rel}","templated":true}]}}