{"id":796,"date":"2019-07-09T11:54:36","date_gmt":"2019-07-09T11:54:36","guid":{"rendered":"http:\/\/sites.senat.ro\/?p=796"},"modified":"2019-07-19T10:00:14","modified_gmt":"2019-07-19T10:00:14","slug":"harta-femeile-in-politica","status":"publish","type":"post","link":"https:\/\/sites.senat.ro\/?p=796","title":{"rendered":"Harta Femeile \u00een politic\u0103"},"content":{"rendered":"\n<p>Realizat\u0103 \u00een colaborare cu UN Women, harta ofer\u0103 o radiografie global\u0103 a prezen\u021bei femeilor \u00een parlamente \u0219i guverne la 1 ianuarie 2019. <\/p>\n\n\n\n<p>Sunt prezentate date \u0219i\nstatistici despre: ponderea femeilor \u00een parlamentele na\u0163ionale, femeile care\nocup\u0103 cele mai \u00eenalte pozi\u0163ii \u00een stat (\u015fef de stat \u015fi\/sau de guvern, pre\u015fedinte\nde parlament sau de camer\u0103 parlamentar\u0103, portofolii ministeriale); evolu\u0163iile\nla nivel de \u0163ar\u0103 \u015fi de regiune \u00een ceea ce prive\u015fte prezen\u0163a femeilor \u00een\npolitic\u0103.<\/p>\n\n\n\n<div class=\"wp-block-image\"><figure class=\"alignleft is-resized\"><img loading=\"lazy\" decoding=\"async\" src=\"https:\/\/sites.senat.ro\/wp-content\/uploads\/sites\/2\/2019\/07\/Harta_femeile-_in_politica.jpg\" alt=\"\" class=\"wp-image-800\" width=\"196\" height=\"131\" srcset=\"https:\/\/sites.senat.ro\/wp-content\/uploads\/2019\/07\/Harta_femeile-_in_politica.jpg 452w, https:\/\/sites.senat.ro\/wp-content\/uploads\/2019\/07\/Harta_femeile-_in_politica-300x200.jpg 300w\" sizes=\"auto, (max-width: 196px) 100vw, 196px\" \/><\/figure><\/div>\n\n\n\n<p><em>Cre\u0219terea num\u0103rului de femei parlamentare continu\u0103 s\u0103 se fac\u0103 \u00eentr-un ritm lent, astfel c\u0103 ponderea medie a femeilor \u00een parlamentele na\u021bionale, la nivel mondial, a crescut foarte pu\u021bin, de la 23,3% \u00een 2017 la 24,3% \u00een 2019. \u00cen clasamentul \u00een func\u021bie de procentul femeilor parlamentare, pe primul loc se men\u0163in \u0163\u0103rile nordice, cu 42,5 %, urmate de continentul american (30,6%) \u015fi \u0163\u0103rile europene (28,6%). Pe urm\u0103toarele pozi\u021bii se situeaz\u0103 \u021b\u0103rile din Africa subsaharian\u0103 (23,9%), Asia (19,9%), statele din Orientul Mijlociu \u0219i din nordul Africii (19%) \u0219i Pacific (16,3%).<\/em><\/p>\n\n\n\n<p><em>\u00cen clasamentul pe \u021b\u0103ri, pe prima pozi\u0163ie r\u0103m\u00e2ne Rwanda\n(cu 61,3% femei \u00een prima Camer\u0103 \u015fi 38,5% femei \u00een cea de-a doua Camer\u0103),\nurmat\u0103, pe locurile 2 \u015fi 3, de Cuba (53,2%) \u015fi Bolivia (53,1%). <strong>Cu procente de 20,7% femei \u00een Camera\nDeputa\u0163ilor \u015fi 14% femei \u00een Senat, Rom\u00e2nia se situeaz\u0103 pe pozi\u0163ia 96 la nivel\nmondial \u0219i pe locul 21 la nivelul Uniunii Europene.<\/strong><\/em><\/p>\n\n\n\n<p><em>Fa\u021b\u0103 de anul 2017, se constat\u0103 o u\u0219oar\u0103 cre\u0219tere a\nnum\u0103rului de \u021b\u0103ri \u00een care femeile ocup\u0103 func\u021bii de \u0219ef de stat \u0219i\/sau \u0219ef de\nguvern (de la 17 la 19). N<\/em><em>um\u0103rul femeilor pre\u0219edin\u021bi de parlamente a \u00eenregistrat o u\u0219oar\u0103\ncre\u0219tere, de la 19,1% la 19,7% (55 din\ncele 279 de pre\u015fedin\u0163ii de parlamente \u015fi camere parlamentare sunt de\u0163inute de\nfemei). <\/em><\/p>\n\n\n\n<p><em>\u00cen clasamentul femeilor mini\u0219tri pe primul loc se situeaz\u0103 Spania, cu un procent de 64,7% femei \u00een executiv. Nicaragua, Suedia, Albania, Columbia, Costa Rica, Rwanda, Canada \u0219i Fran\u021ba au dep\u0103\u0219it procentul de 50% femei \u00een func\u021bii ministeriale. <\/em><\/p>\n\n\n\n<p><em>Principalele domenii \u00een care femeile de\u021bin portofolii ministeriale sunt: probleme sociale; familie, copii, tineret, v\u00e2rstnici \u015fi persoane cu dizabilit\u0103\u021bi; munc\u0103; mediu, resurse naturale \u0219i energie; industrie; educa\u021bie; condi\u021bia femeii \u0219i egalitate de gen; cultur\u0103; afaceri externe; cercetare \u0219i dezvoltare; s\u0103n\u0103tate.<\/em> <\/p>\n\n\n\n<p>Harta <em>Femeile \u00een politic\u0103&nbsp;: 2019 <\/em>poate fi consultat\u0103 <a href=\"\/www.ipu.org\/resources\/publications\/infographics\/2019-03\/women-in-politics-2019\">aici<\/a>. <\/p>\n","protected":false},"excerpt":{"rendered":"<p>Realizat\u0103 \u00een colaborare cu UN Women, harta ofer\u0103 o radiografie global\u0103 a prezen\u021bei femeilor \u00een parlamente \u0219i guverne la 1 ianuarie 2019. Sunt prezentate date \u0219i statistici despre: ponderea femeilor \u00een parlamentele na\u0163ionale, femeile care ocup\u0103 cele mai \u00eenalte pozi\u0163ii \u00een stat (\u015fef de stat \u015fi\/sau de guvern, pre\u015fedinte de parlament sau de camer\u0103 parlamentar\u0103, [&hellip;]<\/p>\n","protected":false},"author":2,"featured_media":0,"comment_status":"closed","ping_status":"open","sticky":false,"template":"","format":"standard","meta":{"ngg_post_thumbnail":0,"footnotes":""},"categories":[6,2],"tags":[],"class_list":["post-796","post","type-post","status-publish","format-standard","hentry","category-publicatii","category-repere"],"_links":{"self":[{"href":"https:\/\/sites.senat.ro\/index.php?rest_route=\/wp\/v2\/posts\/796","targetHints":{"allow":["GET"]}}],"collection":[{"href":"https:\/\/sites.senat.ro\/index.php?rest_route=\/wp\/v2\/posts"}],"about":[{"href":"https:\/\/sites.senat.ro\/index.php?rest_route=\/wp\/v2\/types\/post"}],"author":[{"embeddable":true,"href":"https:\/\/sites.senat.ro\/index.php?rest_route=\/wp\/v2\/users\/2"}],"replies":[{"embeddable":true,"href":"https:\/\/sites.senat.ro\/index.php?rest_route=%2Fwp%2Fv2%2Fcomments&post=796"}],"version-history":[{"count":0,"href":"https:\/\/sites.senat.ro\/index.php?rest_route=\/wp\/v2\/posts\/796\/revisions"}],"wp:attachment":[{"href":"https:\/\/sites.senat.ro\/index.php?rest_route=%2Fwp%2Fv2%2Fmedia&parent=796"}],"wp:term":[{"taxonomy":"category","embeddable":true,"href":"https:\/\/sites.senat.ro\/index.php?rest_route=%2Fwp%2Fv2%2Fcategories&post=796"},{"taxonomy":"post_tag","embeddable":true,"href":"https:\/\/sites.senat.ro\/index.php?rest_route=%2Fwp%2Fv2%2Ftags&post=796"}],"curies":[{"name":"wp","href":"https:\/\/api.w.org\/{rel}","templated":true}]}}