{"id":790,"date":"2019-07-03T11:50:47","date_gmt":"2019-07-03T11:50:47","guid":{"rendered":"http:\/\/sites.senat.ro\/?p=790"},"modified":"2019-07-19T10:03:57","modified_gmt":"2019-07-19T10:03:57","slug":"audierile-parlamentare-la-natiunile-unite-new-york-21-22-februarie-2019","status":"publish","type":"post","link":"https:\/\/sites.senat.ro\/?p=790","title":{"rendered":"Audierile Parlamentare la Na\u0163iunile Unite (New York, 21-22 februarie 2019)"},"content":{"rendered":"\n<p>Edi\u021bia 2019 a <strong>Audierilor\nParlamentare <\/strong>a avut tema <strong><em>Provoc\u0103rile\nemergente ale multilateralismului: r\u0103spunsul parlamentarilor.<\/em><\/strong><\/p>\n\n\n\n<p>Din delega\u021bia GRUI au f\u0103cut parte dna deputat Georgeta-Carmen Holban, membr\u0103 a Comisiei pentru s\u0103n\u0103tate \u0219i familie, \u0219i dnii deputa\u021bi Vasile Gudu, membru al Comisiei pentru afaceri europene \u0219i al Comisiei pentru agricultur\u0103, silvicultur\u0103, industrie alimentar\u0103 \u0219i servicii specifice, \u0219i \u0218tefan-Alexandru B\u0103i\u0219anu, vicepre\u0219edinte al Comisiei pentru transporturi \u0219i infrastructur\u0103; membru al Comisiei pentru comunit\u0103\u021bile de rom\u00e2ni din afara \u021b\u0103rii.<\/p>\n\n\n\n<p>Programul\nAudierilor 2019 a inclus dezbateri tematice \u0219i sesiuni de \u00eentreb\u0103ri \u0219i\nr\u0103spunsuri pe urm\u0103toarele teme: <em>Multilateralismul\nla r\u0103scruce: evaluare general\u0103 \u0219i provoc\u0103ri emergente<\/em>; <em>Dimensiunea na\u021bional\u0103 a multilateralismului: reforme institu\u021bionale \u00een\nsprijinul unor politici mai bune; Egalitatea \u00eentre sexe la Na\u021biunile Unite \u0219i\n\u00een general; Investi\u021bia \u00een multilateralism: deficitul de finan\u021bare la ONU; C\u0103tre\no guvernan\u021b\u0103 mondial\u0103 mai reactiv\u0103: revitalizarea Adun\u0103rii Generale; Cre\u0219terea\neficien\u021bei \u00een prevenirea \u0219i solu\u021bionarea conflictelor \u0219i \u00een men\u021binerea p\u0103cii;\nSistemul multilateral \u00een percep\u021bia opiniei publice: impactul comunic\u0103rii \u00een\nmas\u0103.<\/em><\/p>\n\n\n\n<p>\u00cen cadrul sesiunii inaugurale au luat cuv\u00e2ntul dna Mar\u00eda Fernanda Espinosa Garc\u00e9s, pre\u0219edintele celei de-a 73-a Adun\u0103ri Generale a ONU, \u0219i dna Gabriela Cuevas Barron, pre\u0219edintele UIP. \u00cen prima zi a reuniunii, s-a adresat participan\u021bilor \u0219i secretarul general al Na\u021biunilor Unite, Ant\u00f3nio Guterres.<\/p>\n\n\n\n<p>Participan\u021bii au\nexaminat c\u0103ile prin care politicile \u0219i institu\u021biile na\u021bionale pot consolida\nsistemul multilateral, \u00een toate formele sale, \u0219i modul \u00een care se poate asigura\nparticiparea tuturor \u021b\u0103rilor la deciziile care afecteaz\u0103 comunitatea\ninterna\u021bional\u0103. A fost reiterat\u0103 importan\u021ba multilateralismului \u00eentr-o lume\ncare se confrunt\u0103 cu provoc\u0103ri transfrontaliere din ce \u00een ce mai complexe \u0219i \u00een\ncare na\u021bionalismul, populismul \u0219i izola\u021bionismul reprezint\u0103 amenin\u021b\u0103ri tot mai\nmari la nivel global. Parlamentarii au subliniat c\u0103 sistemul interna\u021bional, av\u00e2nd\n\u00een centrul s\u0103u Na\u021biunile Unite, trebuie s\u0103 devin\u0103 mai relevant, mai receptiv \u0219i\nmai transparent, s\u0103 includ\u0103 mai multe femei \u0219i tineri \u0219i s\u0103 lucreze \u00een\nparteneriat cu sectorul privat, cu mediul de afaceri, cu for\u021ba de munc\u0103, cu\nsocietatea civil\u0103 \u0219i cu institu\u021biile regionale \u0219i financiare, s\u0103 utilizeze inova\u021bia,\ntehnologia \u0219i instrumentele de comunicare moderne pentru a-\u0219i promova\nactivitatea \u0219i pentru a interac\u021biona cu publicul. <\/p>\n\n\n\n<p>S-a subliniat, totodat\u0103, c\u0103 parlamentarii au un rol esen\u021bial \u00een consolidarea leg\u0103turii dintre cet\u0103\u021beni, guverne \u0219i institu\u021biile interna\u021bionale \u0219i \u00een transpunerea \u00een practic\u0103 a agendei globale la nivel na\u021bional, \u00een favoarea comunit\u0103\u021bilor locale. Nu \u00een ultimul r\u00e2nd, a fost eviden\u021biat\u0103 contribu\u021bia major\u0103 a UIP, ca partener apropiat al Na\u021biunilor Unite, la mobilizarea parlamentelor \u0219i parlamentarilor \u00een jurul proceselor ONU. <\/p>\n\n\n\n<figure class=\"wp-block-image\"><img loading=\"lazy\" decoding=\"async\" width=\"850\" height=\"567\" src=\"https:\/\/sites.senat.ro\/wp-content\/uploads\/sites\/2\/2019\/07\/Foto_Audieri.jpg\" alt=\"\" class=\"wp-image-792\" srcset=\"https:\/\/sites.senat.ro\/wp-content\/uploads\/2019\/07\/Foto_Audieri.jpg 850w, https:\/\/sites.senat.ro\/wp-content\/uploads\/2019\/07\/Foto_Audieri-300x200.jpg 300w, https:\/\/sites.senat.ro\/wp-content\/uploads\/2019\/07\/Foto_Audieri-768x512.jpg 768w, https:\/\/sites.senat.ro\/wp-content\/uploads\/2019\/07\/Foto_Audieri-732x488.jpg 732w\" sizes=\"auto, (max-width: 850px) 100vw, 850px\" \/><\/figure>\n","protected":false},"excerpt":{"rendered":"<p>Edi\u021bia 2019 a Audierilor Parlamentare a avut tema Provoc\u0103rile emergente ale multilateralismului: r\u0103spunsul parlamentarilor. Din delega\u021bia GRUI au f\u0103cut parte dna deputat Georgeta-Carmen Holban, membr\u0103 a Comisiei pentru s\u0103n\u0103tate \u0219i familie, \u0219i dnii deputa\u021bi Vasile Gudu, membru al Comisiei pentru afaceri europene \u0219i al Comisiei pentru agricultur\u0103, silvicultur\u0103, industrie alimentar\u0103 \u0219i servicii specifice, \u0219i \u0218tefan-Alexandru [&hellip;]<\/p>\n","protected":false},"author":2,"featured_media":0,"comment_status":"closed","ping_status":"open","sticky":false,"template":"","format":"standard","meta":{"ngg_post_thumbnail":0,"footnotes":""},"categories":[3],"tags":[],"class_list":["post-790","post","type-post","status-publish","format-standard","hentry","category-participare"],"_links":{"self":[{"href":"https:\/\/sites.senat.ro\/index.php?rest_route=\/wp\/v2\/posts\/790","targetHints":{"allow":["GET"]}}],"collection":[{"href":"https:\/\/sites.senat.ro\/index.php?rest_route=\/wp\/v2\/posts"}],"about":[{"href":"https:\/\/sites.senat.ro\/index.php?rest_route=\/wp\/v2\/types\/post"}],"author":[{"embeddable":true,"href":"https:\/\/sites.senat.ro\/index.php?rest_route=\/wp\/v2\/users\/2"}],"replies":[{"embeddable":true,"href":"https:\/\/sites.senat.ro\/index.php?rest_route=%2Fwp%2Fv2%2Fcomments&post=790"}],"version-history":[{"count":0,"href":"https:\/\/sites.senat.ro\/index.php?rest_route=\/wp\/v2\/posts\/790\/revisions"}],"wp:attachment":[{"href":"https:\/\/sites.senat.ro\/index.php?rest_route=%2Fwp%2Fv2%2Fmedia&parent=790"}],"wp:term":[{"taxonomy":"category","embeddable":true,"href":"https:\/\/sites.senat.ro\/index.php?rest_route=%2Fwp%2Fv2%2Fcategories&post=790"},{"taxonomy":"post_tag","embeddable":true,"href":"https:\/\/sites.senat.ro\/index.php?rest_route=%2Fwp%2Fv2%2Ftags&post=790"}],"curies":[{"name":"wp","href":"https:\/\/api.w.org\/{rel}","templated":true}]}}