{"id":769,"date":"2019-07-01T01:09:45","date_gmt":"2019-07-01T01:09:45","guid":{"rendered":"http:\/\/sites.senat.ro\/?p=769"},"modified":"2019-07-19T10:05:27","modified_gmt":"2019-07-19T10:05:27","slug":"sesiunea-februarie-iunie-2019","status":"publish","type":"post","link":"https:\/\/sites.senat.ro\/?p=769","title":{"rendered":"SESIUNEA FEBRUARIE-IUNIE 2019"},"content":{"rendered":"\n<div class=\"wp-block-image\"><figure class=\"alignleft is-resized\"><img loading=\"lazy\" decoding=\"async\" src=\"https:\/\/sites.senat.ro\/wp-content\/uploads\/sites\/2\/2019\/07\/Flag_Tunisia.jpg\" alt=\"\" class=\"wp-image-772\" width=\"161\" height=\"107\" srcset=\"https:\/\/sites.senat.ro\/wp-content\/uploads\/2019\/07\/Flag_Tunisia.jpg 574w, https:\/\/sites.senat.ro\/wp-content\/uploads\/2019\/07\/Flag_Tunisia-300x201.jpg 300w\" sizes=\"auto, (max-width: 161px) 100vw, 161px\" \/><\/figure><\/div>\n\n\n\n<p><strong>3 martie<\/strong> &#8211; \u00centrevederea dnei senator Siminica Mirea, pre\u0219edintele <strong>Grupului   parlamentar de prietenie Rom\u00e2nia &#8211; Republica Tunisian\u0103<\/strong>, cu E.S. dna Raja   Jhinaoui Ben Ali, ambasadorul Tunisiei \u00een Rom\u00e2nia. La \u00eentrevedere a   participat \u0219i&nbsp; dl deputat Ovidiu Alexandru Rae\u021bchi, membru al Grupului  <\/p>\n\n\n\n<div class=\"wp-block-image\"><figure class=\"alignleft is-resized\"><img loading=\"lazy\" decoding=\"async\" src=\"https:\/\/sites.senat.ro\/wp-content\/uploads\/sites\/2\/2019\/07\/Flag_Kazahsatn.jpg\" alt=\"\" class=\"wp-image-773\" width=\"161\" height=\"107\" \/><\/figure><\/div>\n\n\n\n<p><strong>14 martie<\/strong> &#8211; \u00centrevederea dlui deputat Florin Iordache, pre\u0219edintele <strong>Grupului parlamentar de prietenie Rom\u00e2nia &#8211; Republica Kazahstan<\/strong>, vicepre\u0219edinte al Camerei Deputa\u021bilor, cu dl Bahytzhan Yertayev, co-pre\u0219edintele Grupului de prietenie Kazahstan-Rom\u00e2nia. Din delega\u021bia oficial\u0103 a f\u0103cut parte \u0219i dl Gleb Schegelskiy, pre\u0219edintele Comisiei pentru ecologie \u0219i managementul mediului din Camera Reprezentan\u021bilor a Republicii Kazahstan<\/p>\n\n\n\n<div class=\"wp-block-image\"><figure class=\"alignleft is-resized\"><img loading=\"lazy\" decoding=\"async\" src=\"https:\/\/sites.senat.ro\/wp-content\/uploads\/sites\/2\/2019\/07\/Flag_Mexic.jpg\" alt=\"\" class=\"wp-image-774\" width=\"161\" height=\"107\" \/><\/figure><\/div>\n\n\n\n<p><strong>9 aprilie<\/strong> &#8211; \u00centrevederea dlui deputat Iuliu Nosa, pre\u0219edintele <strong>Grupului parlamentar de prietenie Rom\u00e2nia &#8211; Statele Unite Mexicane,<\/strong> \u0219i a membrilor Grupului cu E.S. dl Jos\u00e9 Guillermo Ordorica Robles, ambasadorul extraordinar \u0219i plenipoten\u021biar al Statelor Unite Mexicane \u00een Rom\u00e2nia&nbsp;<\/p>\n\n\n\n<div class=\"wp-block-image\"><figure class=\"alignleft is-resized\"><img loading=\"lazy\" decoding=\"async\" src=\"https:\/\/sites.senat.ro\/wp-content\/uploads\/sites\/2\/2019\/07\/flag_Elvetia.jpg\" alt=\"\" class=\"wp-image-775\" width=\"161\" height=\"107\" \/><\/figure><\/div>\n\n\n<p style=\"text-align: justify\"><strong>13 mai<\/strong> &#8211; \u00centrevederea dlui deputat Drago\u0219 Petru\u021b B\u00e2rl\u0103deanu, pre\u0219edintele <strong>Grupului parlamentar de prietenie Rom\u00e2nia &#8211; Elve\u021bia<\/strong>, cu E.S. dl Arthur Mattli, ambasadorul Elve\u021biei la Bucure\u0219ti<\/p>\n<p><\/p>\n<p><\/p>\n\n\n<div class=\"wp-block-image\"><figure class=\"alignleft is-resized\"><img loading=\"lazy\" decoding=\"async\" src=\"https:\/\/sites.senat.ro\/wp-content\/uploads\/sites\/2\/2019\/07\/Flag_Coreea-10.jpg\" alt=\"\" class=\"wp-image-909\" width=\"141\" height=\"101\" srcset=\"https:\/\/sites.senat.ro\/wp-content\/uploads\/2019\/07\/Flag_Coreea-10.jpg 510w, https:\/\/sites.senat.ro\/wp-content\/uploads\/2019\/07\/Flag_Coreea-10-300x215.jpg 300w\" sizes=\"auto, (max-width: 141px) 100vw, 141px\" \/><\/figure><\/div>\n\n\n\n<p><strong>11 iunie<\/strong> &#8211; \u00centrevederea dlui senator Radu-Mihai Mihail, vicepre\u0219edintele Comisiei pentru politic\u0103 extern\u0103 a Senatului, cu delega\u021bia parlamentar\u0103 condus\u0103 de dl Woo Sangho, pre\u0219edintele <strong>Grupului parlamentar de prietenie Republica Coreea &#8211; Rom\u00e2nia<\/strong> din Adunarea Na\u021bional\u0103. Din delega\u021bia oficial\u0103 au mai f\u0103cut parte dl Hong Ihk Pyo \u0219i dl Lee Chulgyu, membri ai parlamentului sud-coreean, \u0219i dl Kim Yong-ho, ambasadorul Republicii Coreea la Bucure\u0219ti <\/p>\n\n\n\n<p><\/p>\n","protected":false},"excerpt":{"rendered":"<p>3 martie &#8211; \u00centrevederea dnei senator Siminica Mirea, pre\u0219edintele Grupului parlamentar de prietenie Rom\u00e2nia &#8211; Republica Tunisian\u0103, cu E.S. dna Raja Jhinaoui Ben Ali, ambasadorul Tunisiei \u00een Rom\u00e2nia. La \u00eentrevedere a participat \u0219i&nbsp; dl deputat Ovidiu Alexandru Rae\u021bchi, membru al Grupului 14 martie &#8211; \u00centrevederea dlui deputat Florin Iordache, pre\u0219edintele Grupului parlamentar de prietenie Rom\u00e2nia [&hellip;]<\/p>\n","protected":false},"author":2,"featured_media":0,"comment_status":"closed","ping_status":"open","sticky":false,"template":"","format":"standard","meta":{"ngg_post_thumbnail":0,"footnotes":""},"categories":[8,1],"tags":[],"class_list":["post-769","post","type-post","status-publish","format-standard","hentry","category-intrevederi","category-prietenie"],"_links":{"self":[{"href":"https:\/\/sites.senat.ro\/index.php?rest_route=\/wp\/v2\/posts\/769","targetHints":{"allow":["GET"]}}],"collection":[{"href":"https:\/\/sites.senat.ro\/index.php?rest_route=\/wp\/v2\/posts"}],"about":[{"href":"https:\/\/sites.senat.ro\/index.php?rest_route=\/wp\/v2\/types\/post"}],"author":[{"embeddable":true,"href":"https:\/\/sites.senat.ro\/index.php?rest_route=\/wp\/v2\/users\/2"}],"replies":[{"embeddable":true,"href":"https:\/\/sites.senat.ro\/index.php?rest_route=%2Fwp%2Fv2%2Fcomments&post=769"}],"version-history":[{"count":0,"href":"https:\/\/sites.senat.ro\/index.php?rest_route=\/wp\/v2\/posts\/769\/revisions"}],"wp:attachment":[{"href":"https:\/\/sites.senat.ro\/index.php?rest_route=%2Fwp%2Fv2%2Fmedia&parent=769"}],"wp:term":[{"taxonomy":"category","embeddable":true,"href":"https:\/\/sites.senat.ro\/index.php?rest_route=%2Fwp%2Fv2%2Fcategories&post=769"},{"taxonomy":"post_tag","embeddable":true,"href":"https:\/\/sites.senat.ro\/index.php?rest_route=%2Fwp%2Fv2%2Ftags&post=769"}],"curies":[{"name":"wp","href":"https:\/\/api.w.org\/{rel}","templated":true}]}}