{"id":737,"date":"2019-07-01T10:46:47","date_gmt":"2019-07-01T10:46:47","guid":{"rendered":"http:\/\/sites.senat.ro\/?p=737"},"modified":"2019-07-19T10:05:11","modified_gmt":"2019-07-19T10:05:11","slug":"vizita-oficiala-la-vilnius-a-delegatiei-grupului-parlamentar-de-prietenie-romania-lituania-15-17-aprilie-2019","status":"publish","type":"post","link":"https:\/\/sites.senat.ro\/?p=737","title":{"rendered":"Vizita oficial\u0103 la Vilnius a delega\u021biei Grupului parlamentar de prietenie Rom\u00e2nia-Lituania (15-17 aprilie 2019)"},"content":{"rendered":"\n<div class=\"wp-block-image\"><figure class=\"alignleft is-resized\"><img loading=\"lazy\" decoding=\"async\" src=\"https:\/\/sites.senat.ro\/wp-content\/uploads\/sites\/2\/2019\/07\/Flag_Lituania.jpg\" alt=\"\" class=\"wp-image-848\" width=\"151\" height=\"107\" \/><\/figure><\/div>\n\n\n\n<p>Vizita dlor deputa\u021bi Dan V\u00eelceanu \u0219i C\u0103lin-Vasile-Andrei\nMatei, pre\u0219edintele, respectiv vicepre\u0219edintele Grupului, a avut loc la\ninvita\u021bia dlui Algirdas Sysas, pre\u0219edintele Grupului pentru rela\u021bii\ninterparlamentare cu Rom\u00e2nia din Parlamentul lituanian.<\/p>\n\n\n\n<p>Programul \u00eentrevederilor la nivel parlamentar a\ninclus convorbiri cu: pre\u0219edintele \u0219i membrii grupului de prietenie omolog; dna\nRimant\u00e9 \u0160ala\u0161evi\u010di\u016bt\u00e8, pre\u0219edintele Comisiei pentru munc\u0103 \u0219i afaceri sociale,\nvicepre\u0219edintele grupului de prietenie;&nbsp;\ndl Valerijus Simulik, pre\u0219edintele Comisiei pentru drepturile omului; dl\nJuozas Barnatonis, pre\u0219edintele Comisiei pentru politic\u0103 extern\u0103; membri ai\nComisiei pentru afaceri europene. <\/p>\n\n\n\n<p>Delega\u021bia a avut, de asemenea, \u00eentrevederi la Ministerul\nSecurit\u0103\u021bii Sociale \u0219i Muncii, cu dl Eitvydas Bingelis, vice-ministru, \u0219i la Ministerul\nAfacerilor Externe, cu dl Eitvydas Bajar\u016bnas, ambasador cu \u00eens\u0103rcin\u0103ri speciale \u00een\ndomeniul combaterii amenin\u021b\u0103rilor hibride. <\/p>\n\n\n\n<p>Agenda discu\u0163iilor a inclus teme de interes comun, precum: rela\u0163iile parlamentare bilaterale, cooperarea la nivelul UE \u0219i NATO; securitatea regional\u0103; Brexit; fenomenul <em>\u0219tirilor false<\/em> \u0219i impactul negativ al dezinform\u0103rii; amenin\u0163\u0103rile hibride; migra\u0163ia \u015fi efectele ei asupra pie\u0163ei for\u0163ei de munc\u0103; sistemele publice de pensii din cele dou\u0103 \u0163\u0103ri; m\u0103surile de stimulare a integr\u0103rii pe pia\u021ba muncii a persoanelor cu dizabilit\u0103\u021bi; drepturile copiilor.<\/p>\n\n\n\n<p>P\u0103r\u021bile \u0219i-au manifestat dorin\u021ba de a continua dialogul\nparlamentar \u00eentr-o manier\u0103 deschis\u0103 \u0219i constructiv\u0103, date fiind priorit\u0103\u021bile\nna\u021bionale similare, dar \u0219i interesele comune la nivel european \u0219i euroatlantic,\n\u00een mod special \u00een contextul Pre\u0219edin\u021biei rom\u00e2ne a Consiliului Uniunii Europene.<\/p>\n\n\n\n<p>Vizita delega\u021biei rom\u00e2ne la Vilnius a reprezentat un excelent&nbsp; prilej pentru reiterarea interesului celor dou\u0103 state de a consolida dialogul bilateral, cu accent pe dezvoltarea poten\u021bialului &nbsp;de cooperare la nivel politic \u0219i \u00een sectoarele economic \u0219i de securitate. &nbsp;<\/p>\n\n\n\n<figure class=\"wp-block-image\"><img loading=\"lazy\" decoding=\"async\" width=\"685\" height=\"457\" src=\"https:\/\/sites.senat.ro\/wp-content\/uploads\/sites\/2\/2019\/07\/Lituania_fotogrup.jpg\" alt=\"\" class=\"wp-image-738\" srcset=\"https:\/\/sites.senat.ro\/wp-content\/uploads\/2019\/07\/Lituania_fotogrup.jpg 685w, https:\/\/sites.senat.ro\/wp-content\/uploads\/2019\/07\/Lituania_fotogrup-300x200.jpg 300w\" sizes=\"auto, (max-width: 685px) 100vw, 685px\" \/><\/figure>\n","protected":false},"excerpt":{"rendered":"<p>Vizita dlor deputa\u021bi Dan V\u00eelceanu \u0219i C\u0103lin-Vasile-Andrei Matei, pre\u0219edintele, respectiv vicepre\u0219edintele Grupului, a avut loc la invita\u021bia dlui Algirdas Sysas, pre\u0219edintele Grupului pentru rela\u021bii interparlamentare cu Rom\u00e2nia din Parlamentul lituanian. Programul \u00eentrevederilor la nivel parlamentar a inclus convorbiri cu: pre\u0219edintele \u0219i membrii grupului de prietenie omolog; dna Rimant\u00e9 \u0160ala\u0161evi\u010di\u016bt\u00e8, pre\u0219edintele Comisiei pentru munc\u0103 \u0219i afaceri [&hellip;]<\/p>\n","protected":false},"author":2,"featured_media":0,"comment_status":"closed","ping_status":"open","sticky":false,"template":"","format":"standard","meta":{"ngg_post_thumbnail":0,"footnotes":""},"categories":[1,7],"tags":[],"class_list":["post-737","post","type-post","status-publish","format-standard","hentry","category-prietenie","category-viziteoficiale"],"_links":{"self":[{"href":"https:\/\/sites.senat.ro\/index.php?rest_route=\/wp\/v2\/posts\/737","targetHints":{"allow":["GET"]}}],"collection":[{"href":"https:\/\/sites.senat.ro\/index.php?rest_route=\/wp\/v2\/posts"}],"about":[{"href":"https:\/\/sites.senat.ro\/index.php?rest_route=\/wp\/v2\/types\/post"}],"author":[{"embeddable":true,"href":"https:\/\/sites.senat.ro\/index.php?rest_route=\/wp\/v2\/users\/2"}],"replies":[{"embeddable":true,"href":"https:\/\/sites.senat.ro\/index.php?rest_route=%2Fwp%2Fv2%2Fcomments&post=737"}],"version-history":[{"count":0,"href":"https:\/\/sites.senat.ro\/index.php?rest_route=\/wp\/v2\/posts\/737\/revisions"}],"wp:attachment":[{"href":"https:\/\/sites.senat.ro\/index.php?rest_route=%2Fwp%2Fv2%2Fmedia&parent=737"}],"wp:term":[{"taxonomy":"category","embeddable":true,"href":"https:\/\/sites.senat.ro\/index.php?rest_route=%2Fwp%2Fv2%2Fcategories&post=737"},{"taxonomy":"post_tag","embeddable":true,"href":"https:\/\/sites.senat.ro\/index.php?rest_route=%2Fwp%2Fv2%2Ftags&post=737"}],"curies":[{"name":"wp","href":"https:\/\/api.w.org\/{rel}","templated":true}]}}