{"id":708,"date":"2019-07-18T12:00:47","date_gmt":"2019-07-18T12:00:47","guid":{"rendered":"http:\/\/sites.senat.ro\/?p=708"},"modified":"2020-01-22T08:01:26","modified_gmt":"2020-01-22T08:01:26","slug":"708","status":"publish","type":"post","link":"https:\/\/sites.senat.ro\/?p=708","title":{"rendered":"Cea de-a 130-a aniversare a UIP"},"content":{"rendered":"\n<figure class=\"wp-block-image\"><img loading=\"lazy\" decoding=\"async\" width=\"1024\" height=\"170\" src=\"https:\/\/sites.senat.ro\/wp-content\/uploads\/sites\/2\/2019\/07\/130_UIP-1024x170.jpg\" alt=\"\" class=\"wp-image-709\" srcset=\"https:\/\/sites.senat.ro\/wp-content\/uploads\/2019\/07\/130_UIP-1024x170.jpg 1024w, https:\/\/sites.senat.ro\/wp-content\/uploads\/2019\/07\/130_UIP-300x50.jpg 300w, https:\/\/sites.senat.ro\/wp-content\/uploads\/2019\/07\/130_UIP-768x127.jpg 768w, https:\/\/sites.senat.ro\/wp-content\/uploads\/2019\/07\/130_UIP-732x121.jpg 732w, https:\/\/sites.senat.ro\/wp-content\/uploads\/2019\/07\/130_UIP-1140x189.jpg 1140w, https:\/\/sites.senat.ro\/wp-content\/uploads\/2019\/07\/130_UIP.jpg 1501w\" sizes=\"auto, (max-width: 1024px) 100vw, 1024px\" \/><\/figure>\n\n\n\n<p>La 30 iunie 2019, cu ocazia Zilei Interna\u021bionale a\nParlamentarismului, Uniunea Interparlamentar\u0103 (UIP) a marcat&nbsp; cea de-<strong><em>a 130-a aniversare.<\/em><\/strong><\/p>\n\n\n\n<p><em>Fondat\u0103\n\u00een anul 1889<\/em><em>\nde un grup de parlamentari care militau pentru promovarea p\u0103cii prin\nintermediul diploma\u021biei \u0219i dialogului parlamentar, UIP a devenit ast\u0103zi\norganiza\u021bia mondial\u0103 a parlamentelor na\u021bionale. \u00cen prezent, <\/em><em>UIP reune\u0219te 179 de parlamente, \u00eensum\u00e2nd 46 000 de parlamentari de\npe toate continentele, \u0219i 12 adun\u0103ri parlamentare interna\u021bionale cu statut de\nmembru asociat, consacr\u00e2ndu-se ca punct focal al dialogului, colabor\u0103rii \u015fi\nac\u0163iunii parlamentare la scar\u0103 global\u0103, \u00een sprijinul consolid\u0103rii democra\u021biei\nreprezentative, al dezvolt\u0103rii\ndurabile, p\u0103cii \u015fi securit\u0103\u021bii interna\u0163ionale, drepturilor omului, egalit\u0103\u021bii\nde gen \u0219i particip\u0103rii tinerilor \u00een via\u0163a politic\u0103.&nbsp;&nbsp;<\/em><em><\/em><\/p>\n\n\n\n<p>Momentul aniversar a coincis cu lansarea unei campanii parlamentare mondiale care se deruleaz\u0103 pe parcursul anului 2019, sub sloganul <em>130 de ani de ac\u021biune \u00een sprijinul parlamentarilor<\/em>.<\/p>\n\n\n\n<p>\u00cen declara\u021bia sa cu\nocazia celei de-a 130-a anivers\u0103ri a UIP, dna Gabriela Cuevas Barron,\npre\u0219edintele organiza\u021biei, a declarat c\u0103: \u201dDemocra\u021bia, drepturile omului,\nmultilateralismul \u0219i statul de drept sunt din ce \u00een ce mai amenin\u021bate \u00een lumea\nde ast\u0103zi. Prin urmare, este urgent s\u0103 ne asum\u0103m responsabilitatea de a\nredefini institu\u021biile noastre, de a le pune \u00een slujba popoarelor pe care le\nreprezent\u0103m. UIP este determinat\u0103 s\u0103 consolideze diploma\u021bia parlamentar\u0103 ca\nprincipalul motor al dialogului politic pentru pace \u0219i dezvoltare \u0219i s\u0103\ncontribuie astfel la consolidarea democra\u021biei \u00een \u00eentreaga lume. Democra\u021bia\npoate func\u021biona doar dac\u0103 parlamentele sunt eficiente, dinamice, transparente\n\u0219i angajate s\u0103 sporeasc\u0103 bun\u0103starea tuturor, \u00een special a femeilor \u0219i a\ntinerilor. Iat\u0103 de ce UIP, la 130 de ani de la crearea sa, este, mai mult dec\u00e2t\noric\u00e2nd, indispensabil\u0103\u201d.<\/p>\n\n\n\n<p>La r\u00e2ndul s\u0103u, secretarul general al UIP, dl Martin Chungong, sublinia c\u0103: \u201dUIP a rezistat la testul timpului, continu\u00e2nd s\u0103 se extind\u0103 constant de-a lungul a 13 decenii \u0219i s\u0103 se adapteze la provoc\u0103rile globale. \u00cens\u0103, de\u0219i ne-am extins, nu am pierdut niciodat\u0103 din vedere principiile fondatorilor no\u0219tri &#8211; importan\u021ba unui forum deschis pentru dialog parlamentar \u0219i diploma\u021bie, care ajut\u0103 la solu\u021bionarea diferendelor \u0219i la construirea de pun\u021bi de leg\u0103tur\u0103 \u00eentre na\u021biuni\u201d.<\/p>\n\n\n\n<p>\u00cen calitate de membru al UIP\n\u00eenc\u0103 din anul 1891, forul legislativ rom\u00e2n a avut, de-a lungul timpului, o\ncontribu\u021bie semnificativ\u0103 la promovarea obiectivelor UIP \u0219i la afirmarea\nvoca\u021biei universale a organiza\u021biei. Prin \u00eentreaga sa <a href=\"https:\/\/www.senat.ro\/ORGANIZATII\/426da62e-e87b-4aeb-ba6f-029b6f607426\/Activitati%202016-2020.htm\">activitate<\/a>, Grupul Rom\u00e2n al Uniunii\nInterparlamentare a adus \u00een prim plan diploma\u0163ia parlamentar\u0103 ca dimensiune\nesen\u0163ial\u0103 a cooper\u0103rii interna\u0163ionale \u015fi instrument-cheie \u00een construirea unor\nparlamente eficace \u0219i transparente, care s\u0103 se bucure de \u00eencrederea\ncet\u0103\u021benilor. <\/p>\n\n\n\n<p>Cea de-a 130-a aniversare a UIP ofer\u0103 parlamentarilor din \u021b\u0103rile\nmembre un nou prilej de a pleda pentru cooperare parlamentar\u0103 \u0219i pentru\nparlamente solide, puternic angajate \u00een solu\u021bionarea problemelor lumii\ncontemporane. <\/p>\n\n\n\n<p>Manifest\u0103rile ocazionate de celebrarea celei de-a 130-a anivers\u0103ri a UIP pot fi urm\u0103rite pe pagina de <a href=\"https:\/\/www.ipu.org\/members-events-ipus-130th-anniversary\">web<\/a> a organiza\u021biei.<\/p>\n","protected":false},"excerpt":{"rendered":"<p>La 30 iunie 2019, cu ocazia Zilei Interna\u021bionale a Parlamentarismului, Uniunea Interparlamentar\u0103 (UIP) a marcat&nbsp; cea de-a 130-a aniversare. Fondat\u0103 \u00een anul 1889 de un grup de parlamentari care militau pentru promovarea p\u0103cii prin intermediul diploma\u021biei \u0219i dialogului parlamentar, UIP a devenit ast\u0103zi organiza\u021bia mondial\u0103 a parlamentelor na\u021bionale. \u00cen prezent, UIP reune\u0219te 179 de parlamente, [&hellip;]<\/p>\n","protected":false},"author":2,"featured_media":0,"comment_status":"closed","ping_status":"open","sticky":false,"template":"","format":"standard","meta":{"ngg_post_thumbnail":0,"footnotes":""},"categories":[5,2],"tags":[],"class_list":["post-708","post","type-post","status-publish","format-standard","hentry","category-evenimente","category-repere"],"_links":{"self":[{"href":"https:\/\/sites.senat.ro\/index.php?rest_route=\/wp\/v2\/posts\/708","targetHints":{"allow":["GET"]}}],"collection":[{"href":"https:\/\/sites.senat.ro\/index.php?rest_route=\/wp\/v2\/posts"}],"about":[{"href":"https:\/\/sites.senat.ro\/index.php?rest_route=\/wp\/v2\/types\/post"}],"author":[{"embeddable":true,"href":"https:\/\/sites.senat.ro\/index.php?rest_route=\/wp\/v2\/users\/2"}],"replies":[{"embeddable":true,"href":"https:\/\/sites.senat.ro\/index.php?rest_route=%2Fwp%2Fv2%2Fcomments&post=708"}],"version-history":[{"count":0,"href":"https:\/\/sites.senat.ro\/index.php?rest_route=\/wp\/v2\/posts\/708\/revisions"}],"wp:attachment":[{"href":"https:\/\/sites.senat.ro\/index.php?rest_route=%2Fwp%2Fv2%2Fmedia&parent=708"}],"wp:term":[{"taxonomy":"category","embeddable":true,"href":"https:\/\/sites.senat.ro\/index.php?rest_route=%2Fwp%2Fv2%2Fcategories&post=708"},{"taxonomy":"post_tag","embeddable":true,"href":"https:\/\/sites.senat.ro\/index.php?rest_route=%2Fwp%2Fv2%2Ftags&post=708"}],"curies":[{"name":"wp","href":"https:\/\/api.w.org\/{rel}","templated":true}]}}