{"id":690,"date":"2019-07-05T11:01:06","date_gmt":"2019-07-05T11:01:06","guid":{"rendered":"http:\/\/sites.senat.ro\/?p=690"},"modified":"2019-12-19T09:52:17","modified_gmt":"2019-12-19T09:52:17","slug":"cea-de-a-140-a-adunare-a-uip-si-reuniunile-asociate-doha-5-10-aprilie-2019","status":"publish","type":"post","link":"https:\/\/sites.senat.ro\/?p=690","title":{"rendered":"Cea de-a 140-a Adunare a UIP \u0219i reuniunile asociate (Doha, 5-10 aprilie 2019)"},"content":{"rendered":"\n<p>La sesiune au participat delega\u021bii parlamentare din 147 de \u021b\u0103ri, reprezentan\u021bi ai adun\u0103rilor parlamentare cu statut de membru asociat sau de observator, ai programelor \u0219i agen\u021biilor din sistemul ONU, ai altor organiza\u021bii interna\u021bionale, guvernamentale \u0219i neguvernamentale. Programul a inclus dezbateri \u00een plenul Adun\u0103rii, reuniuni ale organelor directoare \u0219i specializate, \u00eent\u00e2lniri ale grupurilor geopolitice, paneluri tematice \u0219.a.<\/p>\n\n\n\n<p>Din delega\u021bia Parlamentului Rom\u00e2niei, condus\u0103 de dl senator Ioan Stan, pre\u0219edintele GRUI, au f\u0103cut parte: dl senator Mario-Ovidiu Oprea \u0219i dna deputat Bianca-Miruna Gavrili\u021b\u0103, membri ai Comitetului Director al GRUI, dna senator Silvia-Monica Dinic\u0103, dnii senatori Nicolae Marin \u0219i \u0218erban Nicolae \u0219i dnii deputa\u021bi Radu Babu\u0219 \u0219i Gavril\u0103 Ghilea, membri ai GRUI. <\/p>\n\n\n\n<figure class=\"wp-block-image is-resized\"><img loading=\"lazy\" decoding=\"async\" src=\"https:\/\/sites.senat.ro\/wp-content\/uploads\/sites\/2\/2019\/07\/Foto_grup_140Adunare-1024x768.jpg\" alt=\"\" class=\"wp-image-809\" width=\"592\" height=\"444\" srcset=\"https:\/\/sites.senat.ro\/wp-content\/uploads\/2019\/07\/Foto_grup_140Adunare.jpg 1024w, https:\/\/sites.senat.ro\/wp-content\/uploads\/2019\/07\/Foto_grup_140Adunare-300x225.jpg 300w, https:\/\/sites.senat.ro\/wp-content\/uploads\/2019\/07\/Foto_grup_140Adunare-768x576.jpg 768w, https:\/\/sites.senat.ro\/wp-content\/uploads\/2019\/07\/Foto_grup_140Adunare-732x549.jpg 732w\" sizes=\"auto, (max-width: 592px) 100vw, 592px\" \/><\/figure>\n\n\n\n<p><strong>Consiliul Director<\/strong>, la lucr\u0103rile c\u0103ruia au participat dnii\nsenatori Ioan Stan \u0219i Mario-Ovidiu Oprea \u0219i dna deputat Bianca-Miruna Gavrili\u021b\u0103,\na examinat \u0219i, dup\u0103 caz, a aprobat rapoartele de activitate ale pre\u0219edintelui\n\u0219i secretarului general ai UIP; rapoartele organelor specializate ale UIP cu\nprivire la activit\u0103\u021bile desf\u0103\u0219urate pe parcursul sesiunii; calendarul\nreuniunilor viitoare ale UIP; rezultatele financiare din 2018. <\/p>\n\n\n\n<div class=\"wp-block-image\"><figure class=\"alignleft is-resized\"><img loading=\"lazy\" decoding=\"async\" src=\"https:\/\/sites.senat.ro\/wp-content\/uploads\/sites\/2\/2019\/07\/Foto-Dinica_Consiliu.jpg\" alt=\"\" class=\"wp-image-811\" width=\"275\" height=\"207\" srcset=\"https:\/\/sites.senat.ro\/wp-content\/uploads\/2019\/07\/Foto-Dinica_Consiliu.jpg 640w, https:\/\/sites.senat.ro\/wp-content\/uploads\/2019\/07\/Foto-Dinica_Consiliu-300x225.jpg 300w\" sizes=\"auto, (max-width: 275px) 100vw, 275px\" \/><\/figure><\/div>\n\n\n\n<p>\u00cen cadrul segmentului dedicat celor mai\nrecente reuniuni specializate ale UIP, dna senator Silvia-Monica Dinic\u0103 a fost\ninvitat\u0103 s\u0103 prezinte rezultatele <em>Reuniunii\nparlamentare cu ocazia Forumului Mondial al Investi\u021biilor 2018 <\/em>(22\noctombrie 2018). Dna senator a ar\u0103tat c\u0103: forumul reprezint\u0103 o platform\u0103\nglobal\u0103 pentru investi\u021bii \u0219i dezvoltare sub egida UNCTAD; tema edi\u021biei de anul\ntrecut s-a intitulat <em>Investi\u021biile \u00een\ndezvoltarea durabil\u0103<\/em>; la eveniment au participat peste 6.000 de delega\u021bi\ndin 160 de \u021b\u0103ri; \u00een cadrul reuniunii parlamentare, s-a pus accentul pe\nfinan\u021barea Agendei 2030 pentru Dezvoltare Durabil\u0103 \u0219i, \u00een particular, pe\ncontribu\u021bia parlamentarilor la asigurarea resurselor necesare realiz\u0103rii ODD \u00een\n\u021b\u0103rile lor, \u00een baza atribu\u021biilor legislative, de control \u0219i bugetare; \u00een acest\ncontext, s-a discutat despre exercitarea rolului de leadership pentru\nmobilizarea resurselor publice \u00een sprijinul ODD, despre investi\u021biile \u00een\nsectorul privat, ca factor esen\u021bial \u00een realizarea ODD, \u0219i despre modalit\u0103\u021bile\nde promovare a unor bugete na\u021bionale orientate c\u0103tre rezultate, fundamentate pe\ndate concrete \u0219i pe nevoile reale ale oamenilor. <\/p>\n\n\n\n<p>Consiliul&nbsp;a validat dou\u0103 declara\u021bii ale pre\u0219edintelui UIP, respectiv: <a href=\"https:\/\/www.ipu.org\/sites\/default\/files\/documents\/presidential_statement-golanheights-ns-178-e.pdf\"><em>Declara\u021bia preziden\u021bial\u0103 privind \u00cen\u0103l\u021bimile Golan<\/em><\/a>, care reafirm\u0103 ata\u0219amentul organiza\u021biei fa\u021b\u0103 de valorile p\u0103cii \u0219i nerecurgerii la for\u021b\u0103 \u00een rela\u021biile interna\u021bionale; face apel la toate p\u0103r\u021bile implicate \u00een conflictul din Orientul Mijlociu s\u0103 se ab\u021bin\u0103 de la orice ac\u021biune unilateral\u0103 de natur\u0103 s\u0103 exacerbeze situa\u021bia; solicit\u0103 o implicare sporit\u0103 a parlamentarilor \u00een promovarea p\u0103cii prin intermediul unui dialog autentic; <a href=\"https:\/\/www.ipu.org\/sites\/default\/files\/documents\/presidential_statement-parldiplomacy-ns_134-e.pdf\"><em>Declara\u021bia preziden\u021bial\u0103 privind diploma\u021bia parlamentar\u0103<\/em><\/a><em>,<\/em> care subliniaz\u0103 c\u0103: diploma\u021bia parlamentar\u0103, ca element esen\u021bial al cooper\u0103rii interna\u021bionale, contribuie, cu o perspectiv\u0103 parlamentar\u0103, la guvernan\u021ba mondial\u0103 \u0219i la eforturile de promovare a p\u0103cii; sanc\u021biunile politice \u00eempotriva parlamentarilor, ca reprezentan\u021bi legitimi ai popoarelor, este inacceptabil\u0103; to\u021bi membrii parlamentelor care fac parte din UIP trebuie s\u0103 aib\u0103 posibilitatea de a participa, f\u0103r\u0103 restric\u021bii sau sanc\u021biuni, la activit\u0103\u021bile UIP \u0219i la reuniunile celorlalte foruri interparlamentare. <\/p>\n\n\n\n<p><strong>Adunarea<\/strong> s-a reunit \u00een\nintervalul 7-10 aprilie, sub pre\u0219edin\u021bia dlui Ahmed bin Abdullah bin Zaid Al-Mahmoud, pre\u0219edintele Consiliului\nConsultativ din Statul Qatar. <em><\/em><\/p>\n\n\n\n<p>Tema dezbaterii generale din plenul Adun\u0103rii s-a intitulat <em>Parlamentele, vectori ai consolid\u0103rii educa\u021biei \u00een sprijinul p\u0103cii, securit\u0103\u021bii \u0219i statului de drept. <\/em><\/p>\n\n\n\n<div class=\"wp-block-image\"><figure class=\"alignleft is-resized\"><img loading=\"lazy\" decoding=\"async\" src=\"https:\/\/sites.senat.ro\/wp-content\/uploads\/sites\/2\/2019\/07\/Foto_Gavrilita_dezbatere_generala-576x1024.jpg\" alt=\"\" class=\"wp-image-812\" width=\"227\" height=\"403\" srcset=\"https:\/\/sites.senat.ro\/wp-content\/uploads\/2019\/07\/Foto_Gavrilita_dezbatere_generala-576x1024.jpg 576w, https:\/\/sites.senat.ro\/wp-content\/uploads\/2019\/07\/Foto_Gavrilita_dezbatere_generala-169x300.jpg 169w, https:\/\/sites.senat.ro\/wp-content\/uploads\/2019\/07\/Foto_Gavrilita_dezbatere_generala-768x1365.jpg 768w, https:\/\/sites.senat.ro\/wp-content\/uploads\/2019\/07\/Foto_Gavrilita_dezbatere_generala-732x1301.jpg 732w, https:\/\/sites.senat.ro\/wp-content\/uploads\/2019\/07\/Foto_Gavrilita_dezbatere_generala.jpg 900w\" sizes=\"auto, (max-width: 227px) 100vw, 227px\" \/><\/figure><\/div>\n\n\n\n<p>\u00cen discursul s\u0103u, dna deputat Bianca-Miruna Gavrili\u021b\u0103 a subliniat c\u0103 parlamentele joac\u0103 un rol-cheie \u00een societate, ca promotori ai educa\u021biei \u0219i protec\u021biei sociale, ai incluziunii \u0219i egalit\u0103\u021bii de gen, fiind \u00eens\u0103 necesar\u0103 continua adaptare a acestor institu\u021bii, pentru a \u021bine pasul cu dezvoltarea noilor tehnologii ale informa\u021biei \u0219i comunica\u021biilor \u0219i cu evolu\u021bia mijloacelor de comunicare; astfel, principala provocare \u00een adaptarea sistemelor de educa\u021bie din societ\u0103\u021bile moderne este decalajul dintre viteza cu care evolueaz\u0103 societ\u0103\u021bile predominat digitale \u0219i cea cu care o propunere legislativ\u0103 parcurge etapele procedurale pentru a intra \u00een vigoare \u0219i ajunge s\u0103 fie aplicat\u0103 efectiv; solu\u021bia o reprezint\u0103 utilizarea c\u00e2t mai eficient\u0103 a tehnologiilor \u00een parlament, astfel \u00eenc\u00e2t legiuitorul s\u0103 fie \u00een m\u0103sur\u0103 s\u0103 ofere un r\u0103spuns rapid la problemele stringente ale societ\u0103\u021bii. Dna deputat s-a referit \u0219i la m\u0103surile prin care Rom\u00e2nia a reu\u0219it s\u0103 fac\u0103 pa\u0219i importan\u021bi pentru transpunerea \u00een \u00eentregime a aquis-ul comunitar \u0219i pentru combaterea discrimin\u0103rii, inclusiv cea pe criterii de sex. A men\u021bionat, totodat\u0103, c\u0103 parlamentul, prin toate ac\u021biunile \u00eentreprinse, a avut \u00een vedere necesit\u0103\u021bile specifice fiec\u0103rei categorii sociale \u0219i, \u00een mod special, nevoia de a oferi c\u00e2t mai multe \u0219anse de reu\u0219it\u0103 noii genera\u021bii prin educa\u021bie, ca o condi\u021bie fundamental\u0103 pentru progresul societ\u0103\u021bii \u0219i al lumii \u00een care tr\u0103im.<\/p>\n\n\n\n<p>\u00cen ultima zi a sesiunii, Adunarea a validat <a href=\"https:\/\/www.ipu.org\/sites\/default\/files\/documents\/item-3-doha_declaration-e-revbs.pdf\"><em>Declara\u021bia de la Doha<\/em><\/a>, care sintetizeaz\u0103 principalele concluzii ale dezbaterii generale, eviden\u021biind angajamentul membrilor UIP de a-\u0219i exercita prerogativele legislative, de control \u0219i bugetare pentru a sus\u021bine Obiectivul 4 al Dezvolt\u0103rii Durabile-<em>Educa\u021bie de calitate<\/em>. Declara\u021bia con\u021bine recomand\u0103ri de ac\u021biune parlamentar\u0103 pentru: asigurarea unui acces echitabil la educa\u021bie de calitate pentru to\u021bi; promovarea unei implic\u0103ri civice productive prin intermediul <em>Educa\u021biei pentru cet\u0103\u021benie global\u0103<\/em>; sus\u021binerea educa\u021biei non-formale; protejarea sistemelor de educa\u021bie \u00een situa\u021bii de conflict sau de insecuritate. <\/p>\n\n\n\n<p>Totodat\u0103, Adunarea a adoptat:<\/p>\n\n\n\n<ul style=\"text-align:justify\"><li><a href=\"https:\/\/www.ipu.org\/sites\/default\/files\/documents\/item_4-resolution-first-committee.ns_.pdf\">rezolu\u021bia<\/a> <em>Caracterul inadmisibil al\nfolosirii mercenarilor \u0219i lupt\u0103torilor str\u0103ini ca mijloace de subminare a\np\u0103cii, securit\u0103\u021bii interna\u021bionale \u0219i integrit\u0103\u021bii teritoriale a statelor \u0219i de\n\u00eenc\u0103lcare a drepturilor omului<\/em>, elaborat\u0103 de Comisia\npentru pace \u0219i securitate interna\u021bional\u0103, care recomand\u0103, \u00eentre altele:\nadoptarea de m\u0103suri legislative care s\u0103 previn\u0103 participarea cet\u0103\u021benilor lor la\nrecrutarea, finan\u021barea, instruirea, protec\u021bia sau tranzitul mercenarilor \u0219i\nlupt\u0103torilor str\u0103ini, la \u00eenc\u0103lc\u0103ri ale drepturilor omului \u0219i &nbsp;dreptului interna\u021bional umanitar, la\nactivit\u0103\u021bi de destabilizare a situa\u021biei dintr-un stat sau de compromitere a\nintegrit\u0103\u021bii teritoriale a statelor, precum \u0219i adoptarea legisla\u021biei necesare\npentru pedepsirea acestor acte; mecanisme de reglementare pentru \u00eenregistrarea\nactivit\u0103\u021bilor care au ca scop angajarea fo\u0219tilor militari sau a membrilor\nactivi ai for\u021belor armate afla\u021bi \u00een permisie, \u00een scopul importului de asisten\u021b\u0103\nmilitar\u0103; aducerea \u00een fa\u021ba justi\u021biei a tuturor celor care, \u00een cadrul activit\u0103\u021bilor\nde mercenariat, \u00eencalc\u0103 drepturile omului \u0219i dreptul&nbsp; interna\u021bional umanitar;<\/li><li><a href=\"https:\/\/www.ipu.org\/sites\/default\/files\/documents\/item_5-resolution-second-committee-ns_0.pdf\">rezolu\u021bia<\/a> <em>Rolul comer\u021bului echitabil \u0219i\nal investi\u021biilor \u00een realizarea ODD, \u00eendeosebi \u00een ceea ce prive\u0219te egalitatea\neconomic\u0103, infrastructura, industrializarea \u0219i inovarea durabile, <\/em>elaborat\u0103 de Comisia UIP pentru dezvoltare durabil\u0103, finan\u021be \u0219i comer\u021b,\ncare include un num\u0103r important de recomand\u0103ri propuse de delega\u021bia rom\u00e2n\u0103, referitoare la: participarea\n\u00eentreprinderilor mici \u0219i mijlocii \u00een comer\u021bul interna\u021bional, diversificarea\nexporturilor; integrarea consumului \u0219i produc\u021biei durabile \u0219i a aspectelor de\nmediu \u00een politicile \u0219i legisla\u021bia&nbsp; \u00een\nmaterie, dezvoltarea comer\u021bului \u0219i investi\u021biilor \u00een domeniul energiei\nregenerabile. Documentul reafirm\u0103 importan\u021ba abord\u0103rii reglementate,\ntransparente, echitabile \u0219i nediscriminatorii a comer\u021bului \u0219i investi\u021biilor, \u00een\nspiritul Agendei 2030 pentru Dezvoltare Durabil\u0103, \u0219i recomand\u0103, \u00eentre altele:\nsu\u021binerea Cadrului Integrat Consolidat, care asigur\u0103 parteneriatul \u00eentre \u021b\u0103rile\ncel mai pu\u021bin dezvoltate, agen\u021biile interna\u021bionale, donatori \u0219i PNUD;\nfinan\u021barea Ajutorului pentru comer\u021b \u0219i utilizarea acestui instrument pentru o\ndezvoltare real\u0103, efectiv\u0103, a \u021b\u0103rilor \u00een curs de dezvoltare; includerea, \u00een\nacordurile comerciale, a standardelor referitoare la conduita responsabil\u0103 a\n\u00eentreprinderilor, \u00een special cele privind drepturile lucr\u0103torilor, s\u0103n\u0103tatea \u0219i\nsecuritatea la locul de munc\u0103, precum \u0219i a standardelor referitoare la\nprotec\u021bia mediului \u0219i combaterea efectelor schimb\u0103rilor climatice; eliminarea\nsubreprezent\u0103rii femeilor \u00een sectorul economic; revizuirea periodic\u0103 a\nacordurilor comerciale \u0219i de investi\u021bii; dezvoltarea infrastructurii \u0219i\ntehnologiilor digitale \u00een scopul valorific\u0103rii oportunit\u0103\u021bilor comerciale \u0219i de\ninvesti\u021bii \u00een \u021b\u0103rile \u00een curs de dezvoltare; asigurarea unor sisteme financiare\nsolide \u00een toate \u021b\u0103rile, ca premis\u0103 important\u0103 pentru asigurarea eficien\u021bei \u0219i\neficacit\u0103\u021bii industrializ\u0103rii, a inova\u021biei, \u0219i a unor infrastructuri durabile;<\/li><li><a href=\"https:\/\/www.ipu.org\/sites\/default\/files\/documents\/item-9-emergency-item-revbs.pdf\">rezolu\u021bia<\/a> <em>Apel la ac\u021biune interna\u021bional\u0103\nurgent\u0103 de sprijin pentru Mozambic, Malawi \u0219i Zimbabwe, lovite de ciclonul Idai<\/em> (punct de urgen\u021b\u0103), prin care membrii UIP \u00ee\u0219i exprim\u0103 profunda\n\u00eengrijorare fa\u021b\u0103 de catastrofa umanitar\u0103 cu care se confrunt\u0103 cele trei \u021b\u0103ri\ncare se num\u0103r\u0103 printre cele mai s\u0103race din lume \u0219i sunt deja puternic afectate\nde efectele schimb\u0103rilor climatice. Documentul: invit\u0103 parlamentarii s\u0103 se\nasigure c\u0103 guvernele lor r\u0103spund apelurilor ONU, contribuind cu resurse umane\n\u0219i financiare \u00een sprijinul respectivelor state; face apel la comunitatea\ninterna\u021bional\u0103 s\u0103 investeasc\u0103 \u00een programe care asigur\u0103 o dezvoltare rezilient\u0103\nla schimb\u0103rile climatice \u0219i mijloace de subzisten\u021b\u0103 pentru popula\u021bia din zonele\ncele mai expuse; solicit\u0103 mobilizarea\neforturilor umanitare pentru a sprijini femeile, copiii, persoanele cu handicap\n\u0219i v\u00e2rstnicii din zonele inundate \u0219i f\u0103r\u0103 ap\u0103 potabil\u0103, acord\u00e2nd o aten\u021bie\nspecial\u0103 grupurilor vulnerabile; face apel la parlamente \u0219i guverne s\u0103 combat\u0103\n\u00eenc\u0103lzirea climatic\u0103, s\u0103 promoveze un mod de via\u021b\u0103 mai durabil \u0219i s\u0103 fac\u0103\neforturi sporite pentru realizarea obiectivelor Acordului de la Paris.&nbsp; <\/li><\/ul>\n\n\n\n<p>Au fost, de asemenea, aprobate temele \u0219i raportorii urm\u0103toarelor\nrezolu\u021bii care vor fi elaborate de dou\u0103 dintre comisiile permanente, astfel:<\/p>\n\n\n\n<p>&#8211; Comisia pentru pace \u0219i securitate interna\u021bional\u0103 va\nexamina tema <em>Strategii parlamentare pentru\nconsolidarea p\u0103cii \u0219i securit\u0103\u021bii \u00een contextul amenin\u021b\u0103rilor \u0219i conflictelor\ncare au drept cauz\u0103 catastrofele determinate de schimb\u0103rile climatice <\/em>(propus\u0103\nde Germania);<\/p>\n\n\n\n<p>&#8211; Comisia pentru dezvoltare durabil\u0103, finan\u021be \u0219i comer\u021b\nva examina tema <em>Promovarea digitaliz\u0103rii\n\u0219i economiei circulare pentru realizarea ODD, cu prec\u0103dere consumul \u0219i\nproduc\u021bia responsabile<\/em>, propus\u0103 de delega\u021bia rom\u00e2n\u0103, \u00een colaborare cu cea\nbelgian\u0103. Dna senator Silvia-Monica Dinic\u0103 a fost desemnat\u0103 co-raportor pentru\naceast\u0103 rezolu\u021bie, \u00eempreun\u0103 cu al\u021bi doi parlamentari din Belgia, respectiv\nKenya.<\/p>\n\n\n\n<div class=\"wp-block-image\"><figure class=\"alignleft is-resized\"><img loading=\"lazy\" decoding=\"async\" src=\"https:\/\/sites.senat.ro\/wp-content\/uploads\/sites\/2\/2019\/07\/Foto_Com_pace-1.jpg\" alt=\"\" class=\"wp-image-817\" width=\"147\" height=\"195\" srcset=\"https:\/\/sites.senat.ro\/wp-content\/uploads\/2019\/07\/Foto_Com_pace-1.jpg 576w, https:\/\/sites.senat.ro\/wp-content\/uploads\/2019\/07\/Foto_Com_pace-1-225x300.jpg 225w\" sizes=\"auto, (max-width: 147px) 100vw, 147px\" \/><\/figure><\/div>\n\n\n\n<p><strong>Comisia pentru pace \u0219i securitate interna\u021bional\u0103<\/strong>&nbsp; s-a reunit sub pre\u0219edin\u021bia lui Jos\u00e9 Ignacio Echaniz (Spania), pentru a dezbate \u0219i finaliza redactarea proiectului de rezolu\u021bie (co-raportori: Khaled Al Bakkar, Iordania \u0219i Borys Tarasyuk, Ucraina) privind folosirea mercenarilor ca mijloc de <em>subminare a p\u0103cii \u0219i de \u00eenc\u0103lcare a drepturilor omului. <\/em>La lucr\u0103ri au participat dl senator \u0218erban Nicolae \u0219i dl deputat Radu Babu\u0219. <\/p>\n\n\n\n<p>La lucr\u0103rile <strong>Comisiei pentru dezvoltare durabil\u0103, finan\u021be \u0219i comer\u021b<\/strong>, prezidate de Veronica Tsitsi Muzenda (Zimbabwe), au participat dna senator Silvia-Monica Dinic\u0103, membr\u0103 a Biroului comisiei, \u0219i dl deputat G\u0103vril\u0103 Ghilea. <\/p>\n\n\n\n<div class=\"wp-block-image\"><figure class=\"alignleft is-resized\"><img loading=\"lazy\" decoding=\"async\" src=\"https:\/\/sites.senat.ro\/wp-content\/uploads\/sites\/2\/2019\/07\/Foto_Com_dezv_durabila-1024x576.jpg\" alt=\"\" class=\"wp-image-813\" width=\"333\" height=\"186\" srcset=\"https:\/\/sites.senat.ro\/wp-content\/uploads\/2019\/07\/Foto_Com_dezv_durabila-1024x576.jpg 1024w, https:\/\/sites.senat.ro\/wp-content\/uploads\/2019\/07\/Foto_Com_dezv_durabila-300x169.jpg 300w, https:\/\/sites.senat.ro\/wp-content\/uploads\/2019\/07\/Foto_Com_dezv_durabila-768x432.jpg 768w, https:\/\/sites.senat.ro\/wp-content\/uploads\/2019\/07\/Foto_Com_dezv_durabila-732x412.jpg 732w, https:\/\/sites.senat.ro\/wp-content\/uploads\/2019\/07\/Foto_Com_dezv_durabila-1140x641.jpg 1140w, https:\/\/sites.senat.ro\/wp-content\/uploads\/2019\/07\/Foto_Com_dezv_durabila.jpg 1600w\" sizes=\"auto, (max-width: 333px) 100vw, 333px\" \/><\/figure><\/div>\n\n\n\n<p>Participan\u021bii au discutat \u0219i finalizat\nproiectul de rezolu\u021bie privind <em>rolul\ncomer\u021bului echitabil \u0219i al investi\u021biilor \u00een realizarea ODD<\/em>. Recomand\u0103rile\npropuse de GRUI \u0219i preluate \u00een rezolu\u021bia final\u0103, au vizat, \u00een principal:\nintegrarea consumului \u0219i dezvolt\u0103rii durabile \u00een legisla\u021bia, politicile \u0219i\nreglementarile referitoare la comer\u021b \u0219i investi\u021bii; includerea, \u00een politicile\ncomerciale interna\u021bionale, a aspectelor referitoare la protec\u021bia mediului \u0219i\nschimb\u0103rile climatice, cu accent pe facilitarea accesului pe pia\u021b\u0103 pentru\nprodusele \u0219i serviciile ecologice; identificarea \u0219i eliminarea barierelor\ncomerciale \u0219i a factorilor care limiteaz\u0103 investi\u021biile \u00een energie regenerabil\u0103;\nsus\u021binerea, prin legisla\u021bie \u0219i politici adecvate, a factorilor care favorizeaz\u0103\ndiversificarea exporturilor, aceasta av\u00e2nd un rol esen\u021bial \u00een transformarea\neconomiilor \u0219i realizarea ODD, \u00eendeosebi \u00een \u021b\u0103rile cel mai pu\u021bin dezvoltate; \u00een\nacest scop, parlamentele trebuie s\u0103 aib\u0103 \u00een aten\u021bie dezvoltarea capacit\u0103\u021bilor\nproductive, cre\u0219terea ponderii valorii ad\u0103ugate manufacturiere \u0219i diversificarea\nstructurii produc\u021biei interne, dezvoltarea infrastructurii de transporturi,\ncomunica\u021bii \u0219i energie, cu prec\u0103dere energie regenerabil\u0103.<\/p>\n\n\n\n<p>Totodat\u0103, Comisia a aprobat \u00een unanimitate re\u00eennoirea\nmandatului dnei senator Silvia-Monica Dinic\u0103 \u00een func\u021bia de membru al Biroului comisiei.\n<\/p>\n\n\n\n<p>La reuniunea Biroului Comisiei pentru\ndezvoltare durabil\u0103, finan\u021be \u0219i comer\u021b, din ziua de 9 aprilie, dl senator\nMario-Ovidiu Oprea a prezentat tema propus\u0103 de GRUI pentru viitoarea rezolu\u021bie\na comisiei &#8211; <em>Tranzi\u021bia c\u0103tre consumul \u0219i\nproduc\u021bia responsabile-rolul parlamentelor \u00een promovarea economiei circulare,\nmodelelor inovative de afaceri \u0219i educa\u021biei pentru dezvoltare durabil\u0103<\/em>,\npreciz\u00e2nd c\u0103:<\/p>\n\n\n\n<ul style=\"text-align:justify\"><li>\u00een vederea implement\u0103rii, dup\u0103 conferin\u021ba Rio+20, din\n2012, a Cadrului decenal al ONU de programe pentru moduri durabile de consum \u0219i\nproduc\u021bie, devenit ulterior parte integrant\u0103 a Agendei 2030 pentru Dezvoltare\nDurabil\u0103, majoritatea statelor lumii au adoptat politici \u0219i ini\u021biative\nna\u021bionale destinate decupl\u0103rii cre\u0219terii economice de degradarea mediului; <\/li><li>progresele \u00een realizarea ODD 12-<em>Un consum \u0219i o produc\u021bie responsabile<\/em> au fost analizate la edi\u021bia\n2018 a Forumului politc la nivel \u00eenalt al ONU privind dezvoltarea durabil\u0103,\nceea ce a permis conturarea unei imagini cuprinz\u0103toare asupra abord\u0103rilor\nna\u021bionale, a obstacolelor \u00eent\u00e2mpinate, a interconexiunilor acestui obiectiv cu\ncelelalte ODD;<\/li><li>priorit\u0103\u021bile \u0219i direc\u021biile de ac\u021biune identificate de Forum\n&#8211; \u00eentre care, integrarea principiului consumului \u0219i produc\u021biei durabile \u00een\nlegisla\u021bia \u0219i politicile cu relevan\u021b\u0103 pentru dezvoltarea durabil\u0103; promovarea\nresponsabilit\u0103\u021bii sociale corporatiste, a achizi\u021biilor de produse \u0219i servicii\necologice, a economiei circulare, a educa\u021biei pentru un consum \u0219i o produc\u021bie\nresponsabile, a unor modele de cre\u0219tere noi, care includ \u0219i criterii din sfera\nbun\u0103st\u0103rii umane &#8211; confirm\u0103 c\u0103 parlamentele au un rol esen\u021bial \u00een implementarea\nODD 12. <\/li><\/ul>\n\n\n\n<p>La recomandarea membrilor Biroului, \u00een\npropunerea GRUI a fost integrat\u0103 tema digitaliz\u0103rii, propus\u0103 de delega\u021bia\nbelgian\u0103. <\/p>\n\n\n\n<p>Cu ocazia schimbului de informa\u021bii privind activitatea statelor membre \u00een domeniul dezvolt\u0103rii durabile, dna senator Silvia-Monica Dinic\u0103, membr\u0103 a Biroului: a subliniat preocuparea Rom\u00e2niei, \u00een cadrul mandatului la Pre\u0219edin\u021bia Consiliului UE, de consolidare a rolului tinerilor ca vectori ai dezvolt\u0103rii durabile; a men\u021bionat c\u0103 Senatul Rom\u00e2niei a g\u0103zduit recent la Bucure\u0219ti, sub egida aceleia\u0219i pre\u0219edin\u021bii, sesiunea Adun\u0103rii Parlamentare Paritare Africa-Caraibe-Pacific \u2013 Uniunea European\u0103, \u00een cadrul c\u0103reia parlamentari din \u021b\u0103rile participante la Acordul Cotonou \u0219i europarlamentari au abordat teme de maxim\u0103 relevan\u021b\u0103 \u00een raport cu ODD, precum schimb\u0103rile climatice, infrac\u021biunile de mediu, accesul la educa\u021bie, energiile regenerabile; referindu-se la evolu\u021biile legislative interne, a informat despre adoptarea, de c\u0103tre Parlamentul Rom\u00e2niei, a Legii Muntelui, care are ca scop asigurarea cadrului legal pentru protec\u021bia \u0219i dezvoltarea durabil\u0103 a zonelor muntoase din Rom\u00e2nia, prin valorificarea eficient\u0103 a resurselor naturale, asigurarea stabilit\u0103\u021bii popula\u021biei \u0219i p\u0103strarea identi\u0103\u021bii sale culturale \u0219i printr-o dezvoltare economic\u0103 care respect\u0103 mediul \u0219i echilibrul ecologic.<\/p>\n\n\n\n<div class=\"wp-block-image\"><figure class=\"alignleft is-resized\"><img loading=\"lazy\" decoding=\"async\" src=\"https:\/\/sites.senat.ro\/wp-content\/uploads\/sites\/2\/2019\/07\/Foto_Com_dr_omului-1024x768.jpg\" alt=\"\" class=\"wp-image-818\" width=\"290\" height=\"218\" srcset=\"https:\/\/sites.senat.ro\/wp-content\/uploads\/2019\/07\/Foto_Com_dr_omului.jpg 1024w, https:\/\/sites.senat.ro\/wp-content\/uploads\/2019\/07\/Foto_Com_dr_omului-300x225.jpg 300w, https:\/\/sites.senat.ro\/wp-content\/uploads\/2019\/07\/Foto_Com_dr_omului-768x576.jpg 768w, https:\/\/sites.senat.ro\/wp-content\/uploads\/2019\/07\/Foto_Com_dr_omului-732x549.jpg 732w\" sizes=\"auto, (max-width: 290px) 100vw, 290px\" \/><\/figure><\/div>\n\n\n\n<p>Dna deputat Bianca-Miruna Gavrili\u021b\u0103 \u0219i\ndl senator Nicolae Marin au participat la lucr\u0103rile <strong>Comisiei pentru democra\u021bie \u0219i drepturile omului<\/strong>, prezidate de Anicet\nNiyongabo (Burundi) \u0219i Arda Gerkens (Olanda), pre\u0219edintele \u0219i, respectiv, vicepre\u0219edintele\ncomisiei. <\/p>\n\n\n\n<p>Participan\u021bii au trecut \u00een revist\u0103 progresele realizate\nde parlamente \u00een aplicarea unor rezolu\u021bii recente ale UIP propuse de comisie,\nreferitoare la: <em>democra\u021bia \u00een era digital\u0103 \u0219i amenin\u021b\u0103rile la adresa vie\u021bii\nprivate \u0219i a libert\u0103\u021bii individuale<\/em> (2015); <em>folosirea media, inclusiv a\nre\u021belelor de socializare, pentru cre\u0219terea implic\u0103rii cet\u0103\u021benilor \u0219i consolidarea\ndemocra\u021biei<\/em> (2013); <em>libertatea de expresie \u0219i dreptul la informare<\/em>\n(2009). Programul a inclus \u0219i\naudierea unor exper\u021bi referitor la ac\u021biunile ce pot fi\n\u00eentreprinse de parlamente \u00een scopul combaterii dezinform\u0103rii \u0219i a <em>\u0219tirilor false<\/em>, fenomen global cu efecte\nsemnificative asupra politicilor na\u021bionale. <\/p>\n\n\n\n<p>Totodat\u0103, a fost dezb\u0103tut\u0103 tema <em>Realizarea acoperirii universale cu servicii\nde s\u0103n\u0103tate p\u00e2n\u0103 \u00een 2030 &#8211; rolul parlamentelor \u00een asigurarea dreptului la\ns\u0103n\u0103tate<\/em>, \u00een preg\u0103tirea unei viitoare rezolu\u021bii. Membrii comisiei au\neviden\u021biat importan\u021ba furniz\u0103rii unor servicii de s\u0103n\u0103tate centrate pe oameni,\ninclusiv pentru grupurile marginalizate \u0219i vulnerabile; au indicat, ca\npriorit\u0103\u021bi, s\u0103n\u0103tatea mamei, a nou-n\u0103scu\u021bilor \u0219i copiilor \u0219i s\u0103n\u0103tatea mintal\u0103,\ndar \u0219i preg\u0103tirea pentru gestionarea situa\u021biilor de urgen\u021b\u0103 sanitare \u0219i\numanitare; au subliniat c\u0103 acoperirea universal\u0103 de s\u0103n\u0103tate este str\u00e2ns legat\u0103\nde progresele realizate \u00een combaterea s\u0103r\u0103ciei \u0219i a degrad\u0103rii mediului \u0219i c\u0103\npresupune solidaritate \u0219i cooperare interna\u021bional\u0103, precum \u0219i exercitarea controlului,\nasumat\u0103 la nivel na\u021bional, asupra sistemelor \u0219i bugetelor de s\u0103n\u0103tate.<\/p>\n\n\n\n<p>La reuniunea <strong>Comisiei pentru Na\u021biunile Unite<\/strong>, prezidat\u0103 de Juan Carlos Romero (Argentina), a participat dl senator Mario-Ovidiu Oprea.&nbsp; <\/p>\n\n\n\n<div class=\"wp-block-image\"><figure class=\"alignleft is-resized\"><img loading=\"lazy\" decoding=\"async\" src=\"https:\/\/sites.senat.ro\/wp-content\/uploads\/sites\/2\/2019\/07\/Foto_MOOprea.jpg\" alt=\"\" class=\"wp-image-814\" width=\"297\" height=\"221\" \/><\/figure><\/div>\n\n\n\n<p>\u00cen preg\u0103tirea edi\u021biei 2019 a Forumului politic la nivel \u00eenalt al Na\u021biunilor Unite privind dezvoltarea durabil\u0103, comisia a organizat dou\u0103 dezbateri-panel referitoare la <em>implicarea parlamentelor \u00een realizarea ODD<\/em> \u0219i  <em>promovarea autonomiei cet\u0103\u021benilor \u0219i garantarea incluziunii \u0219i egalit\u0103\u021bii <\/em>(tema central\u0103 a Forumului)<em>. <\/em><\/p>\n\n\n\n<p>\u00cen cadrul primului panel, au\nfost prezentate rezultatele unui studiu recent al UIP, la care au participat 89\nde parlamente (inclusiv Parlamentul Rom\u00e2niei) \u0219i care relev\u0103 c\u0103: numai 50% dintre\nparlamente au adoptat m\u0103suri pentru institu\u021bionalizarea ODD (ex. structuri\nspecializate, mecanisme de coordonare, puncte focale); \u00een 43% din cazuri,\nproblematica ODD a fost integrat\u0103 \u00een activitatea comisiilor permanente; 42%\ndintre parlamente au participat \u00een mecanismele consultative na\u021bionale privind\nODD \u0219i 43% au fost implicate \u00een preg\u0103tirea Rapoartelor Voluntare Na\u021bionale;\njum\u0103tate din num\u0103rul total al parlamentarilor au participat la activit\u0103\u021bi de\nformare \u00een domeniul ODD; controlul parlamentar contribuie, \u00een numeroase cazuri,\nla alinierea legisla\u021biei \u0219i bugetelor cu planurile na\u021bionale privind ODD; \u00een\nabordarea problematicii ODD, lipsa datelor r\u0103m\u00e2ne una dintre principalele\nprovoc\u0103ri pentru majoritatea parlamentelor.&nbsp;&nbsp;&nbsp;\n<\/p>\n\n\n\n<p>Al doilea panel\ns-a axat pe implementarea ODD 10 &#8211; <em>Reducerea\ninegalit\u0103\u021bilor<\/em> \u0219i a ODD 16 &#8211; <em>Pace,\njusti\u021bie \u0219i institu\u021bii eficiente. <\/em>Participan\u021bii au subliniat c\u0103, de\u0219i\ndemocra\u021bia reprezentativ\u0103 se bucur\u0103 de o larg\u0103 sus\u021binere public\u0103, accentuarea\ninegalit\u0103\u021bilor \u00eei face pe oameni s\u0103 se \u00eendep\u0103rteze de guverne \u0219i s\u0103 fie\ndezam\u0103gi\u021bi de politic\u0103. Pentru cre\u0219terea oportunit\u0103\u021bilor economice \u0219i reducerea\ninechit\u0103\u021bilor este esen\u021bial\u0103 \u00eenlocuirea modelelor economice axate pe cre\u0219tere <em>per se<\/em> cu cele care au ca obiectiv\nbun\u0103starea uman\u0103 pentru to\u021bi. \u00cen acest scop, sunt necesare: investi\u021bii\nsubstan\u021biale \u00een bunuri publice precum serviciile de s\u0103n\u0103tate sau educa\u021bia;\npromovarea antreprenoriatului; realizarea egalit\u0103\u021bii de gen \u00een plan economic,\npolitic \u0219i social; reducerea decalajelor dintre \u021b\u0103ri, cu ajutorul cooper\u0103rii\npentru dezvoltare \u0219i al unor reguli noi \u00een materie de comer\u021b \u0219i investi\u021bii.<\/p>\n\n\n\n<p><strong>Forumul Femeilor Parlamentare<\/strong> s-a reunit sub\npre\u0219edin\u021bia dnei Reem Al Mansoori, membr\u0103 a Consiliului Consultativ din Qatar.\nLa lucr\u0103ri au participat femei \u0219i b\u0103rba\u021bi parlamentari din 71 de \u021b\u0103ri, al\u0103turi\nde reprezentan\u021bi ai unor organiza\u021bii interna\u021bionale. GRUI a fost reprezentat de\ndna senator Silvia-Monica Dinic\u0103 \u0219i dna deputat Bianca-Miruna Gavrili\u021b\u0103.<\/p>\n\n\n\n<p>\u00cen cadrul dezbaterii <em>Egalitatea \u00een munc\u0103<\/em> au fost eviden\u021biate provoc\u0103rile \u0219i obstacolele cu care se confrunt\u0103 femeile la locul de munc\u0103, dar \u0219i m\u0103surile ce pot fi adoptate pentru a le dep\u0103\u0219i. \u00cen acest context, s-a recomandat: combaterea stereotipurilor sexiste, prin educa\u021bie \u0219i activit\u0103\u021bi de sensibilizare la nivelul \u00eentregii societ\u0103\u021bi; asigurarea accesului femeilor \u00een toate sectoarele economiei, inclusiv \u00een func\u021bii de decizie; adoptarea unor politici \u00een domeniul muncii \u0219i al securit\u0103\u021bii sociale, care s\u0103 asigure protec\u021bia lucr\u0103toarelor din sectorul informal, inclusiv a femeilor migrante; recunoa\u0219terea muncii de \u00eengrijire, neremunerat\u0103, prestat\u0103, \u00een majoritatea cazurilor, de femei; promovarea femeilor \u0219i eliminarea diferen\u021belor de salarizare pe criterii de gen \u00een mediul de afaceri, prin intermediul unor m\u0103suri de discriminare pozitiv\u0103.<\/p>\n\n\n\n<p>\u00cen\ninterven\u021bia sa, dna senator Silvia-Monica Dinic\u0103: s-a referit la priorit\u0103\u021bile Rom\u00e2niei \u00een contextul exercit\u0103rii Pre\u0219edin\u021biei\nConsiliului UE, subliniind c\u0103 participarea egal\u0103 a femeilor \u0219i b\u0103rba\u021bilor pe\npia\u021ba muncii reprezint\u0103 o condi\u021bie pentru realizarea coeziunii la nivelul\nUniunii; a prezentat programele na\u021bionale \u0219i m\u0103surile de ordin bugetar\ndestinate dezvolt\u0103rii antreprenoriatului feminin \u0219i cre\u0103rii de locuri de munc\u0103\npentru femei \u00een mediul rural; a subliniat c\u0103 promovarea egalit\u0103\u021bii de gen \u00een\nmunc\u0103 trebuie abordat\u0103 dintr-o dubl\u0103 perspectiv\u0103 &#8211; economic\u0103 \u0219i\nsocio-cultural\u0103; a eviden\u021biat rolul esen\u021bial al parlamentelor \u00een eliminarea\nstereotipurilor de gen \u0219i a barierelor legislative care contribuie la\nperpetuarea discrimin\u0103rii femeilor \u0219i a inegalit\u0103\u021bilor dintre b\u0103rba\u021bi \u0219i femei \u0219i a recomandat monitorizarea, de c\u0103tre FFP, a\nprogreselor \u00een materie. Evoc\u00e2nd numeroasele cazuri \u00een care lucr\u0103toare migrante\n\u00een agricultur\u0103, provenind din Rom\u00e2nia, au fost obligate s\u0103 presteze munc\u0103\nfor\u021bat\u0103 sau au fost exploatate sexual de angajatorii lor \u00een \u021b\u0103ri din vestul\nEuropei, dna senator \u0219i-a exprimat sus\u021binerea pentru demersurile OIM viz\u00e2nd\nadoptarea de noi standarde \u0219i instrumente \u00een vederea combaterii violen\u021bei la\nlocul de munc\u0103.<\/p>\n\n\n\n<p>La <strong>Forumul Tinerilor Parlamentari<\/strong> au participat dna senator Silvia-Monica Dinic\u0103, dna deputat Bianca-Miruna Gavrili\u021b\u0103 \u0219i dl deputat Radu Babu\u0219. Reuniunea a fost prezidat\u0103 de Maureen Osoru (Uganda), pre\u0219edinta Forumului, \u0219i Melvin Bouva (Suriname), cel mai t\u00e2n\u0103r membru al Biroului Forumului.<\/p>\n\n\n\n<div class=\"wp-block-image\"><figure class=\"alignleft is-resized\"><img loading=\"lazy\" decoding=\"async\" src=\"https:\/\/sites.senat.ro\/wp-content\/uploads\/sites\/2\/2019\/07\/Foto_Gavrila_Babus-1024x576.jpg\" alt=\"\" class=\"wp-image-816\" width=\"329\" height=\"185\" srcset=\"https:\/\/sites.senat.ro\/wp-content\/uploads\/2019\/07\/Foto_Gavrila_Babus-1024x576.jpg 1024w, https:\/\/sites.senat.ro\/wp-content\/uploads\/2019\/07\/Foto_Gavrila_Babus-300x169.jpg 300w, https:\/\/sites.senat.ro\/wp-content\/uploads\/2019\/07\/Foto_Gavrila_Babus-768x432.jpg 768w, https:\/\/sites.senat.ro\/wp-content\/uploads\/2019\/07\/Foto_Gavrila_Babus-732x412.jpg 732w, https:\/\/sites.senat.ro\/wp-content\/uploads\/2019\/07\/Foto_Gavrila_Babus-1140x641.jpg 1140w, https:\/\/sites.senat.ro\/wp-content\/uploads\/2019\/07\/Foto_Gavrila_Babus.jpg 1600w\" sizes=\"auto, (max-width: 329px) 100vw, 329px\" \/><\/figure><\/div>\n\n\n\n<p>Participan\u021bii\nau examinat concluziile raportului <em>Participarea\ntinerilor \u00een parlamentele na\u021bionale<\/em>, publicat \u00een 2018, care arat\u0103 c\u0103\ntinerii sunt \u00een continuare subreprezenta\u021bi \u00een forurile legislative (la scar\u0103\nglobal\u0103, doar 2,2% dintre parlamentari au sub 30 de ani), eviden\u021biind, totu\u0219i,\nfaptul c\u0103, \u00eentr-o serie de \u021b\u0103ri, tineri parlamentari au fost ale\u0219i sau numi\u021bi\n\u00een func\u021bii de conducere \u00een parlamentele respective (pre\u0219edin\u021bi de camere sau de\nparlamente, pre\u0219edin\u021bi de comisii). Au fost prezentate m\u0103surile adoptate \u00een\ndiferite state pentru cre\u0219terea ponderii tinerilor parlamentari, printre care\n\u00eenfiin\u021barea de consilii ale tinerilor \u0219i de academii pentru tinerii lideri \u0219i\nalocarea de fonduri speciale pentru tineri. Totodat\u0103, s-a subliniat c\u0103\nreducerea limitei de v\u00e2rst\u0103 necesar\u0103 pentru a candida este o strategie-cheie\npentru implicarea tinerilor \u00een politic\u0103. <\/p>\n\n\n\n<p>Cu ocazia\ndezbaterii privind <em>implicarea tinerilor\ncet\u0103\u021beni, cu prec\u0103dere \u00een activitatea parlamentar\u0103<\/em>, participan\u021bii au\nconcluzionat c\u0103 grupurile tinerilor parlamentari reprezint\u0103 mecanismele\nprincipale de apropiere a tinerilor de parlament \u0219i au recomandat utilizarea platformelor\nde social media \u0219i a mesajelor personalizate, \u00een scopul cre\u0219terii interac\u021biunii\ncu tinerii cet\u0103\u021beni.<\/p>\n\n\n\n<p>Lucr\u0103rile <strong>Asocia\u021biei Secretarilor Generali de Parlamente<\/strong>, desf\u0103\u0219urate \u00een paralel cu sesiunea UIP, &nbsp;au fost prezidate de Philippe Schwab, secretarul general al Adun\u0103rii Federale a Elve\u0163iei. Senatul a fost reprezentat la lucr\u0103ri de dna Izabela Chencian, secretarul general al Senatului, membru al Asocia\u021biei.<\/p>\n\n\n\n<p>Programul reuniunii a inclus: trei sesiuni de dezbateri generale, cu temele: <em>Serviciile de informare \u015fi documentare din parlamente: studiu comparativ; Evaluarea activit\u0103\u0163ii parlamentare; Cum s\u0103 legifer\u0103m mai bine?;<\/em> comunic\u0103ri prezentate de membrii Asocia\u0163iei, pe subiecte de actualitate, \u00eentre care <em>Folosirea noilor tehnologii \u00een parlament &#8211; promovarea transparen\u0163ei \u015fi eficien\u0163ei; Crearea unei platforme digitale de interac\u0163iune \u00een domeniul legislativ \u00eentre pre\u015fedintele \u0163\u0103rii, guvern \u015fi parlamentari; Cooperarea regional\u0103-beneficii \u015fi perspective; Programe de specializare \u015fi schimb de experien\u021b\u0103 pentru func\u0163ionarii parlamentari;<\/em> o conferin\u0163\u0103 comun\u0103 ASGP-UIP cu tema <em>Inovarea \u00een parlamente<\/em>.<\/p>\n\n\n\n<div class=\"wp-block-image\"><figure class=\"alignleft is-resized\"><img loading=\"lazy\" decoding=\"async\" src=\"https:\/\/sites.senat.ro\/wp-content\/uploads\/sites\/2\/2019\/07\/Foto_ASGP-1-1024x713.jpg\" alt=\"\" class=\"wp-image-819\" width=\"269\" height=\"187\" srcset=\"https:\/\/sites.senat.ro\/wp-content\/uploads\/2019\/07\/Foto_ASGP-1-1024x713.jpg 1024w, https:\/\/sites.senat.ro\/wp-content\/uploads\/2019\/07\/Foto_ASGP-1-300x209.jpg 300w, https:\/\/sites.senat.ro\/wp-content\/uploads\/2019\/07\/Foto_ASGP-1-768x535.jpg 768w, https:\/\/sites.senat.ro\/wp-content\/uploads\/2019\/07\/Foto_ASGP-1-732x510.jpg 732w, https:\/\/sites.senat.ro\/wp-content\/uploads\/2019\/07\/Foto_ASGP-1.jpg 1063w\" sizes=\"auto, (max-width: 269px) 100vw, 269px\" \/><\/figure><\/div>\n\n\n\n<p>\u00cen interven\u0163iile sale la dezbaterile generale, dna Izabela Chencian a prezentat organizarea \u015fi atribu\u0163iile Serviciului tehnic, studii \u015fi informare legislativ\u0103, \u00een cadrul c\u0103ruia func\u021bioneaz\u0103 Biblioteca Senatului \u015fi a subliniat importan\u0163a compartimentului respectiv,&nbsp;ca surs\u0103 de informare, de documentare \u015fi de analiz\u0103 corect\u0103, complet\u0103 \u015fi solid argumentat\u0103 pentru to\u0163i senatorii \u0219i pentru comisiile de specialitate ale Senatului, precum \u015fi contribu\u0163ia sa la fundamentarea \u015fi redactarea propunerilor legislative, sub aspectul tehnicii legislative. A f\u0103cut referire la principalele m\u0103suri luate de deciden\u0163ii politici rom\u00e2ni pentru \u00eembun\u0103t\u0103\u0163irea calit\u0103\u0163ii legisla\u0163iei: adoptarea, prin lege, a normelor de tehnic\u0103 legislativ\u0103 pentru elaborarea actelor normative; implementarea celei de-a doua Strategii na\u021bionale privind mai buna reglementare 2014-2020, care prevede m\u0103suri pentru asigurarea celerit\u0103\u0163ii \u00een realizarea analizelor de impact, cre\u015fterea transparen\u0163ei activit\u0103\u0163ilor de legiferare \u015fi a calit\u0103\u0163ii procesului de consultare cu societatea civil\u0103, perfec\u0163ionarea transpunerii \u00een dreptul intern a legisla\u0163iei europene, simplificarea fondului activ al legisla\u0163iei prin sistematizarea \u015fi unificarea legisla\u0163iei cu sprijinul Consiliului Legislativ etc.<\/p>\n","protected":false},"excerpt":{"rendered":"<p>La sesiune au participat delega\u021bii parlamentare din 147 de \u021b\u0103ri, reprezentan\u021bi ai adun\u0103rilor parlamentare cu statut de membru asociat sau de observator, ai programelor \u0219i agen\u021biilor din sistemul ONU, ai altor organiza\u021bii interna\u021bionale, guvernamentale \u0219i neguvernamentale. Programul a inclus dezbateri \u00een plenul Adun\u0103rii, reuniuni ale organelor directoare \u0219i specializate, \u00eent\u00e2lniri ale grupurilor geopolitice, paneluri tematice [&hellip;]<\/p>\n","protected":false},"author":2,"featured_media":0,"comment_status":"closed","ping_status":"open","sticky":false,"template":"","format":"standard","meta":{"ngg_post_thumbnail":0,"footnotes":""},"categories":[3],"tags":[],"class_list":["post-690","post","type-post","status-publish","format-standard","hentry","category-participare"],"_links":{"self":[{"href":"https:\/\/sites.senat.ro\/index.php?rest_route=\/wp\/v2\/posts\/690","targetHints":{"allow":["GET"]}}],"collection":[{"href":"https:\/\/sites.senat.ro\/index.php?rest_route=\/wp\/v2\/posts"}],"about":[{"href":"https:\/\/sites.senat.ro\/index.php?rest_route=\/wp\/v2\/types\/post"}],"author":[{"embeddable":true,"href":"https:\/\/sites.senat.ro\/index.php?rest_route=\/wp\/v2\/users\/2"}],"replies":[{"embeddable":true,"href":"https:\/\/sites.senat.ro\/index.php?rest_route=%2Fwp%2Fv2%2Fcomments&post=690"}],"version-history":[{"count":0,"href":"https:\/\/sites.senat.ro\/index.php?rest_route=\/wp\/v2\/posts\/690\/revisions"}],"wp:attachment":[{"href":"https:\/\/sites.senat.ro\/index.php?rest_route=%2Fwp%2Fv2%2Fmedia&parent=690"}],"wp:term":[{"taxonomy":"category","embeddable":true,"href":"https:\/\/sites.senat.ro\/index.php?rest_route=%2Fwp%2Fv2%2Fcategories&post=690"},{"taxonomy":"post_tag","embeddable":true,"href":"https:\/\/sites.senat.ro\/index.php?rest_route=%2Fwp%2Fv2%2Ftags&post=690"}],"curies":[{"name":"wp","href":"https:\/\/api.w.org\/{rel}","templated":true}]}}