{"id":69,"date":"2018-05-17T08:02:27","date_gmt":"2018-05-17T08:02:27","guid":{"rendered":"http:\/\/sites.senat.ro\/?p=69"},"modified":"2019-01-23T14:52:47","modified_gmt":"2019-01-23T14:52:47","slug":"intrevederi-bilaterale","status":"publish","type":"post","link":"https:\/\/sites.senat.ro\/?p=69","title":{"rendered":"SESIUNEA FEBRUARIE &#8211; IUNIE 2018"},"content":{"rendered":"<p>&nbsp;<\/p>\n<table style=\"width: 100%;border-collapse: collapse;height: 665px\" border=\"0\">\n<tbody>\n<tr style=\"height: 98px\">\n<td style=\"width: 15.4097%;height: 98px;text-align: left;vertical-align: top\"><img loading=\"lazy\" decoding=\"async\" class=\"size-full wp-image-138 alignleft\" src=\"https:\/\/sites.senat.ro\/wp-content\/uploads\/sites\/2\/2018\/07\/vietnam-1.gif\" alt=\"\" width=\"123\" height=\"82\"><\/td>\n<td style=\"width: 84.5903%;height: 98px;text-align: justify\"><span style=\"color: #000000\"><strong><em>3 mai<\/em><\/strong><strong><em> 2018<\/em><\/strong><em> &#8211; \u00centrevederea dlui deputat Lucian-Eduard Simion, pre\u0219edintele&nbsp;<strong>Grupului parlamentar de prietenie Rom\u00e2nia &#8211; Republica Socialist\u0103 Vietnam<\/strong>&nbsp;\u0219i a membrilor Grupului cu delega\u021bia parlamentar\u0103 vietnamez\u0103&nbsp;condus\u0103 de dl Uong Chu Luu, vicepre\u0219edinte al Adun\u0103rii Na\u021bionale a Republicii Socialiste Vietnam, cu ocazia vizitei oficiale efectuat\u0103 \u00een Rom\u00e2nia \u00een perioada 2-5 mai 2018<\/em><\/span><\/td>\n<\/tr>\n<tr style=\"height: 77px\">\n<td style=\"width: 15.4097%;height: 77px;vertical-align: top\"><img loading=\"lazy\" decoding=\"async\" class=\"alignleft wp-image-137\" src=\"https:\/\/sites.senat.ro\/wp-content\/uploads\/sites\/2\/2018\/07\/letonia.gif\" alt=\"\" width=\"123\" height=\"62\"><\/td>\n<td style=\"width: 84.5903%;height: 77px;text-align: justify\"><span style=\"color: #000000\"><strong><em>17 aprilie&nbsp;2018<\/em><\/strong><em> &#8211; <\/em><em>\u00centrevederea dlui deputat Adrian-Mih\u0103i\u021b\u0103 Todoran, pre\u0219edintele&nbsp;<strong>Grupului parlamentar de prietenie Rom\u00e2nia &#8211; Letonia<\/strong>&nbsp;\u0219i a membrilor Grupului cu delega\u021bia Comisiei pentru afaceri europene din Parlamentul leton,&nbsp;condus\u0103 de dl&nbsp;Atis Leji\u0146\u0161, membru al Comisiei, cu ocazia vizitei oficiale efectuat\u0103 \u00een Rom\u00e2nia \u00een perioada 15-17 aprilie 2018<\/em><\/span><\/td>\n<\/tr>\n<tr style=\"height: 119px\">\n<td style=\"width: 15.4097%;height: 119px;vertical-align: top\"><img loading=\"lazy\" decoding=\"async\" class=\"alignleft wp-image-136\" src=\"https:\/\/sites.senat.ro\/wp-content\/uploads\/sites\/2\/2018\/07\/polonia.gif\" alt=\"\" width=\"123\" height=\"77\"><\/td>\n<td style=\"width: 84.5903%;height: 119px;text-align: justify\"><span style=\"color: #000000\"><strong><em>13-14 martie 2018<\/em><\/strong><em> &#8211; <\/em><em>&nbsp;&nbsp; \u00centrevederea dnei senator Laura-Iuliana Sc\u00e2ntei, membr\u0103 a&nbsp;<strong>Grupului parlamentar de prietenie Rom\u00e2nia &#8211; Polonia<\/strong>,&nbsp;&nbsp;membr\u0103 a Comisiei speciale comune a Camerei Deputa\u0163ilor \u015fi Senatului pentru coordonarea activit\u0103\u0163ilor parlamentare necesare preg\u0103tirii Pre\u015fedin\u0163iei Consiliului Uniunii Europene din primul semestru al anului 2019,&nbsp;cu&nbsp;dna Ma\u0142gorzata Gosiewska, vicepre\u0219edint\u0103 a Comisiei pentru politic\u0103 extern\u0103 a Seimului polon, pre\u0219edinta Grupului parlamentar de prietenie Polonia-Rom\u00e2nia. \u00centrevederea a avut loc cu ocazia particip\u0103rii dnei senator Laura-Iuliana Sc\u00e2ntei la Forumul Europa-Ucraina (Rzesz\u00f3w,&nbsp;13-14 martie 2018)<\/em><\/span><\/td>\n<\/tr>\n<tr style=\"height: 77px\">\n<td style=\"width: 15.4097%;height: 77px;vertical-align: top\"><img loading=\"lazy\" decoding=\"async\" class=\"alignleft wp-image-135\" src=\"https:\/\/sites.senat.ro\/wp-content\/uploads\/sites\/2\/2018\/07\/EAU.jpg\" alt=\"\" width=\"123\" height=\"62\"><\/td>\n<td style=\"width: 84.5903%;height: 77px;vertical-align: top;text-align: justify\"><span style=\"color: #000000\"><strong><em>6 martie<\/em><\/strong><strong><em> 2018<\/em><\/strong><em> &#8211; \u00centrevederea dlui deputat \u0218tefan-Alexandru B\u0103i\u0219anu, pre\u0219edintele&nbsp;Grupului parlamentar de prietenie Rom\u00e2nia &#8211; Emiratele Arabe Unite&nbsp;\u0219i a membrilor Grupului&nbsp;cu E.S. Dr. Ahmed Abdulla Saeed Almatrooshi, ambasadorul Emiratelor Arabe Unite \u00een Rom\u00e2nia<\/em><\/span><\/td>\n<\/tr>\n<tr style=\"height: 98px\">\n<td style=\"width: 15.4097%;height: 98px;vertical-align: top\"><img loading=\"lazy\" decoding=\"async\" class=\"size-full wp-image-134 alignleft\" src=\"https:\/\/sites.senat.ro\/wp-content\/uploads\/sites\/2\/2018\/07\/olanda.gif\" alt=\"\" width=\"123\" height=\"82\"><\/td>\n<td style=\"width: 84.5903%;vertical-align: top;height: 98px;text-align: justify\"><span style=\"color: #000000\"><strong><em>27 februarie 2018<\/em><\/strong><em> &#8211; <\/em><em>\u00centrevederea dlui senator Vasilic\u0103 Toma, pre\u0219edintele&nbsp;<strong>Grupului parlamentar de prietenie Rom\u00e2nia &#8211; Olanda<\/strong>,&nbsp;cu E.S. dna Stella Ronner-Grubacic, ambasadorul Regatului \u021a\u0103rilor de Jos \u00een Rom\u00e2nia<\/em><\/span><\/td>\n<\/tr>\n<tr style=\"height: 98px\">\n<td style=\"width: 15.4097%;height: 98px;vertical-align: top\"><img loading=\"lazy\" decoding=\"async\" class=\"size-full wp-image-133 alignleft\" src=\"https:\/\/sites.senat.ro\/wp-content\/uploads\/sites\/2\/2018\/07\/venezuela.gif\" alt=\"\" width=\"123\" height=\"82\"><\/td>\n<td style=\"width: 84.5903%;height: 98px;vertical-align: top;text-align: justify\"><span style=\"color: #000000\"><strong><em>21 februarie 2018<\/em><\/strong><em> &#8211; \u00cen<\/em><em>trevederea dlui senator Doru-Adrian P\u0103nescu, pre\u0219edintele&nbsp;<strong>Grupului parlamentar de prietenie Rom\u00e2nia &#8211; Republica Venezuela<\/strong>&nbsp;\u0219i a membrilor Grupului cu E.S. dl Victor Ramon Carazo, ambasadorul Republicii Venezuela \u00een Rom\u00e2nia<\/em><\/span><\/td>\n<\/tr>\n<tr style=\"height: 98px\">\n<td style=\"width: 15.4097%;height: 98px;vertical-align: top\"><img loading=\"lazy\" decoding=\"async\" class=\"wp-image-130 alignleft\" src=\"https:\/\/sites.senat.ro\/wp-content\/uploads\/sites\/2\/2018\/07\/egipt.gif\" alt=\"\" width=\"123\" height=\"82\"><\/td>\n<td style=\"width: 84.5903%;height: 98px;text-align: justify\"><strong><em>14 februarie&nbsp; 2018<\/em><\/strong><em> &#8211; <\/em><em>\u00centrevederea dlui deputat Romeo Florin Nicoar\u0103, vicepre\u0219edintele&nbsp;<span style=\"color: #000000\"><strong>Grupului parlamentar de prietenie Rom\u00e2nia &#8211; R.A. Egipt<\/strong>, a dnei senator Gabriela Cre\u021bu \u0219i a dnei senator Laura-Iuliana Sc\u00e2ntei, membri ai Grupului, cu delega\u021bia parlamentar\u0103 egiptean\u0103 condus\u0103&nbsp;de dl Karim Darwish, vicepre\u0219edintele Comisiei pentru rela\u021bii externe din parlamentul R.A. Egipt. \u00centrevederea a fost prilejuit\u0103 de participarea delega\u021biei egiptene la lucr\u0103rile celei de-a 12-a sesiuni plenare a Adun\u0103rii Parlamentare a Mediteranei (Bucure\u0219ti, Palatul Parlamentului, 15-16 februarie 2018)<\/span><\/em><\/td>\n<\/tr>\n<\/tbody>\n<\/table>\n","protected":false},"excerpt":{"rendered":"<p>&nbsp; 3 mai 2018 &#8211; \u00centrevederea dlui deputat Lucian-Eduard Simion, pre\u0219edintele&nbsp;Grupului parlamentar de prietenie Rom\u00e2nia &#8211; Republica Socialist\u0103 Vietnam&nbsp;\u0219i a membrilor Grupului cu delega\u021bia parlamentar\u0103 vietnamez\u0103&nbsp;condus\u0103 de dl Uong Chu Luu, vicepre\u0219edinte al Adun\u0103rii Na\u021bionale a Republicii Socialiste Vietnam, cu ocazia vizitei oficiale efectuat\u0103 \u00een Rom\u00e2nia \u00een perioada 2-5 mai 2018 17 aprilie&nbsp;2018 &#8211; \u00centrevederea [&hellip;]<\/p>\n","protected":false},"author":1,"featured_media":0,"comment_status":"closed","ping_status":"open","sticky":false,"template":"","format":"standard","meta":{"ngg_post_thumbnail":0,"footnotes":""},"categories":[8],"tags":[],"class_list":["post-69","post","type-post","status-publish","format-standard","hentry","category-intrevederi"],"_links":{"self":[{"href":"https:\/\/sites.senat.ro\/index.php?rest_route=\/wp\/v2\/posts\/69","targetHints":{"allow":["GET"]}}],"collection":[{"href":"https:\/\/sites.senat.ro\/index.php?rest_route=\/wp\/v2\/posts"}],"about":[{"href":"https:\/\/sites.senat.ro\/index.php?rest_route=\/wp\/v2\/types\/post"}],"author":[{"embeddable":true,"href":"https:\/\/sites.senat.ro\/index.php?rest_route=\/wp\/v2\/users\/1"}],"replies":[{"embeddable":true,"href":"https:\/\/sites.senat.ro\/index.php?rest_route=%2Fwp%2Fv2%2Fcomments&post=69"}],"version-history":[{"count":0,"href":"https:\/\/sites.senat.ro\/index.php?rest_route=\/wp\/v2\/posts\/69\/revisions"}],"wp:attachment":[{"href":"https:\/\/sites.senat.ro\/index.php?rest_route=%2Fwp%2Fv2%2Fmedia&parent=69"}],"wp:term":[{"taxonomy":"category","embeddable":true,"href":"https:\/\/sites.senat.ro\/index.php?rest_route=%2Fwp%2Fv2%2Fcategories&post=69"},{"taxonomy":"post_tag","embeddable":true,"href":"https:\/\/sites.senat.ro\/index.php?rest_route=%2Fwp%2Fv2%2Ftags&post=69"}],"curies":[{"name":"wp","href":"https:\/\/api.w.org\/{rel}","templated":true}]}}