{"id":67,"date":"2018-06-17T08:20:28","date_gmt":"2018-06-17T08:20:28","guid":{"rendered":"http:\/\/sites.senat.ro\/?p=67"},"modified":"2019-01-23T10:11:42","modified_gmt":"2019-01-23T10:11:42","slug":"vizita-oficiala-in-romania-a-delegatiei-grupului-parlamentar-de-prietenie-cu-romania-din-adunarea-nationala-a-frantei-12-15-iunie-2018","status":"publish","type":"post","link":"https:\/\/sites.senat.ro\/?p=67","title":{"rendered":"Vizita oficial\u0103 \u00een Rom\u00e2nia a delega\u021biei Grupului parlamentar de prietenie cu Rom\u00e2nia din Adunarea Na\u021bional\u0103 a Fran\u021bei (12-15 iunie 2018)"},"content":{"rendered":"<p style=\"text-align: justify\"><img loading=\"lazy\" decoding=\"async\" class=\"size-full wp-image-156 alignleft\" src=\"https:\/\/sites.senat.ro\/wp-content\/uploads\/sites\/2\/2018\/06\/franta.gif\" alt=\"\" width=\"123\" height=\"82\">Vizita a avut loc la invita\u021bia dnei <strong>deputat Simona Bucura-Oprescu<\/strong>, pre\u0219edinta Grupului de prietenie omolog \u0219i a constituit un moment important pentru consolidarea dialogului parlamentar rom\u00e2no-francez, \u00een contextul anivers\u0103rii a 10 ani de la semnarea Declara\u021biei de Parteneriat Strategic dintre Rom\u00e2nia \u0219i Fran\u021ba, al lans\u0103rii Sezonului Rom\u00e2nia-Fran\u021ba \u0219i al prelu\u0103rii de c\u0103tre Rom\u00e2nia, \u00een anul 2019, a Pre\u0219edin\u021biei Consiliului UE.<\/p>\n<p style=\"text-align: justify\">Delega\u0163ia parlamentar\u0103 francez\u0103, condus\u0103 de dl Andr\u00e9 Chassaigne, pre\u015fedintele Grupului de prietenie, a fost alc\u0103tuit\u0103 din: dna Carole Bureau-Bonnard, vicepre\u015fedinte al Adun\u0103rii Na\u0163ionale, vicepre\u015fedinte al Grupului; dl Hubert Julien-Laferriere, vicepre\u015fedinte al Grupului; dna&nbsp; Jeanine Dubi\u00e9 \u0219i dl Nicolas Forissier, secretari al Grupului; dna Laurence Trastour-Isnart, membru al Grupului; dl Lucian Iordache, secretar executiv al Grupului.<\/p>\n<p style=\"text-align: justify\">Programul vizitei a inclus convorbiri cu: dna <strong>deputat Simona Bucura-Oprescu<\/strong>, pre\u015fedintele Grupului parlamentar de prietenie cu Republica Francez\u0103 din Camera Deputa\u0163ilor \u015fi cu membri ai Grupului; dna <strong>senator Gabriela Cre\u0163u<\/strong>, pre\u015fedintele Comisiei pentru afaceri europene a Senatului, dl <strong>deputat<\/strong> <strong>\u0218tefan Mu\u015foiu<\/strong>, vicepre\u015fedinte al Comisiei pentru afaceri europene a Camerei Deputa\u0163ilor \u015fi cu membri ai celor dou\u0103 Comisii; dl <strong>senator Titus Corl\u0103\u0163ean<\/strong>, pre\u015fedintele Comisiei speciale comune a Camerei Deputa\u0163ilor \u015fi Senatului pentru coordonarea activit\u0103\u0163ilor parlamentare necesare preg\u0103tirii Pre\u015fedin\u0163iei Consiliului Uniunii Europene din primul semestru al anului 2019 \u015fi cu membri ai Comisiei; dl <strong>deputat Alexandru St\u0103nescu<\/strong>, pre\u015fedintele Comisiei pentru agricultur\u0103, silvicultur\u0103, industrie alimentar\u0103 \u015fi servicii specifice a Camerei Deputa\u0163ilor \u015fi cu membri ai Comisiei.<\/p>\n<table style=\"width: 98.8389%;border-collapse: collapse;border-style: none;height: 224px\" border=\"0\">\n<tbody>\n<tr style=\"height: 239px\">\n<td style=\"width: 33.3333%;height: 239px\"><img loading=\"lazy\" decoding=\"async\" class=\"alignnone size-medium wp-image-158\" src=\"https:\/\/sites.senat.ro\/wp-content\/uploads\/sites\/2\/2018\/06\/Foto-1_Franta-Ad-Nat-300x200.jpg\" alt=\"\" width=\"300\" height=\"200\" srcset=\"https:\/\/sites.senat.ro\/wp-content\/uploads\/2018\/06\/Foto-1_Franta-Ad-Nat-300x200.jpg 300w, https:\/\/sites.senat.ro\/wp-content\/uploads\/2018\/06\/Foto-1_Franta-Ad-Nat-768x511.jpg 768w, https:\/\/sites.senat.ro\/wp-content\/uploads\/2018\/06\/Foto-1_Franta-Ad-Nat-732x487.jpg 732w, https:\/\/sites.senat.ro\/wp-content\/uploads\/2018\/06\/Foto-1_Franta-Ad-Nat.jpg 800w\" sizes=\"auto, (max-width: 300px) 100vw, 300px\" \/><\/td>\n<td style=\"width: 33.3333%;height: 239px\"><img loading=\"lazy\" decoding=\"async\" class=\"size-medium wp-image-159 aligncenter\" src=\"https:\/\/sites.senat.ro\/wp-content\/uploads\/sites\/2\/2018\/06\/Foto-2_Franta-Ad-Nat-300x200.jpg\" alt=\"\" width=\"300\" height=\"200\" srcset=\"https:\/\/sites.senat.ro\/wp-content\/uploads\/2018\/06\/Foto-2_Franta-Ad-Nat-300x200.jpg 300w, https:\/\/sites.senat.ro\/wp-content\/uploads\/2018\/06\/Foto-2_Franta-Ad-Nat-768x511.jpg 768w, https:\/\/sites.senat.ro\/wp-content\/uploads\/2018\/06\/Foto-2_Franta-Ad-Nat-732x487.jpg 732w, https:\/\/sites.senat.ro\/wp-content\/uploads\/2018\/06\/Foto-2_Franta-Ad-Nat.jpg 800w\" sizes=\"auto, (max-width: 300px) 100vw, 300px\" \/><\/td>\n<td style=\"width: 33.3333%;height: 239px\"><img loading=\"lazy\" decoding=\"async\" class=\"wp-image-161 size-medium alignright\" src=\"https:\/\/sites.senat.ro\/wp-content\/uploads\/sites\/2\/2018\/06\/Foto-4_Franta-Ad-Nat-300x200.jpg\" alt=\"\" width=\"300\" height=\"200\" srcset=\"https:\/\/sites.senat.ro\/wp-content\/uploads\/2018\/06\/Foto-4_Franta-Ad-Nat-300x200.jpg 300w, https:\/\/sites.senat.ro\/wp-content\/uploads\/2018\/06\/Foto-4_Franta-Ad-Nat-768x511.jpg 768w, https:\/\/sites.senat.ro\/wp-content\/uploads\/2018\/06\/Foto-4_Franta-Ad-Nat-732x487.jpg 732w, https:\/\/sites.senat.ro\/wp-content\/uploads\/2018\/06\/Foto-4_Franta-Ad-Nat.jpg 800w\" sizes=\"auto, (max-width: 300px) 100vw, 300px\" \/><\/td>\n<\/tr>\n<\/tbody>\n<\/table>\n<p style=\"text-align: justify\">La nivelul executivului, oaspe\u021bii au avut \u00eentrevederi cu: dna <strong>Ana Birchall<\/strong>, viceprim-ministru pentru implementarea parteneriatelor strategice ale Rom\u00e2niei; dl <strong>Teodor Mele\u015fcanu<\/strong>, ministrul afacerilor externe; dl <strong>Victor Negrescu<\/strong>, ministru delegat pentru afaceri europene.<\/p>\n<p style=\"text-align: justify\">Discu\u021biile au eviden\u021biat caracterul special al rela\u021biilor rom\u00e2no-franceze \u015fi perspectivele consolid\u0103rii acestora \u00een contextul preg\u0103tirii \u0219i organiz\u0103rii unor evenimente cu o semnifica\u021bie major\u0103 pentru rela\u021bia bilateral\u0103: Sezonul Rom\u00e2nia-Fran\u0163a, celebrarea Centenarului Marii Uniri \u0219i exercitarea Pre\u0219edin\u021biei Consiliului Uniunii Europene de c\u0103tre Rom\u00e2nia. Interlocutorii au apreciat dialogul politic foarte bun, la un deceniu de la lansarea Parteneriatului Strategic, precum \u0219i stadiul excelent al colabor\u0103rii la nivel \u00eenalt dintre cele dou\u0103 \u021b\u0103ri.<\/p>\n<p style=\"text-align: justify\">Oaspe\u021bii \u0219i-au exprimat interesul pentru dinamizarea dialogului parlamentar \u015fi pentru coordonarea pe dosarele de interes comun, \u00een perspectiva prelu\u0103rii, de c\u0103tre Rom\u00e2nia, a Pre\u015fedin\u0163iei Consiliului UE. De asemenea, au transmis aprecieri pentru ini\u0163iativa comun\u0103 de lansare a Sezonului Rom\u00e2nia-Fran\u0163a, proiect major de diploma\u0163ie public\u0103 care va contribui la o mai bun\u0103 cunoa\u015ftere \u0219i la apropierea dintre cele dou\u0103 popoare \u0219i state.<\/p>\n<p style=\"text-align: justify\">Un aspect important abordat \u00een cadrul discu\u021biilor a fost cel al priorit\u0103\u021bilor Rom\u00e2niei pe durata pre\u0219edin\u021biei Consiliului UE, \u00een domenii \u00een care interesele \u0219i pozi\u021biile na\u021bionale ale Rom\u00e2niei \u0219i Fran\u021bei converg, priorit\u0103\u021bi care \u00ee\u0219i propun, \u00een acela\u0219i timp, s\u0103 vin\u0103 \u00een \u00eent\u00e2mpinarea a\u0219tept\u0103rilor cet\u0103\u021benilor europeni la provoc\u0103rile curente aflate pe agenda european\u0103. Delega\u021bia francez\u0103 a exprimat dorin\u021ba de a sus\u021bine Parlamentul Rom\u00e2niei \u00een efortul de gestionare a dimensiunii parlamentare a pre\u0219edin\u021biei rotative a Consiliului UE \u0219i a subliniat importan\u021ba articul\u0103rii cooper\u0103rii descentralizate cu ac\u021biunea \u00een domeniul politicii externe.<\/p>\n<p style=\"text-align: justify\">\u00cen contextul anivers\u0103rii a 25 de ani de francofonie institu\u021bional\u0103, au fost evocate contactele interumane intense \u0219i afinit\u0103\u021bile cultural-lingvistice dintre cele dou\u0103 \u021b\u0103ri, contribu\u021bia important\u0103 a comunit\u0103\u021bii rom\u00e2ne din Fran\u021ba la dinamica economic\u0103, social\u0103 \u0219i cultural\u0103 din Hexagon, precum \u0219i rolul consistent pe care comunitatea francez\u0103 din Rom\u00e2nia \u00eel are \u00een societatea rom\u00e2neasc\u0103.<\/p>\n<p style=\"text-align: justify\">Cu ocazia deplas\u0103rii \u00een ora\u0219ul Mioveni, jude\u021bul Arge\u0219, parlamentarii francezi au avut discu\u0163ii cu reprezentan\u021bi ai administra\u021biei publice jude\u021bene \u0219i locale \u0219i au vizitat <em>Uzina Dacia-Renault<\/em> \u0219i o serie de obiective culturale \u0219i turistice din zon\u0103.<\/p>\n<p style=\"text-align: justify\"><img loading=\"lazy\" decoding=\"async\" class=\"aligncenter wp-image-160 size-medium\" src=\"https:\/\/sites.senat.ro\/wp-content\/uploads\/sites\/2\/2018\/06\/Foto-3_Franta-Ad-Nat-300x225.jpg\" alt=\"\" width=\"300\" height=\"225\" srcset=\"https:\/\/sites.senat.ro\/wp-content\/uploads\/2018\/06\/Foto-3_Franta-Ad-Nat-300x225.jpg 300w, https:\/\/sites.senat.ro\/wp-content\/uploads\/2018\/06\/Foto-3_Franta-Ad-Nat.jpg 560w\" sizes=\"auto, (max-width: 300px) 100vw, 300px\" \/><\/p>\n","protected":false},"excerpt":{"rendered":"<p>Vizita a avut loc la invita\u021bia dnei deputat Simona Bucura-Oprescu, pre\u0219edinta Grupului de prietenie omolog \u0219i a constituit un moment important pentru consolidarea dialogului parlamentar rom\u00e2no-francez, \u00een contextul anivers\u0103rii a 10 ani de la semnarea Declara\u021biei de Parteneriat Strategic dintre Rom\u00e2nia \u0219i Fran\u021ba, al lans\u0103rii Sezonului Rom\u00e2nia-Fran\u021ba \u0219i al prelu\u0103rii de c\u0103tre Rom\u00e2nia, \u00een anul [&hellip;]<\/p>\n","protected":false},"author":1,"featured_media":0,"comment_status":"closed","ping_status":"open","sticky":false,"template":"","format":"standard","meta":{"ngg_post_thumbnail":0,"footnotes":""},"categories":[1,7],"tags":[],"class_list":["post-67","post","type-post","status-publish","format-standard","hentry","category-prietenie","category-viziteoficiale"],"_links":{"self":[{"href":"https:\/\/sites.senat.ro\/index.php?rest_route=\/wp\/v2\/posts\/67","targetHints":{"allow":["GET"]}}],"collection":[{"href":"https:\/\/sites.senat.ro\/index.php?rest_route=\/wp\/v2\/posts"}],"about":[{"href":"https:\/\/sites.senat.ro\/index.php?rest_route=\/wp\/v2\/types\/post"}],"author":[{"embeddable":true,"href":"https:\/\/sites.senat.ro\/index.php?rest_route=\/wp\/v2\/users\/1"}],"replies":[{"embeddable":true,"href":"https:\/\/sites.senat.ro\/index.php?rest_route=%2Fwp%2Fv2%2Fcomments&post=67"}],"version-history":[{"count":0,"href":"https:\/\/sites.senat.ro\/index.php?rest_route=\/wp\/v2\/posts\/67\/revisions"}],"wp:attachment":[{"href":"https:\/\/sites.senat.ro\/index.php?rest_route=%2Fwp%2Fv2%2Fmedia&parent=67"}],"wp:term":[{"taxonomy":"category","embeddable":true,"href":"https:\/\/sites.senat.ro\/index.php?rest_route=%2Fwp%2Fv2%2Fcategories&post=67"},{"taxonomy":"post_tag","embeddable":true,"href":"https:\/\/sites.senat.ro\/index.php?rest_route=%2Fwp%2Fv2%2Ftags&post=67"}],"curies":[{"name":"wp","href":"https:\/\/api.w.org\/{rel}","templated":true}]}}