{"id":643,"date":"2018-09-23T14:13:56","date_gmt":"2018-09-23T14:13:56","guid":{"rendered":"http:\/\/sites.senat.ro\/?p=643"},"modified":"2019-01-23T14:14:20","modified_gmt":"2019-01-23T14:14:20","slug":"cea-de-a-68-a-sesiune-a-comitetului-regional-al-oms-pentru-europa-roma-17-20-septembrie-2018","status":"publish","type":"post","link":"https:\/\/sites.senat.ro\/?p=643","title":{"rendered":"Cea de-a 68-a sesiune a Comitetului Regional al OMS pentru Europa (Roma, 17-20 septembrie 2018)"},"content":{"rendered":"<p style=\"text-align: justify\"><img loading=\"lazy\" decoding=\"async\" class=\"wp-image-168 alignleft\" src=\"https:\/\/sites.senat.ro\/wp-content\/uploads\/sites\/2\/2018\/05\/who-300x97.png\" alt=\"\" width=\"241\" height=\"78\" srcset=\"https:\/\/sites.senat.ro\/wp-content\/uploads\/2018\/05\/who-300x97.png 300w, https:\/\/sites.senat.ro\/wp-content\/uploads\/2018\/05\/who.png 394w\" sizes=\"auto, (max-width: 241px) 100vw, 241px\" \/>La sesiune a fost invitat s\u0103 participe dl <strong>senator L\u00e1szl\u00f3 Attila<\/strong>, pre\u015fedintele Comisiei pentru s\u0103n\u0103tate public\u0103, din Senat.<\/p>\n<p style=\"text-align: justify\"><em>Comitetul Regional este organismul decizional la cel mai \u00eenalt nivel al celor 53 de state membre ale Regiunii Europene a OMS, care reune\u0219te mini\u015ftri \u0219i al\u021bi oficiali cu atribu\u021bii \u00een domeniul s\u0103n\u0103t\u0103\u021bii, reprezentan\u021bi ai organiza\u0163iilor partenere \u015fi ai societ\u0103\u0163ii civile. <\/em><\/p>\n<p style=\"text-align: justify\">Participan\u0163ii au discutat despre: stadiul implement\u0103rii cadrului strategic european pentru s\u0103n\u0103tate <em>Health 2020<\/em>; Raportul european privind s\u0103n\u0103tatea 2018; Agenda pentru Dezvoltare Durabil\u0103 2030 din perspectiva s\u0103n\u0103t\u0103\u021bii publice; accesul popula\u021biei la serviciile de s\u0103n\u0103tate \u0219i protec\u0163ia financiar\u0103; \u00eembun\u0103t\u0103\u0163irea capacit\u0103\u021bii de reac\u021bie \u0219i r\u0103spuns \u00een domeniul s\u0103n\u0103t\u0103\u0163ii publice; maladiile transmise prin vectori; planul european de vaccinare \u015fi imunizare; planul de ac\u021biune strategic european privind rezisten\u021ba la antibiotice; implementarea conven\u021biei-cadru a OMS pentru controlul tutunului; rolul strategic al birourilor de \u0163ar\u0103 ale OMS s.a. &nbsp;<em>&nbsp;<\/em><\/p>\n","protected":false},"excerpt":{"rendered":"<p>La sesiune a fost invitat s\u0103 participe dl senator L\u00e1szl\u00f3 Attila, pre\u015fedintele Comisiei pentru s\u0103n\u0103tate public\u0103, din Senat. Comitetul Regional este organismul decizional la cel mai \u00eenalt nivel al celor 53 de state membre ale Regiunii Europene a OMS, care reune\u0219te mini\u015ftri \u0219i al\u021bi oficiali cu atribu\u021bii \u00een domeniul s\u0103n\u0103t\u0103\u021bii, reprezentan\u021bi ai organiza\u0163iilor partenere \u015fi [&hellip;]<\/p>\n","protected":false},"author":2,"featured_media":0,"comment_status":"closed","ping_status":"open","sticky":false,"template":"","format":"standard","meta":{"ngg_post_thumbnail":0,"footnotes":""},"categories":[4],"tags":[],"class_list":["post-643","post","type-post","status-publish","format-standard","hentry","category-onu"],"_links":{"self":[{"href":"https:\/\/sites.senat.ro\/index.php?rest_route=\/wp\/v2\/posts\/643","targetHints":{"allow":["GET"]}}],"collection":[{"href":"https:\/\/sites.senat.ro\/index.php?rest_route=\/wp\/v2\/posts"}],"about":[{"href":"https:\/\/sites.senat.ro\/index.php?rest_route=\/wp\/v2\/types\/post"}],"author":[{"embeddable":true,"href":"https:\/\/sites.senat.ro\/index.php?rest_route=\/wp\/v2\/users\/2"}],"replies":[{"embeddable":true,"href":"https:\/\/sites.senat.ro\/index.php?rest_route=%2Fwp%2Fv2%2Fcomments&post=643"}],"version-history":[{"count":0,"href":"https:\/\/sites.senat.ro\/index.php?rest_route=\/wp\/v2\/posts\/643\/revisions"}],"wp:attachment":[{"href":"https:\/\/sites.senat.ro\/index.php?rest_route=%2Fwp%2Fv2%2Fmedia&parent=643"}],"wp:term":[{"taxonomy":"category","embeddable":true,"href":"https:\/\/sites.senat.ro\/index.php?rest_route=%2Fwp%2Fv2%2Fcategories&post=643"},{"taxonomy":"post_tag","embeddable":true,"href":"https:\/\/sites.senat.ro\/index.php?rest_route=%2Fwp%2Fv2%2Ftags&post=643"}],"curies":[{"name":"wp","href":"https:\/\/api.w.org\/{rel}","templated":true}]}}