{"id":641,"date":"2018-10-14T14:14:31","date_gmt":"2018-10-14T14:14:31","guid":{"rendered":"http:\/\/sites.senat.ro\/?p=641"},"modified":"2019-01-23T14:31:12","modified_gmt":"2019-01-23T14:31:12","slug":"dezbaterea-privind-constituirea-rezervatiei-biosferei-transfrontaliere-trilaterale-delta-dunarii-prutul-de-jos-tulcea-11-octombrie-2018","status":"publish","type":"post","link":"https:\/\/sites.senat.ro\/?p=641","title":{"rendered":"Dezbatere privind constituirea, sub patronajul UNESCO, a Rezerva\u021biei Biosferei Transfrontaliere trilaterale \u201dDelta Dun\u0103rii &#8211; Prutul de Jos\u201d (Tulcea, 11 octombrie 2018)"},"content":{"rendered":"<p style=\"text-align: justify\"><img loading=\"lazy\" decoding=\"async\" class=\" wp-image-501 alignleft\" src=\"https:\/\/sites.senat.ro\/wp-content\/uploads\/sites\/2\/2019\/01\/UNESCO.jpg\" alt=\"\" width=\"149\" height=\"111\">La dezbaterea privind <strong><em>constituirea Rezerva\u021biei Biosferei Transfrontaliere trilaterale \u201dDelta Dun\u0103rii &#8211; Prutul de Jos\u201d<\/em><\/strong>, dintre Rom\u00e2nia, Ucraina \u0219i Republica Moldova, sub patronajul UNESCO, au participat: dl <strong>deputat Ionel Pal\u0103r<\/strong>, pre\u0219edintele Comisiei permanente comune a Camerei Deputa\u021bilor \u0219i Senatului pentru rela\u021bia cu UNESCO; dl <strong>deputat Lucian-Eduard Simion<\/strong>, raportor al dosarului \u0219i dl <strong>senator Ion Ganea<\/strong>, membri ai Comisiei; parlamentari tulceni; ES dl Mihai Gribincea, ambasadorul Republicii Moldova \u00een Rom\u00e2nia; ES dl Oleksandr Bankov, ambasadorul Ucrainei \u00een Rom\u00e2nia; dl Horia Teodorescu, pre\u0219edintele Consiliului jude\u021bean Tulcea; reprezentan\u021bi ai institu\u021biilor de mediu.<\/p>\n<p style=\"text-align: justify\">Participan\u021bii au discutat despre m\u0103surile necesare \u0219i etapele de parcurs pentru armonizarea legisla\u021biei \u0219i politicilor de mediu din cele trei \u021b\u0103ri, \u00een scopul unei abord\u0103ri integrate a managementului resurselor naturale \u00een zona transfrontalier\u0103 a Deltei Dun\u0103rii \u0219i Regiunii Prutului de Jos. Obiectivul general al proiectului \u00eel constituie reducerea pierderilor de biodiversitate \u0219i \u00eembun\u0103t\u0103\u021birea nivelului de trai al popula\u021biei locale.<\/p>\n<p>&nbsp;<\/p>\n","protected":false},"excerpt":{"rendered":"<p>La dezbaterea privind constituirea Rezerva\u021biei Biosferei Transfrontaliere trilaterale \u201dDelta Dun\u0103rii &#8211; Prutul de Jos\u201d, dintre Rom\u00e2nia, Ucraina \u0219i Republica Moldova, sub patronajul UNESCO, au participat: dl deputat Ionel Pal\u0103r, pre\u0219edintele Comisiei permanente comune a Camerei Deputa\u021bilor \u0219i Senatului pentru rela\u021bia cu UNESCO; dl deputat Lucian-Eduard Simion, raportor al dosarului \u0219i dl senator Ion Ganea, membri [&hellip;]<\/p>\n","protected":false},"author":2,"featured_media":0,"comment_status":"closed","ping_status":"open","sticky":false,"template":"","format":"standard","meta":{"ngg_post_thumbnail":0,"footnotes":""},"categories":[4],"tags":[],"class_list":["post-641","post","type-post","status-publish","format-standard","hentry","category-onu"],"_links":{"self":[{"href":"https:\/\/sites.senat.ro\/index.php?rest_route=\/wp\/v2\/posts\/641","targetHints":{"allow":["GET"]}}],"collection":[{"href":"https:\/\/sites.senat.ro\/index.php?rest_route=\/wp\/v2\/posts"}],"about":[{"href":"https:\/\/sites.senat.ro\/index.php?rest_route=\/wp\/v2\/types\/post"}],"author":[{"embeddable":true,"href":"https:\/\/sites.senat.ro\/index.php?rest_route=\/wp\/v2\/users\/2"}],"replies":[{"embeddable":true,"href":"https:\/\/sites.senat.ro\/index.php?rest_route=%2Fwp%2Fv2%2Fcomments&post=641"}],"version-history":[{"count":0,"href":"https:\/\/sites.senat.ro\/index.php?rest_route=\/wp\/v2\/posts\/641\/revisions"}],"wp:attachment":[{"href":"https:\/\/sites.senat.ro\/index.php?rest_route=%2Fwp%2Fv2%2Fmedia&parent=641"}],"wp:term":[{"taxonomy":"category","embeddable":true,"href":"https:\/\/sites.senat.ro\/index.php?rest_route=%2Fwp%2Fv2%2Fcategories&post=641"},{"taxonomy":"post_tag","embeddable":true,"href":"https:\/\/sites.senat.ro\/index.php?rest_route=%2Fwp%2Fv2%2Ftags&post=641"}],"curies":[{"name":"wp","href":"https:\/\/api.w.org\/{rel}","templated":true}]}}