{"id":63,"date":"2018-04-04T08:10:34","date_gmt":"2018-04-04T08:10:34","guid":{"rendered":"http:\/\/sites.senat.ro\/?p=63"},"modified":"2019-01-23T10:14:01","modified_gmt":"2019-01-23T10:14:01","slug":"vizita-oficiala-in-vietnam-a-delegatiei-grupului-parlamentar-de-prietenie-romania-republica-socialista-vietnam-27-martie-3-aprilie-2018","status":"publish","type":"post","link":"https:\/\/sites.senat.ro\/?p=63","title":{"rendered":"Vizita oficial\u0103 \u00een Vietnam a delega\u021biei Grupului parlamentar de prietenie Rom\u00e2nia &#8211; Republica Socialist\u0103 Vietnam (27 martie &#8211; 3 aprilie 2018)"},"content":{"rendered":"<p style=\"text-align: justify\"><strong><img loading=\"lazy\" decoding=\"async\" class=\"size-full wp-image-187 alignleft\" src=\"https:\/\/sites.senat.ro\/wp-content\/uploads\/sites\/2\/2018\/04\/vietnam-1.gif\" alt=\"\" width=\"123\" height=\"82\"><\/strong>Vizita a avut loc la invita\u021bia dnei Cao Thi Xuan, pre\u0219edintele Grupului parlamentar de prietenie cu Rom\u00e2nia din Adunarea Na\u021bional\u0103 a Republicii Socialiste Vietnam.<\/p>\n<p style=\"text-align: justify\">Din delega\u021bia condus\u0103 de dl <strong>deputat Lucian-Eduard Simion<\/strong>, pre\u0219edintele Grupului, au f\u0103cut parte: dl <strong>deputat \u0218tefan-Alexandru B\u0103i\u0219anu<\/strong>, vicepre\u0219edinte; dl <strong>deputat Vasile Gudu<\/strong>, secretar; dl <strong>deputat Eugen Nea\u021b\u0103<\/strong>, membru.<\/p>\n<p style=\"text-align: justify\">La nivel parlamentar, delega\u021bia a avut \u00eentrevederi cu dl Uong Chu Luu, vicepre\u0219edintele Adun\u0103rii Na\u021bionale \u0219i dna Cao Thi Xuan, pre\u0219edintele Grupului de prietenie omolog \u0219i cu membri ai Grupului.<\/p>\n<p><img loading=\"lazy\" decoding=\"async\" class=\"wp-image-189 alignleft\" src=\"https:\/\/sites.senat.ro\/wp-content\/uploads\/sites\/2\/2018\/04\/Foto1_Vietnam-300x182.jpg\" alt=\"\" width=\"326\" height=\"198\" srcset=\"https:\/\/sites.senat.ro\/wp-content\/uploads\/2018\/04\/Foto1_Vietnam-300x182.jpg 300w, https:\/\/sites.senat.ro\/wp-content\/uploads\/2018\/04\/Foto1_Vietnam-768x467.jpg 768w, https:\/\/sites.senat.ro\/wp-content\/uploads\/2018\/04\/Foto1_Vietnam-1024x622.jpg 1024w, https:\/\/sites.senat.ro\/wp-content\/uploads\/2018\/04\/Foto1_Vietnam-732x447.jpg 732w, https:\/\/sites.senat.ro\/wp-content\/uploads\/2018\/04\/Foto1_Vietnam-1140x693.jpg 1140w, https:\/\/sites.senat.ro\/wp-content\/uploads\/2018\/04\/Foto1_Vietnam.jpg 1600w\" sizes=\"auto, (max-width: 326px) 100vw, 326px\" \/><\/p>\n<p style=\"text-align: justify\">\u00cen cadrul convorbirilor a fost subliniat\u0103 rela\u021bia tradi\u021bional\u0103 de prietenie dintre cele dou\u0103 state \u0219i au fost trecute \u00een revist\u0103 principalele aspecte de actualitate ale colabor\u0103rii parlamentare rom\u00e2no-vietnameze. Totodat\u0103, a avut loc un schimb de opinii privind cele mai importante evolu\u021bii \u00een planul dezvolt\u0103rii rela\u021biilor economice bilaterale \u0219i perspectivele de consolidare a cooper\u0103rii \u00een domenii precum cercetarea \u0219tiin\u021bific\u0103, educa\u021bia \u0219i cultura. P\u0103r\u021bile au eviden\u021biat necesitatea unor eforturi sporite pentru valorificarea instrumentelor de cooperare dintre comunit\u0103\u021bile locale din cele dou\u0103 \u021b\u0103ri.<\/p>\n<p style=\"text-align: justify\">De asemenea, interlocutorii au abordat aspecte legate de cooperarea \u00een cadrul organiza\u021biilor interna\u021bionale, cu accent pe modalit\u0103\u021bile de conlucrare \u0219i sus\u021binere reciproc\u0103 a candidaturilor pentru Consiliul de Securitate al ONU, la alegerile din 2019.<\/p>\n<p style=\"text-align: justify\">Delega\u021bia rom\u00e2n\u0103 s-a deplasat \u0219i \u00een provincia Quang Ninh, \u00een care se afl\u0103 Golful Ha Long, \u00eenscris pe Lista Patrimoniul Mondial UNESCO, unde a avut loc un schimb de opinii cu oficialii locali privind modul de \u00eentre\u021binere \u0219i protejare a siturilor naturale. De asemenea, a vizitat provincia Ben Tre, localitate \u00eenfr\u0103\u021bit\u0103 cu ora\u0219ul Tulcea, unde a discutat cu reprezentan\u021bi ai conducerii provinciei despre modalit\u0103\u021bile de valorificare a parteneriatului dintre cele dou\u0103 localit\u0103\u021bi, cu accent pe dezvoltarea proiectelor comune \u00een derulare, inclusiv proiectul de cooperare Dun\u0103re-Mekong.<\/p>\n<p style=\"text-align: justify\">Programul a inclus \u0219i o vizit\u0103 \u00een ora\u0219ul Ho Chi Minh, unde parlamentarii rom\u00e2ni au avut \u00eentrevederi cu reprezentan\u021bi ai administra\u021biei locale \u0219i ai <em>Asocia\u021biei fo\u0219tilor studen\u021bi vietnamezi vorbitori de limb\u0103 rom\u00e2n\u0103<\/em>, ocazie cu care a fost evocat\u0103 tradi\u021bionala cooperare academic\u0103 dintre universit\u0103\u021bile celor dou\u0103 state \u0219i dorin\u021ba reciproc\u0103 de identificare a unor noi parteneriate \u00een domeniile \u00eenv\u0103\u021b\u0103m\u00e2ntului \u0219i culturii.&nbsp;<\/p>\n<p>&nbsp; &nbsp; &nbsp; &nbsp; &nbsp; &nbsp; &nbsp;&nbsp;<img loading=\"lazy\" decoding=\"async\" class=\"wp-image-190 aligncenter\" src=\"https:\/\/sites.senat.ro\/wp-content\/uploads\/sites\/2\/2018\/04\/Foto2_Vietnam-300x190.jpg\" alt=\"\" width=\"316\" height=\"200\" srcset=\"https:\/\/sites.senat.ro\/wp-content\/uploads\/2018\/04\/Foto2_Vietnam-300x190.jpg 300w, https:\/\/sites.senat.ro\/wp-content\/uploads\/2018\/04\/Foto2_Vietnam-768x486.jpg 768w, https:\/\/sites.senat.ro\/wp-content\/uploads\/2018\/04\/Foto2_Vietnam-1024x648.jpg 1024w, https:\/\/sites.senat.ro\/wp-content\/uploads\/2018\/04\/Foto2_Vietnam-732x463.jpg 732w, https:\/\/sites.senat.ro\/wp-content\/uploads\/2018\/04\/Foto2_Vietnam-1140x721.jpg 1140w, https:\/\/sites.senat.ro\/wp-content\/uploads\/2018\/04\/Foto2_Vietnam.jpg 1600w\" sizes=\"auto, (max-width: 316px) 100vw, 316px\" \/><\/p>\n","protected":false},"excerpt":{"rendered":"<p>Vizita a avut loc la invita\u021bia dnei Cao Thi Xuan, pre\u0219edintele Grupului parlamentar de prietenie cu Rom\u00e2nia din Adunarea Na\u021bional\u0103 a Republicii Socialiste Vietnam. Din delega\u021bia condus\u0103 de dl deputat Lucian-Eduard Simion, pre\u0219edintele Grupului, au f\u0103cut parte: dl deputat \u0218tefan-Alexandru B\u0103i\u0219anu, vicepre\u0219edinte; dl deputat Vasile Gudu, secretar; dl deputat Eugen Nea\u021b\u0103, membru. La nivel parlamentar, [&hellip;]<\/p>\n","protected":false},"author":1,"featured_media":0,"comment_status":"closed","ping_status":"open","sticky":false,"template":"","format":"standard","meta":{"ngg_post_thumbnail":0,"footnotes":""},"categories":[1,7],"tags":[],"class_list":["post-63","post","type-post","status-publish","format-standard","hentry","category-prietenie","category-viziteoficiale"],"_links":{"self":[{"href":"https:\/\/sites.senat.ro\/index.php?rest_route=\/wp\/v2\/posts\/63","targetHints":{"allow":["GET"]}}],"collection":[{"href":"https:\/\/sites.senat.ro\/index.php?rest_route=\/wp\/v2\/posts"}],"about":[{"href":"https:\/\/sites.senat.ro\/index.php?rest_route=\/wp\/v2\/types\/post"}],"author":[{"embeddable":true,"href":"https:\/\/sites.senat.ro\/index.php?rest_route=\/wp\/v2\/users\/1"}],"replies":[{"embeddable":true,"href":"https:\/\/sites.senat.ro\/index.php?rest_route=%2Fwp%2Fv2%2Fcomments&post=63"}],"version-history":[{"count":0,"href":"https:\/\/sites.senat.ro\/index.php?rest_route=\/wp\/v2\/posts\/63\/revisions"}],"wp:attachment":[{"href":"https:\/\/sites.senat.ro\/index.php?rest_route=%2Fwp%2Fv2%2Fmedia&parent=63"}],"wp:term":[{"taxonomy":"category","embeddable":true,"href":"https:\/\/sites.senat.ro\/index.php?rest_route=%2Fwp%2Fv2%2Fcategories&post=63"},{"taxonomy":"post_tag","embeddable":true,"href":"https:\/\/sites.senat.ro\/index.php?rest_route=%2Fwp%2Fv2%2Ftags&post=63"}],"curies":[{"name":"wp","href":"https:\/\/api.w.org\/{rel}","templated":true}]}}