{"id":61,"date":"2018-03-17T08:05:26","date_gmt":"2018-03-17T08:05:26","guid":{"rendered":"http:\/\/sites.senat.ro\/?p=61"},"modified":"2019-01-23T10:14:28","modified_gmt":"2019-01-23T10:14:28","slug":"vizita-oficiala-la-baku-a-delegatiei-grupului-parlamentar-de-prietenie-romania-republica-azerbaidjan-14-16-martie-2018","status":"publish","type":"post","link":"https:\/\/sites.senat.ro\/?p=61","title":{"rendered":"Vizita oficial\u0103 la Baku a delega\u021biei Grupului parlamentar de prietenie Rom\u00e2nia &#8211; Republica Azerbaidjan (14-16 martie 2018)"},"content":{"rendered":"<p style=\"text-align: justify\"><img loading=\"lazy\" decoding=\"async\" class=\"size-full wp-image-197 alignleft\" src=\"https:\/\/sites.senat.ro\/wp-content\/uploads\/sites\/2\/2018\/03\/azerbaidjan.gif\" alt=\"\" width=\"164\" height=\"82\">Vizita la Baku a avut loc la invita\u021bia dlui Azay Guliyev, pre\u0219edintele Grupului parlamentar de prietenie Azerbaidjan-Rom\u00e2nia.&nbsp;Din delega\u021bia condus\u0103 de dl <strong>deputat Victor Paul Dobre<\/strong>, pre\u0219edintele Grupului, au f\u0103cut parte dl <strong>deputat Gheorghe-Dinu Socotar<\/strong>, vicepre\u0219edinte \u0219i dl <strong>senator Iancu Caracota<\/strong>, membru.<\/p>\n<p style=\"text-align: justify\">Oaspe\u021bii au avut convorbiri cu dl Ziyafet Asgarov, prim-vicepre\u0219edinte al parlamentului azer, cu dl Azay Guliyev, pre\u0219edintele Grupului parlamentar de prietenie Azerbaidjan-Rom\u00e2nia \u0219i cu membri ai Grupului, cu dna Sevinj Fataliyeva, vicepre\u0219edinte al Comisiei pentru politic\u0103 extern\u0103 \u0219i rela\u021bii interparlamentare \u0219i cu membri ai Comisiei. La nivel guvernamental, programul a inclus \u00eentrevederi cu dl Mahmud Mammad-Gulyiev, ministru adjunct al Afacerilor Externe \u0219i dl Niyazi Sfarov, ministru adjunct al Economiei.<\/p>\n<table class=\"aligncenter\" style=\"width: 79.4275%;border-collapse: collapse\" border=\"0\">\n<tbody>\n<tr>\n<td style=\"width: 42.8897%\"><img loading=\"lazy\" decoding=\"async\" class=\"size-medium wp-image-199 aligncenter\" src=\"https:\/\/sites.senat.ro\/wp-content\/uploads\/sites\/2\/2018\/03\/Foto1_Azerbaidjan-300x225.jpg\" alt=\"\" width=\"300\" height=\"225\" srcset=\"https:\/\/sites.senat.ro\/wp-content\/uploads\/2018\/03\/Foto1_Azerbaidjan-300x225.jpg 300w, https:\/\/sites.senat.ro\/wp-content\/uploads\/2018\/03\/Foto1_Azerbaidjan-768x576.jpg 768w, https:\/\/sites.senat.ro\/wp-content\/uploads\/2018\/03\/Foto1_Azerbaidjan-732x549.jpg 732w, https:\/\/sites.senat.ro\/wp-content\/uploads\/2018\/03\/Foto1_Azerbaidjan.jpg 960w\" sizes=\"auto, (max-width: 300px) 100vw, 300px\" \/><\/td>\n<td style=\"width: 36.5378%\"><img loading=\"lazy\" decoding=\"async\" class=\"size-medium wp-image-200 aligncenter\" src=\"https:\/\/sites.senat.ro\/wp-content\/uploads\/sites\/2\/2018\/03\/Foto-4_Azerbaidjan-300x225.jpg\" alt=\"\" width=\"300\" height=\"225\" srcset=\"https:\/\/sites.senat.ro\/wp-content\/uploads\/2018\/03\/Foto-4_Azerbaidjan-300x225.jpg 300w, https:\/\/sites.senat.ro\/wp-content\/uploads\/2018\/03\/Foto-4_Azerbaidjan-768x576.jpg 768w, https:\/\/sites.senat.ro\/wp-content\/uploads\/2018\/03\/Foto-4_Azerbaidjan-732x549.jpg 732w, https:\/\/sites.senat.ro\/wp-content\/uploads\/2018\/03\/Foto-4_Azerbaidjan.jpg 960w\" sizes=\"auto, (max-width: 300px) 100vw, 300px\" \/><\/td>\n<\/tr>\n<\/tbody>\n<\/table>\n<p>&nbsp;<\/p>\n<p style=\"text-align: justify\">Discu\u021biile au eviden\u021biat prietenia tradi\u021bional\u0103 care leag\u0103 poporul rom\u00e2n \u0219i azer, stadiul excelent al rela\u021biilor parlamentare bilaterale, dorin\u021ba reciproc\u0103 de intensificare a cooper\u0103rii \u00een domeniile politic, economic (\u00eendeosebi \u00een sectoarele transporturilor \u0219i energiei), cultural, \u0219tiin\u021bific, al educa\u021biei \u0219i turismului. P\u0103r\u021bile \u0219i-au manifestat interesul pentru relansarea activit\u0103\u021bii <em>Comisiei mixte interguvernamentale rom\u00e2no-azere de colaborare comercial-economic\u0103 \u0219i tehnico-\u0219tiin\u021bific\u0103 <\/em>\u0219i dorin\u021ba de a valorifica \u00een continuare oportunit\u0103\u021bile diploma\u021biei parlamentare pentru sus\u021binerea ansamblului cooper\u0103rii rom\u00e2no-azere.<\/p>\n<p style=\"text-align: justify\">Delega\u021bia parlamentar\u0103 rom\u00e2n\u0103 a vizitat <em>Universitatea Limbilor<\/em> din Azerbaidjan, unde s-a \u00eent\u00e2lnit cu reprezentan\u021bi ai institu\u021biei \u0219i cu studen\u021bi azeri. \u00cen cadrul dialogului, s-a accentuat necesitatea dezvolt\u0103rii rela\u021biilor rom\u00e2no-azere \u00een domeniul educa\u021biei, cu accent pe valorificarea formatelor bilaterale de cooperare educa\u021bional\u0103 inter-state, dar mai ales \u00een baza acordurilor de cooperare inter-universitar\u0103.<\/p>\n<p style=\"text-align: justify\">Pentru continuarea dialogului dintre cele dou\u0103 grupuri de prietenie \u0219i o mai bun\u0103 valorificare a rolului acestora \u00een promovarea cooper\u0103rii dintre cele dou\u0103 \u021b\u0103ri, partea rom\u00e2n\u0103 a adresat membrilor Grupului de prietenie omolog invita\u021bia de e efectua o vizit\u0103 oficial\u0103 \u00een Rom\u00e2nia.&nbsp;Vizita la Baku a delega\u021biei Grupului parlamentar de prietenie Rom\u00e2nia &#8211; Azerbaidjan a fost reflectat\u0103 \u00een presa azer\u0103 inclusiv cu ocazia interviurilor acordate de dl deputat Victor Paul Dobre agen\u021biilor locale de \u0219tiri <em>Trend <\/em>\u0219i <em>APA.<\/em><\/p>\n","protected":false},"excerpt":{"rendered":"<p>Vizita la Baku a avut loc la invita\u021bia dlui Azay Guliyev, pre\u0219edintele Grupului parlamentar de prietenie Azerbaidjan-Rom\u00e2nia.&nbsp;Din delega\u021bia condus\u0103 de dl deputat Victor Paul Dobre, pre\u0219edintele Grupului, au f\u0103cut parte dl deputat Gheorghe-Dinu Socotar, vicepre\u0219edinte \u0219i dl senator Iancu Caracota, membru. Oaspe\u021bii au avut convorbiri cu dl Ziyafet Asgarov, prim-vicepre\u0219edinte al parlamentului azer, cu dl [&hellip;]<\/p>\n","protected":false},"author":1,"featured_media":0,"comment_status":"closed","ping_status":"open","sticky":false,"template":"","format":"standard","meta":{"ngg_post_thumbnail":0,"footnotes":""},"categories":[1,7],"tags":[],"class_list":["post-61","post","type-post","status-publish","format-standard","hentry","category-prietenie","category-viziteoficiale"],"_links":{"self":[{"href":"https:\/\/sites.senat.ro\/index.php?rest_route=\/wp\/v2\/posts\/61","targetHints":{"allow":["GET"]}}],"collection":[{"href":"https:\/\/sites.senat.ro\/index.php?rest_route=\/wp\/v2\/posts"}],"about":[{"href":"https:\/\/sites.senat.ro\/index.php?rest_route=\/wp\/v2\/types\/post"}],"author":[{"embeddable":true,"href":"https:\/\/sites.senat.ro\/index.php?rest_route=\/wp\/v2\/users\/1"}],"replies":[{"embeddable":true,"href":"https:\/\/sites.senat.ro\/index.php?rest_route=%2Fwp%2Fv2%2Fcomments&post=61"}],"version-history":[{"count":0,"href":"https:\/\/sites.senat.ro\/index.php?rest_route=\/wp\/v2\/posts\/61\/revisions"}],"wp:attachment":[{"href":"https:\/\/sites.senat.ro\/index.php?rest_route=%2Fwp%2Fv2%2Fmedia&parent=61"}],"wp:term":[{"taxonomy":"category","embeddable":true,"href":"https:\/\/sites.senat.ro\/index.php?rest_route=%2Fwp%2Fv2%2Fcategories&post=61"},{"taxonomy":"post_tag","embeddable":true,"href":"https:\/\/sites.senat.ro\/index.php?rest_route=%2Fwp%2Fv2%2Ftags&post=61"}],"curies":[{"name":"wp","href":"https:\/\/api.w.org\/{rel}","templated":true}]}}