{"id":59,"date":"2018-04-17T08:30:17","date_gmt":"2018-04-17T08:30:17","guid":{"rendered":"http:\/\/sites.senat.ro\/?p=59"},"modified":"2019-01-23T10:10:28","modified_gmt":"2019-01-23T10:10:28","slug":"a-204-a-sesiune-a-consiliului-executiv-unesco-paris-11-15-aprilie-a-c","status":"publish","type":"post","link":"https:\/\/sites.senat.ro\/?p=59","title":{"rendered":"Cea de-a 204-a sesiune a Consiliului Executiv UNESCO (Paris, 11-15 aprilie 2018)"},"content":{"rendered":"<p style=\"text-align: justify\"><img loading=\"lazy\" decoding=\"async\" class=\"wp-image-141 alignleft\" src=\"https:\/\/sites.senat.ro\/wp-content\/uploads\/sites\/2\/2018\/07\/unesco.png\" alt=\"\" width=\"110\" height=\"82\">O delega\u021bie a Comisiei permanente comune a Camerei Deputa\u0163ilor \u015fi Senatului pentru rela\u0163ia cu UNESCO, condus\u0103 de dl <strong>deputat<\/strong> <strong>Ionel Pal\u0103r<\/strong>, pre\u0219edintele Comisiei, a participat la <span style=\"color: #000000\"><strong><em>cea de-<\/em><\/strong><strong><em>a&nbsp; 204-a sesiune a Consiliului Executiv UNESCO<\/em> <\/strong><\/span>(Paris, 11-15 aprilie). Din delega\u021bie au f\u0103cut parte dl <strong>senator Nov\u00e1k Csaba-Zolt\u00e1n<\/strong>, vicepre\u0219edintele Comisiei, dl <strong>senator Alexandru Pere\u0219<\/strong> \u0219i dl <strong>deputat<\/strong> <strong>Lucian-Eduard Simion<\/strong>, membri ai Comisiei.<\/p>\n<p style=\"text-align: justify\">Consiliul a examinat: aspecte referitoare la programul, bugetul, statutul, normele \u0219i regulile de func\u021bionare ale organiza\u021biei; etapele transform\u0103rii strategice a UNESCO; stadiul rela\u021biilor cu statele membre \u0219i cu organiza\u021biile interna\u021bionale guvernamentale \u0219i non guvernamentale partenere. Au fost aprobate 13 nominaliz\u0103ri de geoparcuri UNESCO \u0219i au fost analizate: rezultatele unor programe de protec\u021bie a patrimoniului din zonele aflate \u00een conflict; rezultatele etapei-pilot a instrumentului de evaluare a managementului durabil al turismului; stadiul implement\u0103rii recomand\u0103rilor privind promovarea \u0219i utilizarea multilingvismului \u0219i a accesului universal la spa\u021biul cibernetic \u0219i, respectiv, conservarea \u0219i accesul la patrimoniul documentar, inclusiv \u00een formatele digitale \u0219.a.<\/p>\n<p style=\"text-align: justify\">\u00cen marja sesiunii, delega\u021bia parlamentar\u0103 a avut \u00eentrevederi cu oficiali ai Delega\u021biei Rom\u00e2niei la UNESCO \u0219i ai Secretariatului UNESCO, prilej cu care s-a discutat despre: modalit\u0103\u021bile de promovare a Parcului Natural Por\u021bile de Fier \u00een vederea includerii \u00een patrimoniul UNESCO; finalizarea constituirii dosarului rezerva\u0163iei biosferei Delta Dun\u0103rii-Prutul de Jos; situa\u021bia parcurilor na\u021bionale Mun\u021bii Rodnei \u0219i Retezat; monitorizarea dosarelor propuse pentru Lista Patrimoniului Mondial Cultural Material \u0219i Imaterial &#8211; Ro\u0219ia Montan\u0103, Ansamblul Monumental realizat de Constantin Br\u00e2ncu\u0219i la T\u00e2rgu Jiu, C\u0103ma\u0219a cu alti\u021b\u0103; situa\u021bia P\u0103durilor virgine de fag, incluse pe Lista Patrimoniului Mondial al UNESCO; includerea Geoparcului \u021ainutul Buz\u0103ului \u00een re\u021beaua global\u0103 de situri UNESCO.<\/p>\n","protected":false},"excerpt":{"rendered":"<p>O delega\u021bie a Comisiei permanente comune a Camerei Deputa\u0163ilor \u015fi Senatului pentru rela\u0163ia cu UNESCO, condus\u0103 de dl deputat Ionel Pal\u0103r, pre\u0219edintele Comisiei, a participat la cea de-a&nbsp; 204-a sesiune a Consiliului Executiv UNESCO (Paris, 11-15 aprilie). Din delega\u021bie au f\u0103cut parte dl senator Nov\u00e1k Csaba-Zolt\u00e1n, vicepre\u0219edintele Comisiei, dl senator Alexandru Pere\u0219 \u0219i dl deputat [&hellip;]<\/p>\n","protected":false},"author":1,"featured_media":0,"comment_status":"closed","ping_status":"open","sticky":false,"template":"","format":"standard","meta":{"ngg_post_thumbnail":0,"footnotes":""},"categories":[4],"tags":[],"class_list":["post-59","post","type-post","status-publish","format-standard","hentry","category-onu"],"_links":{"self":[{"href":"https:\/\/sites.senat.ro\/index.php?rest_route=\/wp\/v2\/posts\/59","targetHints":{"allow":["GET"]}}],"collection":[{"href":"https:\/\/sites.senat.ro\/index.php?rest_route=\/wp\/v2\/posts"}],"about":[{"href":"https:\/\/sites.senat.ro\/index.php?rest_route=\/wp\/v2\/types\/post"}],"author":[{"embeddable":true,"href":"https:\/\/sites.senat.ro\/index.php?rest_route=\/wp\/v2\/users\/1"}],"replies":[{"embeddable":true,"href":"https:\/\/sites.senat.ro\/index.php?rest_route=%2Fwp%2Fv2%2Fcomments&post=59"}],"version-history":[{"count":0,"href":"https:\/\/sites.senat.ro\/index.php?rest_route=\/wp\/v2\/posts\/59\/revisions"}],"wp:attachment":[{"href":"https:\/\/sites.senat.ro\/index.php?rest_route=%2Fwp%2Fv2%2Fmedia&parent=59"}],"wp:term":[{"taxonomy":"category","embeddable":true,"href":"https:\/\/sites.senat.ro\/index.php?rest_route=%2Fwp%2Fv2%2Fcategories&post=59"},{"taxonomy":"post_tag","embeddable":true,"href":"https:\/\/sites.senat.ro\/index.php?rest_route=%2Fwp%2Fv2%2Ftags&post=59"}],"curies":[{"name":"wp","href":"https:\/\/api.w.org\/{rel}","templated":true}]}}