{"id":57,"date":"2018-05-27T08:35:11","date_gmt":"2018-05-27T08:35:11","guid":{"rendered":"http:\/\/sites.senat.ro\/?p=57"},"modified":"2019-01-23T10:09:54","modified_gmt":"2019-01-23T10:09:54","slug":"seminarul-regional-cu-tema-cooperarea-parlamentara-pentru-dezvoltarea-durabila-combaterea-saraciei-si-promovarea-serviciilor-de-sanatate-belgrad-24-25-mai-2018","status":"publish","type":"post","link":"https:\/\/sites.senat.ro\/?p=57","title":{"rendered":"Seminarul regional cu tema <i>Cooperarea parlamentar\u0103 pentru dezvoltarea durabil\u0103: combaterea s\u0103r\u0103ciei \u0219i promovarea serviciilor de s\u0103n\u0103tate<\/i> (Belgrad, 24-25 mai 2018)"},"content":{"rendered":"<p style=\"text-align: justify\"><img loading=\"lazy\" decoding=\"async\" class=\" wp-image-149 alignleft\" src=\"https:\/\/sites.senat.ro\/wp-content\/uploads\/sites\/2\/2018\/07\/serbian_parliament.png\" alt=\"\" width=\"154\" height=\"79\">Cel de-al patrulea seminar regional al UIP pe problematica dezvolt\u0103rii durabile, destinat parlamentelor din Europa Central\u0103 \u0219i de Est \u0219i Asia Central\u0103, a fost organizat \u00een cooperare cu&nbsp; Adunarea Na\u021bional\u0103 a Republicii Serbia. La eveniment au participat parlamentari, exper\u021bi ONU, oficiali guvernamentali \u0219i reprezentan\u021bi ai societ\u0103\u021bii civile.&nbsp;<\/p>\n<p style=\"text-align: justify\">Parlamentul Rom\u00e2niei a fost reprezentat de dl <strong>senator Adrian Wiener<\/strong>, membru al GRUI, pre\u0219edintele Comisiei pentru egalitate de \u0219anse \u0219i membru al Comisiei pentru s\u0103n\u0103tate public\u0103 din Senat \u0219i de dl <strong>deputat Nicolae-Miroslav Petre\u021bchi<\/strong>, membru al Comitetului Director al GRUI, secretar al Comisiei pentru cultur\u0103, arte, mijloace de informare \u00een mas\u0103 din Camera Deputa\u021bilor.<\/p>\n<table class=\"aligncenter\" style=\"width: 100%;border-collapse: collapse\" border=\"0\">\n<tbody>\n<tr>\n<td style=\"width: 686px;vertical-align: top\"><img loading=\"lazy\" decoding=\"async\" class=\"wp-image-151 aligncenter\" src=\"https:\/\/sites.senat.ro\/wp-content\/uploads\/sites\/2\/2018\/07\/foto-2-Belgrad-300x264.jpg\" alt=\"\" width=\"318\" height=\"279\" srcset=\"https:\/\/sites.senat.ro\/wp-content\/uploads\/2018\/07\/foto-2-Belgrad-300x264.jpg 300w, https:\/\/sites.senat.ro\/wp-content\/uploads\/2018\/07\/foto-2-Belgrad.jpg 462w\" sizes=\"auto, (max-width: 318px) 100vw, 318px\" \/><\/td>\n<td style=\"width: 686px;vertical-align: top\"><img loading=\"lazy\" decoding=\"async\" class=\"wp-image-152 size-medium aligncenter\" src=\"https:\/\/sites.senat.ro\/wp-content\/uploads\/sites\/2\/2018\/07\/Foto-3_Belgrad-300x300.jpg\" alt=\"\" width=\"300\" height=\"300\" srcset=\"https:\/\/sites.senat.ro\/wp-content\/uploads\/2018\/07\/Foto-3_Belgrad-300x300.jpg 300w, https:\/\/sites.senat.ro\/wp-content\/uploads\/2018\/07\/Foto-3_Belgrad-150x150.jpg 150w, https:\/\/sites.senat.ro\/wp-content\/uploads\/2018\/07\/Foto-3_Belgrad.jpg 622w\" sizes=\"auto, (max-width: 300px) 100vw, 300px\" \/><\/td>\n<\/tr>\n<\/tbody>\n<\/table>\n<p>&nbsp;<\/p>\n<p style=\"text-align: justify\">Dl L\u00e1szl\u00f3 Borb\u00e9ly, coordonatorul Departamentului pentru Dezvoltare Durabil\u0103 din cadrul Secretariatului General al Guvernului Rom\u00e2niei, a fost invitat la lucr\u0103ri \u00een calitate de <em>keynote speaker<\/em>.<\/p>\n<p style=\"text-align: justify\">La sesiunea inaugural\u0103, prezidat\u0103 de dl Milorad Mijatovi\u0107, membru al Delega\u021biei permanente a Serbiei la UIP, coordonatorul Grupului de lucru pentru implementarea ODD \u00een Adunarea Na\u021bional\u0103, au luat cuv\u00e2ntul: dna Maja Gojkovi\u0107, pre\u0219edintele Adun\u0103rii Na\u021bionale a Serbiei; dna Gabriela Cuevas Barron, pre\u0219edintele UIP; dna Slavica Djuki\u0107-Dejanovi\u0107, ministru f\u0103r\u0103 portofoliu, coordonatorul Grupului de lucru interministerial pentru implementarea Agendei 2030 pentru Dezvoltare Durabil\u0103, Serbia; dna Karla Hershey, coordonator rezident al ONU \u0219i reprezentant rezident al PNUD \u00een Serbia.<\/p>\n<p style=\"text-align: justify\">Programul a inclus \u0219ase sesiuni tematice: <em>Agenda 2030 pentru Dezvoltare Durabil\u0103 \u0219i priorit\u0103\u021bile statelor din regiune; Rezultatele ob\u021binute de parlamentele din regiune \u00een monitorizarea implement\u0103rii Obiectivelor de Dezvoltare Durabil\u0103: rolul instrumentelor de autoevaluare; Reducerea s\u0103r\u0103ciei \u00een regiune: grupurile marginalizate; Implementarea celui de-al treilea ODD: promovarea s\u0103n\u0103t\u0103\u021bii \u0219i a bun\u0103st\u0103rii pentru to\u021bi; Efectele agravante ale schimb\u0103rilor climatice asupra s\u0103r\u0103ciei \u0219i s\u0103n\u0103t\u0103\u021bii; Participarea social\u0103 \u0219i politic\u0103 a tinerilor &#8211; condi\u021bie prealabil\u0103 pentru aplicarea eficient\u0103 a ODD.&nbsp;&nbsp;&nbsp; <\/em><\/p>\n<p style=\"text-align: justify\">\u00cen interven\u021bia sa, dl deputat Nicolae-Miroslav Petre\u021bchi: a prezentat succint stadiul procesului de revizuire a strategiei na\u021bionale de dezvoltare durabil\u0103, cu accent pe&nbsp; \u00eembun\u0103t\u0103\u021birea structurii sistemului de s\u0103n\u0103tate, a calit\u0103\u021bii actului medical \u0219i a \u00eengrijirilor furnizate \u00een cadrul serviciilor de s\u0103n\u0103tate; s-a referit la m\u0103surile de reformare a sistemului na\u021bional de asisten\u021b\u0103 social\u0103 \u0219i la cadrul legislativ din domeniul serviciilor sociale; a subliniat c\u0103 Rom\u00e2nia acord\u0103 prioritate ac\u021biunilor strategice integrate av\u00e2nd ca scop reducerea s\u0103r\u0103ciei \u0219i promovarea incluziunii sociale, \u00een concordan\u021b\u0103 cu obiectivele strategiei Europa 2020; a prezentat obiectivele \u0219i stadiul transpunerii \u00een practic\u0103 a Strategiei na\u021bionale a Rom\u00e2niei \u00een domeniul politicii de tineret 2015-2020.<\/p>\n<p style=\"text-align: justify\">Principalele concluzii \u0219i recomand\u0103ri ale dezbaterilor au fost incluse \u00een <a href=\"https:\/\/www.ipu.org\/download\/4979\" target=\"_blank\" rel=\"noopener\"><em>Documentul final<\/em><\/a>, prin intermediul c\u0103ruia participan\u021bii:<\/p>\n<ul style=\"text-align: justify\">\n<li><em>subliniaz\u0103 <\/em>rolul esen\u021bial al parlamentelor \u00een realizarea ODD, prin evaluarea impactului politicilor \u0219i programelor asumate de guvern, adoptarea legilor \u0219i alocarea resurselor bugetare necesare \u0219i <em>solicit\u0103<\/em> eforturi mai mari pentru \u00eembun\u0103t\u0103\u021birea cooper\u0103rii dintre parlament \u0219i executiv \u00een implementarea ODD;<\/li>\n<li><em>constat\u0103<\/em> cu satisfac\u021bie c\u0103 multe parlamente din regiune au \u00eenfiin\u021bat subcomisii sau grupuri de lucru pentru coordonarea activit\u0103\u021bii parlamentare \u00een sprijinul ODD; \u00een acela\u0219i timp, <em>subliniaz\u0103 <\/em>c\u0103 ODD nu ar trebui s\u0103 fac\u0103 obiectul de activitate al unei singure comisii de specialitate \u0219i c\u0103 este necesar ca fiecare comisie s\u0103 \u00een\u021beleag\u0103 leg\u0103tura dintre mandatul s\u0103u \u0219i ODD \u0219i s\u0103 identifice mecanismele de integrare a ODD \u00een propria activitate;<\/li>\n<li><em>solicit\u0103<\/em> eforturi sus\u021binute pentru eradicarea s\u0103r\u0103ciei, reducerea vulnerabilit\u0103\u021bilor \u0219i abordarea inegalit\u0103\u021bilor din regiune, subliniind importan\u021ba includerii, \u00een politicile \u0219i programele referitoare la ODD, a nevoilor specifice ale grupurilor vulnerabile;<\/li>\n<li><em>solicit\u0103 <\/em>un angajament politic ferm \u00een sprijinul s\u0103n\u0103t\u0103\u021bii, care trebuie integrat\u0103 \u00een politicile de dezvoltare, \u0219i <em>aminte\u0219te<\/em> c\u0103 prevenirea maladiilor are beneficii economice \u0219i sociale \u0219i un impact pozitiv asupra realiz\u0103rii unui num\u0103r mare de ODD;<\/li>\n<li><em>eviden\u021biaz\u0103 <\/em>importan\u021ba actualiz\u0103rii \u0219i perfec\u021bion\u0103rii capacit\u0103\u021bilor statistice de culegere \u0219i prelucrare a datelor, inclusiv a datelor referitoare la categoriile marginalizate;<\/li>\n<li><em>afirm\u0103 <\/em>c\u0103 schimb\u0103rile climatice accentueaz\u0103 s\u0103r\u0103cia \u0219i afecteaz\u0103 calitatea s\u0103n\u0103t\u0103\u021bii popula\u021biilor din regiune \u0219i <em>recomand\u0103<\/em> legislativelor s\u0103 se asigure c\u0103 efectele negative ale schimb\u0103rilor climatice sunt abordate \u00een strategiile na\u021bionale \u00een materie de s\u0103n\u0103tate \u0219i c\u0103 subven\u021bionarea activit\u0103\u021bilor nesustenabile este eliminat\u0103;<\/li>\n<li><em>reitereaz\u0103<\/em> faptul c\u0103 parlamentele trebuie s\u0103 depun\u0103 eforturi pentru o cooperare sectorial\u0103, na\u021bional\u0103, regional\u0103 \u0219i interna\u021bional\u0103 puternic\u0103 \u00een favoarea ODD, cu accent pe \u00eemp\u0103rt\u0103\u0219irea experien\u021belor \u0219i a bunelor practici, inclusiv prin ini\u021bierea de dialoguri politice cu participarea guvernului, a societ\u0103\u021bii civile, a institutelor de cercetare \u0219i a sectorului privat;<\/li>\n<li><em>invit\u0103<\/em> parlamentarii s\u0103 asigure participarea tuturor categoriilor sociale, inclusiv tinerii \u0219i grupurile defavorizate, \u00een consult\u0103rile privind implementarea ODD;<\/li>\n<li><em>subliniaz\u0103<\/em> c\u0103 fiecare parlament trebuie s\u0103 se implice activ \u00een elaborarea rapoartelor na\u021bionale voluntare prezentate de guverne la Forumul politic la nivel \u00eenalt al Na\u021biunilor Unite pentru dezvoltare durabil\u0103, precum \u0219i \u00een procesul de transpunere \u00een practic\u0103 a recomand\u0103rilor f\u0103cute \u00een urma evalu\u0103rii.<\/li>\n<\/ul>\n<p style=\"text-align: justify\">&nbsp;<\/p>\n","protected":false},"excerpt":{"rendered":"<p>Cel de-al patrulea seminar regional al UIP pe problematica dezvolt\u0103rii durabile, destinat parlamentelor din Europa Central\u0103 \u0219i de Est \u0219i Asia Central\u0103, a fost organizat \u00een cooperare cu&nbsp; Adunarea Na\u021bional\u0103 a Republicii Serbia. La eveniment au participat parlamentari, exper\u021bi ONU, oficiali guvernamentali \u0219i reprezentan\u021bi ai societ\u0103\u021bii civile.&nbsp; Parlamentul Rom\u00e2niei a fost reprezentat de dl senator [&hellip;]<\/p>\n","protected":false},"author":1,"featured_media":0,"comment_status":"closed","ping_status":"open","sticky":false,"template":"","format":"standard","meta":{"ngg_post_thumbnail":0,"footnotes":""},"categories":[3],"tags":[],"class_list":["post-57","post","type-post","status-publish","format-standard","hentry","category-participare"],"_links":{"self":[{"href":"https:\/\/sites.senat.ro\/index.php?rest_route=\/wp\/v2\/posts\/57","targetHints":{"allow":["GET"]}}],"collection":[{"href":"https:\/\/sites.senat.ro\/index.php?rest_route=\/wp\/v2\/posts"}],"about":[{"href":"https:\/\/sites.senat.ro\/index.php?rest_route=\/wp\/v2\/types\/post"}],"author":[{"embeddable":true,"href":"https:\/\/sites.senat.ro\/index.php?rest_route=\/wp\/v2\/users\/1"}],"replies":[{"embeddable":true,"href":"https:\/\/sites.senat.ro\/index.php?rest_route=%2Fwp%2Fv2%2Fcomments&post=57"}],"version-history":[{"count":0,"href":"https:\/\/sites.senat.ro\/index.php?rest_route=\/wp\/v2\/posts\/57\/revisions"}],"wp:attachment":[{"href":"https:\/\/sites.senat.ro\/index.php?rest_route=%2Fwp%2Fv2%2Fmedia&parent=57"}],"wp:term":[{"taxonomy":"category","embeddable":true,"href":"https:\/\/sites.senat.ro\/index.php?rest_route=%2Fwp%2Fv2%2Fcategories&post=57"},{"taxonomy":"post_tag","embeddable":true,"href":"https:\/\/sites.senat.ro\/index.php?rest_route=%2Fwp%2Fv2%2Ftags&post=57"}],"curies":[{"name":"wp","href":"https:\/\/api.w.org\/{rel}","templated":true}]}}