{"id":553,"date":"2018-10-15T09:37:09","date_gmt":"2018-10-15T09:37:09","guid":{"rendered":"http:\/\/sites.senat.ro\/?p=553"},"modified":"2019-02-08T09:18:22","modified_gmt":"2019-02-08T09:18:22","slug":"alte-actiuni","status":"publish","type":"post","link":"https:\/\/sites.senat.ro\/?p=553","title":{"rendered":"ALTE ACTIVIT\u0102\u0162I"},"content":{"rendered":"<table style=\"height: 280px;width: 100%;border-collapse: collapse\" border=\"0\">\n<tbody>\n<tr style=\"height: 104px\">\n<td style=\"width: 16.57%;height: 104px;vertical-align: top\"><img loading=\"lazy\" decoding=\"async\" class=\"alignnone wp-image-554\" src=\"https:\/\/sites.senat.ro\/wp-content\/uploads\/sites\/2\/2019\/01\/India.jpg\" alt=\"\" width=\"130\" height=\"82\"><\/td>\n<td style=\"width: 83.43%;height: 104px;text-align: justify;vertical-align: top\">\n<p style=\"text-align: justify\"><em><strong>19 septembrie 2018<\/strong> &#8211; Participarea unor membri ai <strong>Grupului parlamentar de prietenie Rom\u00e2nia &#8211; India<\/strong> la \u00eentrevederea dintre dl C\u0103lin Popescu-T\u0103riceanu, pre\u0219edintele Senatului, \u0219i dl Venkaiah M. Naidu, vicepre\u0219edintele Republicii India \u0219i pre\u0219edinte al Rajya Sabha (Camera superioar\u0103 a Parlamentului Indiei), cu ocazia vizitei oficiale \u00een Rom\u00e2nia a vicepre\u0219edintelui Republicii India<\/em><\/p>\n<\/td>\n<\/tr>\n<tr style=\"height: 72px\">\n<td style=\"width: 16.57%;height: 72px;vertical-align: top\"><img loading=\"lazy\" decoding=\"async\" class=\"alignnone wp-image-556\" src=\"https:\/\/sites.senat.ro\/wp-content\/uploads\/sites\/2\/2019\/01\/Coreea.jpg\" alt=\"\" width=\"131\" height=\"87\"><\/td>\n<td style=\"width: 83.43%;height: 72px;text-align: justify;vertical-align: top\"><em><strong>11 octombrie 2018<\/strong> &#8211;&nbsp; Participarea dlui senator Nicolae Avram, pre\u0219edintele <strong>Grupului parlamentar de prietenie Rom\u00e2nia &#8211; Republica Coreea<\/strong> \u0219i a membrilor Grupului la \u00eentrevederea dlui C\u0103lin Popescu-T\u0103riceanu, pre\u0219edintele Senatului, cu dl Moon Hee-sang, pre\u0219edintele Adun\u0103rii Na\u021bionale a Republicii Coreea, cu ocazia vizitei \u00een Rom\u00e2nia a oficialului coreean (10-13 octombrie 2018)<\/em><\/td>\n<\/tr>\n<\/tbody>\n<\/table>\n<p style=\"text-align: justify\"><em><strong>&nbsp;<\/strong><\/em><\/p>\n<p style=\"text-align: justify\">&nbsp;<\/p>\n<p style=\"text-align: justify\">&nbsp;<\/p>\n<p style=\"text-align: justify\">&nbsp;<\/p>\n<p style=\"text-align: justify\">&nbsp;<\/p>\n","protected":false},"excerpt":{"rendered":"<p>19 septembrie 2018 &#8211; Participarea unor membri ai Grupului parlamentar de prietenie Rom\u00e2nia &#8211; India la \u00eentrevederea dintre dl C\u0103lin Popescu-T\u0103riceanu, pre\u0219edintele Senatului, \u0219i dl Venkaiah M. Naidu, vicepre\u0219edintele Republicii India \u0219i pre\u0219edinte al Rajya Sabha (Camera superioar\u0103 a Parlamentului Indiei), cu ocazia vizitei oficiale \u00een Rom\u00e2nia a vicepre\u0219edintelui Republicii India 11 octombrie 2018 &#8211;&nbsp; [&hellip;]<\/p>\n","protected":false},"author":2,"featured_media":0,"comment_status":"closed","ping_status":"open","sticky":false,"template":"","format":"standard","meta":{"ngg_post_thumbnail":0,"footnotes":""},"categories":[10,1],"tags":[],"class_list":["post-553","post","type-post","status-publish","format-standard","hentry","category-alteactivitati","category-prietenie"],"_links":{"self":[{"href":"https:\/\/sites.senat.ro\/index.php?rest_route=\/wp\/v2\/posts\/553","targetHints":{"allow":["GET"]}}],"collection":[{"href":"https:\/\/sites.senat.ro\/index.php?rest_route=\/wp\/v2\/posts"}],"about":[{"href":"https:\/\/sites.senat.ro\/index.php?rest_route=\/wp\/v2\/types\/post"}],"author":[{"embeddable":true,"href":"https:\/\/sites.senat.ro\/index.php?rest_route=\/wp\/v2\/users\/2"}],"replies":[{"embeddable":true,"href":"https:\/\/sites.senat.ro\/index.php?rest_route=%2Fwp%2Fv2%2Fcomments&post=553"}],"version-history":[{"count":0,"href":"https:\/\/sites.senat.ro\/index.php?rest_route=\/wp\/v2\/posts\/553\/revisions"}],"wp:attachment":[{"href":"https:\/\/sites.senat.ro\/index.php?rest_route=%2Fwp%2Fv2%2Fmedia&parent=553"}],"wp:term":[{"taxonomy":"category","embeddable":true,"href":"https:\/\/sites.senat.ro\/index.php?rest_route=%2Fwp%2Fv2%2Fcategories&post=553"},{"taxonomy":"post_tag","embeddable":true,"href":"https:\/\/sites.senat.ro\/index.php?rest_route=%2Fwp%2Fv2%2Ftags&post=553"}],"curies":[{"name":"wp","href":"https:\/\/api.w.org\/{rel}","templated":true}]}}