{"id":55,"date":"2018-05-26T08:50:47","date_gmt":"2018-05-26T08:50:47","guid":{"rendered":"http:\/\/sites.senat.ro\/?p=55"},"modified":"2019-01-23T10:08:39","modified_gmt":"2019-01-23T10:08:39","slug":"reuniunea-anuala-2018-a-adunarii-mondiale-a-sanatatii-si-briefingul-parlamentar-geneva-23-25-mai-2018","status":"publish","type":"post","link":"https:\/\/sites.senat.ro\/?p=55","title":{"rendered":"Reuniunea anual\u0103 2018 a Adun\u0103rii Mondiale a S\u0103n\u0103t\u0103\u021bii \u015fi briefingul parlamentar (Geneva, 23-25 mai 2018)"},"content":{"rendered":"<p style=\"text-align: justify\"><img loading=\"lazy\" decoding=\"async\" class=\"wp-image-168 alignleft\" src=\"https:\/\/sites.senat.ro\/wp-content\/uploads\/sites\/2\/2018\/05\/who-300x97.png\" alt=\"\" width=\"167\" height=\"54\" srcset=\"https:\/\/sites.senat.ro\/wp-content\/uploads\/2018\/05\/who-300x97.png 300w, https:\/\/sites.senat.ro\/wp-content\/uploads\/2018\/05\/who.png 394w\" sizes=\"auto, (max-width: 167px) 100vw, 167px\" \/>Dna <strong>deputat Bianca-Miruna Gavrili\u021b\u0103<\/strong>, membr\u0103 a Comitetului Director al GRUI, membr\u0103 a Comisiei pentru s\u0103n\u0103tate \u0219i familie din Camera Deputa\u021bilor \u0219i dl <strong>senator Emanuel-Gabriel Botnariu<\/strong>, membru al GRUI, membru al Comisiilor pentru s\u0103n\u0103tate public\u0103 \u0219i, respectiv, pentru drepturile omului, culte \u0219i minorit\u0103\u021bi din Senat, au f\u0103cut parte din delega\u021bia na\u0163ional\u0103 a Rom\u00e2niei la cea de-a 71-a sesiune a Adun\u0103rii Mondiale a S\u0103n\u0103t\u0103\u0163ii (AMS) \u015fi, \u00een aceast\u0103 calitate, au participat la sesiunea AMS, \u00een perioada 23-25 mai, precum \u015fi la briefingul parlamentar organizat de UIP \u0219i OMS \u00een marja Adun\u0103rii, \u00een ziua de 25 mai.&nbsp;<\/p>\n<p style=\"text-align: justify\"><em>Adunarea Mondial\u0103 a S\u0103n\u0103t\u0103\u021bii reprezint\u0103 principala structur\u0103 decident\u0103 a OMS, care se \u00eentrune\u0219te \u00een luna mai a fiec\u0103rui an cu scopul de a examina activitatea OMS \u015fi de a stabili obiectivele, politicile \u015fi programul de activitate ale Organiza\u0163iei.<\/em><\/p>\n<p style=\"text-align: justify\">&nbsp;Lucr\u0103rile Adun\u0103rii s-au desf\u0103\u015furat \u00een plen \u015fi \u00een dou\u0103 comisii principale, \u00een cadrul c\u0103rora au fost examinate mai multe rapoarte, printre care cele referitoare la: s\u0103n\u0103tatea de-a lungul vie\u021bii, inclusiv s\u0103n\u0103tatea sexual\u0103 \u0219i reproductiv\u0103; violen\u021ba interpersonal\u0103; dezvoltarea timpurie a copiilor; maternitate, alimenta\u021bia sugarilor \u0219i a copiilor de v\u00e2rst\u0103 mic\u0103; poliomielita \u0219i Planul global de ac\u021biune pentru vaccinare.<\/p>\n<table style=\"width: 100%;border-collapse: collapse\" border=\"0\">\n<tbody>\n<tr>\n<td style=\"width: 33.3333%\"><img loading=\"lazy\" decoding=\"async\" class=\"alignnone wp-image-173\" src=\"https:\/\/sites.senat.ro\/wp-content\/uploads\/sites\/2\/2018\/05\/Foto-3_AMS-300x225.jpg\" alt=\"\" width=\"401\" height=\"301\" srcset=\"https:\/\/sites.senat.ro\/wp-content\/uploads\/2018\/05\/Foto-3_AMS-300x225.jpg 300w, https:\/\/sites.senat.ro\/wp-content\/uploads\/2018\/05\/Foto-3_AMS-768x576.jpg 768w, https:\/\/sites.senat.ro\/wp-content\/uploads\/2018\/05\/Foto-3_AMS.jpg 1024w, https:\/\/sites.senat.ro\/wp-content\/uploads\/2018\/05\/Foto-3_AMS-732x549.jpg 732w\" sizes=\"auto, (max-width: 401px) 100vw, 401px\" \/><\/td>\n<td style=\"width: 33.3333%\"><img loading=\"lazy\" decoding=\"async\" class=\"alignnone wp-image-171\" src=\"https:\/\/sites.senat.ro\/wp-content\/uploads\/sites\/2\/2018\/05\/Foto-1_AMS-225x300.jpg\" alt=\"\" width=\"300\" height=\"400\" srcset=\"https:\/\/sites.senat.ro\/wp-content\/uploads\/2018\/05\/Foto-1_AMS-225x300.jpg 225w, https:\/\/sites.senat.ro\/wp-content\/uploads\/2018\/05\/Foto-1_AMS.jpg 720w\" sizes=\"auto, (max-width: 300px) 100vw, 300px\" \/><\/td>\n<td style=\"width: 33.3333%\"><img loading=\"lazy\" decoding=\"async\" class=\"alignnone wp-image-172\" src=\"https:\/\/sites.senat.ro\/wp-content\/uploads\/sites\/2\/2018\/05\/Foto-2_AMS-300x225.jpg\" alt=\"\" width=\"400\" height=\"300\" srcset=\"https:\/\/sites.senat.ro\/wp-content\/uploads\/2018\/05\/Foto-2_AMS-300x225.jpg 300w, https:\/\/sites.senat.ro\/wp-content\/uploads\/2018\/05\/Foto-2_AMS-768x576.jpg 768w, https:\/\/sites.senat.ro\/wp-content\/uploads\/2018\/05\/Foto-2_AMS.jpg 1024w, https:\/\/sites.senat.ro\/wp-content\/uploads\/2018\/05\/Foto-2_AMS-732x549.jpg 732w\" sizes=\"auto, (max-width: 400px) 100vw, 400px\" \/><\/td>\n<\/tr>\n<\/tbody>\n<\/table>\n<p style=\"text-align: justify\">\u00cen deschiderea <span style=\"color: #000000\"><strong><em>Briefingului parlamentar<\/em><\/strong> cu tema <em>Rolul parlamentarilor \u00een asigurarea s\u0103n\u0103t\u0103\u021bii universale \u0219i a securit\u0103\u021bii s\u0103n\u0103t\u0103\u021bii globale, ca obiective inseparabile <\/em>au luat cuv\u00e2ntul dr. Tedros Adhanom Ghebreyesus, directorul general al OMS \u0219i dl Martin Chungong, secretarul general al UIP.<\/span><\/p>\n<p style=\"text-align: justify\">Lucr\u0103rile au fost moderate de dna Mich\u00e8le Boccoz, asistent al directorului general pentru rela\u021bii externe al OMS. Dezbaterile au fost lansate prin prezent\u0103ri introductive realizate de: dr Habibe Millat (Bangladesh), pre\u0219edintele Grupului consultativ al UIP privind s\u0103n\u0103tatea \u0219i dna Petra Bayr (Austria), vicepre\u0219edint\u0103 a Grupului; dl Oscar Rwegasira Mukasa (Tanzania); dl Serik Bekturganov (Kazahstan); dna Michelle Bachelet, fost pre\u0219edinte al Republicii Chile, pre\u0219edinta Parteneriatului pentru s\u0103n\u0103tatea matern\u0103, a copiilor \u0219i a nou-n\u0103scu\u021bilor.<\/p>\n<p style=\"text-align: justify\">Parlamentarii au trecut \u00een revist\u0103 activit\u0103\u0163ile UIP din domeniul s\u0103n\u0103t\u0103\u0163ii \u015fi rezultatele colabor\u0103rii cu OMS, au prezentat proiecte \u015fi ini\u0163iative concrete de promovare a s\u0103n\u0103t\u0103\u0163ii femeilor, copiilor \u015fi adolescen\u0163ilor, au identificat bune practici \u0219i modalit\u0103\u0163i de cooperare cu omologi din alte \u0163\u0103ri \u015fi cu al\u0163i actori relevan\u0163i, na\u0163ionali \u015fi interna\u0163ionali, din sectorul s\u0103n\u0103t\u0103\u0163ii \u0219i au f\u0103cut un schimb de informa\u021bii privind programul general al OMS pentru perioada 2019-2023, intitulat <em>Promovarea s\u0103n\u0103t\u0103\u021bii, p\u0103strarea securit\u0103\u021bii globale, sus\u021binerea popula\u021biilor vulnerabile.<\/em><\/p>\n<p style=\"text-align: justify\">\u00cen cadrul dezbaterilor s-a subliniat c\u0103: \u00een prezent, cel pu\u021bin 400 de milioane de persoane din \u00eentreaga lume nu au acces la servicii de s\u0103n\u0103tate esen\u021biale, iar 40% din popula\u021bia lumii nu dispune de protec\u021bie social\u0103; accesul universal la servicii de s\u0103n\u0103tate, \u00een special pentru segmentele cele mai marginalizate \u0219i vulnerabile ale societ\u0103\u021bii &#8211; femei, copii, adolescen\u021bi \u0219i persoane \u00een v\u00e2rst\u0103, este un obiectiv crucial pentru fiecare \u021bar\u0103; un sistem puternic de s\u0103n\u0103tate reprezint\u0103 cea mai bun\u0103 ap\u0103rare \u00eempotriva bolilor care se transform\u0103 \u00een epidemii, gener\u00e2nd crize de s\u0103n\u0103tate; accesul universal la servicii de s\u0103n\u0103tate \u0219i securitatea sanitar\u0103 la nivel mondial sunt fundamentale pentru realizarea Obiectivelor Dezvolt\u0103rii Durabile, dar, finalmente, reprezint\u0103 o alegere politic\u0103; fiecare \u021bar\u0103 are responsabilitatea de a monitoriza aplicarea acestor obiective, iar membrii parlamentului au un rol major \u00een acest demers; angajarea activ\u0103 a parlamentarilor \u00een dezbaterile publice privind s\u0103n\u0103tatea global\u0103 este esen\u021bial\u0103, av\u00e2nd \u00een vedere rolul vital pe care ace\u0219tia \u00eel au \u00een promovarea \u0219i aplicarea agendelor na\u021bionale \u00een domeniul s\u0103n\u0103t\u0103\u021bii \u0219i \u00een transformarea dovezilor \u0219tiin\u021bifice \u00een ac\u021biuni politice.<\/p>\n","protected":false},"excerpt":{"rendered":"<p>Dna deputat Bianca-Miruna Gavrili\u021b\u0103, membr\u0103 a Comitetului Director al GRUI, membr\u0103 a Comisiei pentru s\u0103n\u0103tate \u0219i familie din Camera Deputa\u021bilor \u0219i dl senator Emanuel-Gabriel Botnariu, membru al GRUI, membru al Comisiilor pentru s\u0103n\u0103tate public\u0103 \u0219i, respectiv, pentru drepturile omului, culte \u0219i minorit\u0103\u021bi din Senat, au f\u0103cut parte din delega\u021bia na\u0163ional\u0103 a Rom\u00e2niei la cea de-a [&hellip;]<\/p>\n","protected":false},"author":1,"featured_media":0,"comment_status":"closed","ping_status":"open","sticky":false,"template":"","format":"standard","meta":{"ngg_post_thumbnail":0,"footnotes":""},"categories":[3],"tags":[],"class_list":["post-55","post","type-post","status-publish","format-standard","hentry","category-participare"],"_links":{"self":[{"href":"https:\/\/sites.senat.ro\/index.php?rest_route=\/wp\/v2\/posts\/55","targetHints":{"allow":["GET"]}}],"collection":[{"href":"https:\/\/sites.senat.ro\/index.php?rest_route=\/wp\/v2\/posts"}],"about":[{"href":"https:\/\/sites.senat.ro\/index.php?rest_route=\/wp\/v2\/types\/post"}],"author":[{"embeddable":true,"href":"https:\/\/sites.senat.ro\/index.php?rest_route=\/wp\/v2\/users\/1"}],"replies":[{"embeddable":true,"href":"https:\/\/sites.senat.ro\/index.php?rest_route=%2Fwp%2Fv2%2Fcomments&post=55"}],"version-history":[{"count":0,"href":"https:\/\/sites.senat.ro\/index.php?rest_route=\/wp\/v2\/posts\/55\/revisions"}],"wp:attachment":[{"href":"https:\/\/sites.senat.ro\/index.php?rest_route=%2Fwp%2Fv2%2Fmedia&parent=55"}],"wp:term":[{"taxonomy":"category","embeddable":true,"href":"https:\/\/sites.senat.ro\/index.php?rest_route=%2Fwp%2Fv2%2Fcategories&post=55"},{"taxonomy":"post_tag","embeddable":true,"href":"https:\/\/sites.senat.ro\/index.php?rest_route=%2Fwp%2Fv2%2Ftags&post=55"}],"curies":[{"name":"wp","href":"https:\/\/api.w.org\/{rel}","templated":true}]}}