{"id":534,"date":"2018-12-22T16:57:49","date_gmt":"2018-12-22T16:57:49","guid":{"rendered":"http:\/\/sites.senat.ro\/?p=534"},"modified":"2019-01-23T14:57:54","modified_gmt":"2019-01-23T14:57:54","slug":"intrevederi-bilaterale-2","status":"publish","type":"post","link":"https:\/\/sites.senat.ro\/?p=534","title":{"rendered":"SESIUNEA SEPTEMBRIE &#8211; DECEMBRIE 2018"},"content":{"rendered":"<p>&nbsp;<\/p>\n<table style=\"width: 100%;border-collapse: collapse;height: 595px\" border=\"0\">\n<tbody>\n<tr style=\"height: 75px\">\n<td style=\"width: 15.8448%;height: 75px;text-align: left;vertical-align: top\"><strong><img loading=\"lazy\" decoding=\"async\" class=\"alignnone wp-image-541\" src=\"https:\/\/sites.senat.ro\/wp-content\/uploads\/sites\/2\/2019\/01\/Polonia.jpg\" alt=\"\" width=\"132\" height=\"83\"><\/strong><\/td>\n<td style=\"width: 84.1552%;height: 75px;text-align: justify;vertical-align: top\"><em><strong>18 decembrie 2018<\/strong> &#8211; \u00centrevederea dnei deputat Alina-Elena T\u0103n\u0103sescu, secretarul <strong>Grupului parlamentar de prietenie Rom\u00e2nia &#8211; Republica Polon\u0103,&nbsp;<\/strong> \u0219i a membrilor Grupului cu delega\u021bia Comisiei pentru autoguvernare local\u0103 \u0219i politic\u0103 regional\u0103 din Seimul polonez, condus\u0103 de dl Andrzej Maciejewski, pre\u0219edintele Comisiei, cu ocazia vizitei oficiale \u00een Rom\u00e2nia a delega\u021biei parlamentare poloneze (17-19 decembrie 2018)<\/em><\/td>\n<\/tr>\n<tr style=\"height: 83px\">\n<td style=\"width: 15.8448%;height: 83px;text-align: left;vertical-align: top\"><strong><img loading=\"lazy\" decoding=\"async\" class=\"alignnone wp-image-540\" src=\"https:\/\/sites.senat.ro\/wp-content\/uploads\/sites\/2\/2019\/01\/Bulgaria.jpg\" alt=\"\" width=\"131\" height=\"88\"><\/strong><\/td>\n<td style=\"width: 84.1552%;height: 83px;text-align: justify;vertical-align: top\"><em><strong>12 decembrie 2018<\/strong>&#8211; \u00centrevederea dnei deputat Csokany Petronela-Mihaela, pre\u0219edintele <strong>Grupului parlamentar de prietenie Rom\u00e2nia &#8211; Republica Bulgaria,&nbsp;<\/strong>\u0219i a membrilor Grupului cu E.S. dl Todor Ivanov Churov, ambasador extraordinar \u0219i plenipoten\u021biar al Republicii Bulgaria \u00een Rom\u00e2nia<\/em><\/td>\n<\/tr>\n<tr style=\"height: 86px\">\n<td style=\"width: 15.8448%;height: 86px;text-align: left;vertical-align: top\"><img loading=\"lazy\" decoding=\"async\" class=\"alignnone wp-image-543\" src=\"https:\/\/sites.senat.ro\/wp-content\/uploads\/sites\/2\/2019\/01\/Turcia.jpg\" alt=\"\" width=\"130\" height=\"87\"><\/td>\n<td style=\"width: 84.1552%;height: 86px;text-align: justify;vertical-align: top\"><em><strong>12 decembrie 2018<\/strong> &#8211; \u00centrevederea dlui deputat Octavian Petric, pre\u0219edintele <strong>Grupului parlamentar de prietenie Rom\u00e2nia &#8211; Republica Turcia,<\/strong> \u0219i a dlui senator Lucian Roma\u0219canu, membru al Grupului, cu delega\u021bia parlamentar\u0103 a Partidului Justi\u021bei \u0219i Dezvolt\u0103rii (PAK) din Republica Turcia, condus\u0103 de dl deputat Cevdet Yilmaz, director general adjunct al PAK, fost viceprim-ministru al Republicii Turcia<\/em><\/td>\n<\/tr>\n<tr style=\"height: 90px\">\n<td style=\"width: 15.8448%;height: 90px;text-align: left;vertical-align: top\"><strong><img loading=\"lazy\" decoding=\"async\" class=\"alignnone wp-image-539\" src=\"https:\/\/sites.senat.ro\/wp-content\/uploads\/sites\/2\/2019\/01\/Thailanda.jpg\" alt=\"\" width=\"131\" height=\"88\"><\/strong><\/td>\n<td style=\"width: 84.1552%;height: 90px;text-align: justify;vertical-align: top\"><em><strong>3 decembrie 2018<\/strong> &#8211; \u00centrevederea dnei deputat Lumini\u021ba-Maria Jivan, pre\u0219edintele <strong>Grupului parlamentar de prietenie Rom\u00e2nia &#8211; Regatul Thailandei,<\/strong> \u0219i a dlui senator Ilie Ni\u021b\u0103, secretarul Grupului, cu delega\u021bia parlamentar\u0103 a Comisiei permanente pentru administrarea afacerilor de stat din cadrul Adun\u0103rii Na\u0163ionale Legislative a Regatului Thailandei, condus\u0103 de gen. Boonsrang Niumpradit, pre\u015fedintele Comisiei<\/em><\/td>\n<\/tr>\n<tr style=\"height: 90px\">\n<td style=\"width: 15.8448%;height: 90px;text-align: left;vertical-align: top\"><strong><img loading=\"lazy\" decoding=\"async\" class=\"alignnone wp-image-538\" src=\"https:\/\/sites.senat.ro\/wp-content\/uploads\/sites\/2\/2019\/01\/Africa.jpg\" alt=\"\" width=\"131\" height=\"87\"><\/strong><\/td>\n<td style=\"width: 84.1552%;height: 90px;text-align: justify;vertical-align: top\"><em><strong>20 noiembrie 2018<\/strong> &#8211; \u00centrevederea dlui senator Fej\u00e9r L\u00e1szl\u00f3-\u0150d\u0151n, pre\u0219edintele <strong>Grupului parlamentar de prietenie Rom\u00e2nia &#8211; Africa de Sud,<\/strong> \u0219i a membrilor Grupului cu E.S. dl Jabu Mbalula, ambasadorul Republicii Africa de Sud \u00een Rom\u00e2nia&nbsp;<\/em><\/td>\n<\/tr>\n<tr style=\"height: 90px;text-align: justify\">\n<td style=\"width: 15.8448%;height: 90px;text-align: left;vertical-align: top\"><strong><img loading=\"lazy\" decoding=\"async\" class=\"alignnone wp-image-537\" src=\"https:\/\/sites.senat.ro\/wp-content\/uploads\/sites\/2\/2019\/01\/Turkmenistan-1.jpg\" alt=\"\" width=\"130\" height=\"85\"><\/strong><\/td>\n<td style=\"width: 84.1552%;height: 90px;text-align: justify;vertical-align: top\"><em><strong>23 octombrie 2018<\/strong> &#8211; \u00centrevederea dlui senator Adrian \u021au\u021buianu, vicepre\u0219edinte al Senatului, membru al <strong>Grupului parlamentar de prietenie Rom\u00e2nia &#8211; Turkmenistan<\/strong>, cu&nbsp; delega\u021bia Grupului de prietenie cu Rom\u00e2nia din parlamentul turkmen, condus\u0103 de dl Yusupguly Eshayev, pre\u0219edintele Grupului<\/em><\/td>\n<\/tr>\n<tr style=\"height: 81px;text-align: justify\">\n<td style=\"width: 15.8448%;height: 81px;text-align: left;vertical-align: top\"><strong><img loading=\"lazy\" decoding=\"async\" class=\" wp-image-536 alignleft\" src=\"https:\/\/sites.senat.ro\/wp-content\/uploads\/sites\/2\/2019\/01\/EAU.jpg\" alt=\"\" width=\"152\" height=\"76\"><\/strong><\/td>\n<td style=\"width: 84.1552%;height: 81px;text-align: justify;vertical-align: top\"><em><strong>10 octombrie 2018<\/strong> &#8211; \u00centrevederea dlui deputat \u0218tefan-Alexandru B\u0103i\u0219anu, pre\u0219edintele <strong>Grupului parlamentar de prietenie Rom\u00e2nia &#8211; Emiratele Arabe Unite,<\/strong> \u0219i a membrilor Grupului cu E.S. dl Dr. Ahmed Abdulla Saeed Bin Saeed Almatrooshi, ambasadorul Emiratelor Arabe Unite \u00een Rom\u00e2nia<\/em><\/td>\n<\/tr>\n<\/tbody>\n<\/table>\n<p style=\"text-align: justify\">&nbsp;<\/p>\n","protected":false},"excerpt":{"rendered":"<p>&nbsp; 18 decembrie 2018 &#8211; \u00centrevederea dnei deputat Alina-Elena T\u0103n\u0103sescu, secretarul Grupului parlamentar de prietenie Rom\u00e2nia &#8211; Republica Polon\u0103,&nbsp; \u0219i a membrilor Grupului cu delega\u021bia Comisiei pentru autoguvernare local\u0103 \u0219i politic\u0103 regional\u0103 din Seimul polonez, condus\u0103 de dl Andrzej Maciejewski, pre\u0219edintele Comisiei, cu ocazia vizitei oficiale \u00een Rom\u00e2nia a delega\u021biei parlamentare poloneze (17-19 decembrie 2018) [&hellip;]<\/p>\n","protected":false},"author":2,"featured_media":0,"comment_status":"closed","ping_status":"open","sticky":false,"template":"","format":"standard","meta":{"ngg_post_thumbnail":0,"footnotes":""},"categories":[8,1],"tags":[],"class_list":["post-534","post","type-post","status-publish","format-standard","hentry","category-intrevederi","category-prietenie"],"_links":{"self":[{"href":"https:\/\/sites.senat.ro\/index.php?rest_route=\/wp\/v2\/posts\/534","targetHints":{"allow":["GET"]}}],"collection":[{"href":"https:\/\/sites.senat.ro\/index.php?rest_route=\/wp\/v2\/posts"}],"about":[{"href":"https:\/\/sites.senat.ro\/index.php?rest_route=\/wp\/v2\/types\/post"}],"author":[{"embeddable":true,"href":"https:\/\/sites.senat.ro\/index.php?rest_route=\/wp\/v2\/users\/2"}],"replies":[{"embeddable":true,"href":"https:\/\/sites.senat.ro\/index.php?rest_route=%2Fwp%2Fv2%2Fcomments&post=534"}],"version-history":[{"count":0,"href":"https:\/\/sites.senat.ro\/index.php?rest_route=\/wp\/v2\/posts\/534\/revisions"}],"wp:attachment":[{"href":"https:\/\/sites.senat.ro\/index.php?rest_route=%2Fwp%2Fv2%2Fmedia&parent=534"}],"wp:term":[{"taxonomy":"category","embeddable":true,"href":"https:\/\/sites.senat.ro\/index.php?rest_route=%2Fwp%2Fv2%2Fcategories&post=534"},{"taxonomy":"post_tag","embeddable":true,"href":"https:\/\/sites.senat.ro\/index.php?rest_route=%2Fwp%2Fv2%2Ftags&post=534"}],"curies":[{"name":"wp","href":"https:\/\/api.w.org\/{rel}","templated":true}]}}