{"id":53,"date":"2018-03-29T08:45:53","date_gmt":"2018-03-29T08:45:53","guid":{"rendered":"http:\/\/sites.senat.ro\/?p=53"},"modified":"2019-01-23T10:09:12","modified_gmt":"2019-01-23T10:09:12","slug":"cea-de-a-138-a-adunare-a-uip-si-reuniunile-asociate-geneva-23-28-martie-2018","status":"publish","type":"post","link":"https:\/\/sites.senat.ro\/?p=53","title":{"rendered":"Cea de-a 138-a Adunare a UIP \u0219i reuniunile asociate (Geneva, 23-28 martie 2018)"},"content":{"rendered":"<p style=\"text-align: justify\"><img loading=\"lazy\" decoding=\"async\" class=\"wp-image-217 alignleft\" src=\"https:\/\/sites.senat.ro\/wp-content\/uploads\/sites\/2\/2018\/02\/ipu.jpg\" alt=\"\" width=\"149\" height=\"122\">La sesiune au participat parlamentari din 148 de \u021b\u0103ri, reprezentan\u021bi ai unor adun\u0103ri \u0219i foruri parlamentare cu statut de membru asociat sau de observator, \u00eenal\u021bi oficiali ONU, exper\u021bi \u0219i reprezentan\u021bi ai unor organiza\u021bii \u0219i foruri interna\u021bionale.<\/p>\n<p style=\"text-align: justify\"><img loading=\"lazy\" decoding=\"async\" class=\" wp-image-221 alignleft\" src=\"https:\/\/sites.senat.ro\/wp-content\/uploads\/sites\/2\/2018\/02\/Foto-1-300x225.jpg\" alt=\"\" width=\"202\" height=\"151\" srcset=\"https:\/\/sites.senat.ro\/wp-content\/uploads\/2018\/02\/Foto-1-300x225.jpg 300w, https:\/\/sites.senat.ro\/wp-content\/uploads\/2018\/02\/Foto-1-768x576.jpg 768w, https:\/\/sites.senat.ro\/wp-content\/uploads\/2018\/02\/Foto-1.jpg 1024w, https:\/\/sites.senat.ro\/wp-content\/uploads\/2018\/02\/Foto-1-732x549.jpg 732w\" sizes=\"auto, (max-width: 202px) 100vw, 202px\" \/>Din delega\u021bia<span style=\"color: #000000\"> GRUI<\/span> au f\u0103cut parte: dl <strong>senator Derzsi \u00c1kos<\/strong>, membru al Biroului Executiv al GRUI, membru al Consiliului Director al UIP \u0219i al Comisiei UIP pentru democra\u021bie \u0219i drepturile omului, \u0219eful delega\u021biei; dl <strong>deputat Gheorghe-D\u0103nu\u021b Bogdan<\/strong>, membru al Comitetului Director al GRUI, membru al Consiliului Director al UIP \u0219i al Comisiei UIP pentru Na\u021biunile Unite; dna <strong>senator Silvia-Monica Dinic\u0103<\/strong>, membr\u0103 a Biroului Comisiei UIP pentru dezvoltare durabil\u0103, finan\u021be \u0219i comer\u021b \u0219i a Forumurilor Femeilor Parlamentare \u0219i Tinerilor Parlamentari; dl <strong>deputat Gavril\u0103 Ghilea<\/strong>, membru al GRUI, membru al Comisiei UIP pentru pace \u0219i securitate interna\u021bional\u0103; dl <strong>deputat Ion Cup\u0103<\/strong>, membru al GRUI, membru al Comisiei UIP pentru democra\u021bie \u0219i drepturile omului. La reuniunea ASGP a participat dl <strong>Mih\u0103i\u021b\u0103 Calimente<\/strong>, secretar general adjunct al Senatului, membru al Asocia\u021biei.&nbsp;<\/p>\n<p><strong>Consiliul Director<\/strong>:<\/p>\n<ul>\n<li style=\"text-align: justify\">a examinat: rapoartele de activitate ale pre\u0219edintelui \u0219i secretarului general ai UIP; situa\u021bia financiar\u0103 a Uniunii; rezultatele celor mai recente reuniuni specializate ale UIP \u0219i calendarul reuniunilor viitoare; rapoartele organelor specializate ale UIP cu privire la activit\u0103\u021bile desf\u0103\u0219urate pe parcursul sesiunii;<\/li>\n<li style=\"text-align: justify\">a decis crearea unei noi categorii de membri ai organiza\u021biei &#8211; <em>membri neparticipan\u021bi<\/em> &#8211; \u00een care vor fi \u00eencadrate parlamentele c\u0103rora le sunt suspendate drepturile de participare la reuniunile statutare \u0219i de vot;<img loading=\"lazy\" decoding=\"async\" class=\"wp-image-222 alignleft\" style=\"text-align: start\" src=\"https:\/\/sites.senat.ro\/wp-content\/uploads\/sites\/2\/2018\/02\/Foto2-300x225.jpg\" alt=\"\" width=\"231\" height=\"173\" srcset=\"https:\/\/sites.senat.ro\/wp-content\/uploads\/2018\/02\/Foto2-300x225.jpg 300w, https:\/\/sites.senat.ro\/wp-content\/uploads\/2018\/02\/Foto2-768x576.jpg 768w, https:\/\/sites.senat.ro\/wp-content\/uploads\/2018\/02\/Foto2.jpg 1024w, https:\/\/sites.senat.ro\/wp-content\/uploads\/2018\/02\/Foto2-732x549.jpg 732w\" sizes=\"auto, (max-width: 231px) 100vw, 231px\" \/><\/li>\n<li style=\"text-align: justify\">a analizat situa\u021bia unor parlamente membre \u0219i a adoptat recomand\u0103ri privind: \u00eencurajarea dialogului politic pentru rezolvarea crizelor din Burundi, R.D. Congo, Guineea-Bissau; examinarea cazurilor de \u00eenc\u0103lcare a drepturilor omului ale parlamentarilor afla\u021bi \u00een opozi\u021bie din Cambodgia; monitorizarea evolu\u021biilor politice din Eritreea, Libia, Sudanul de Sud, Thailanda, Turcia; organizarea unei misiuni care s\u0103 s\u0103 evalueze situa\u021bia politic\u0103 \u0219i a drepturilor omului din Venezuela; continuarea activit\u0103\u021bii Grupului de lucru al UIP pentru Siria \u0219.a.;<\/li>\n<li style=\"text-align: justify\">a examinat principalele aspecte ale cooper\u0103rii dintre UIP \u0219i ONU \u0219i a recomandat membrilor UIP s\u0103 asigure o o co-sponsorizare c\u00e2t mai larg\u0103 a rezolu\u021biei din 2018 a Adun\u0103rii Generale privind <em>interac\u021biunea dintre ONU, parlamentele na\u021bionale \u0219i UIP<\/em>.<\/li>\n<\/ul>\n<p style=\"text-align: justify\"><strong>Adunarea<\/strong> \u0219i-a desf\u0103\u0219urat lucr\u0103rile sub pre\u015fedin\u0163ia dnei Gabriela Cuevas Barron (Mexic), pre\u0219edintele UIP.&nbsp;Tema dezbaterii generale din plenul Adun\u0103rii s-a intitulat <em>Consolidarea regimului global aplicabil migran\u021bilor \u0219i refugia\u021bilor: nevoia unor solu\u021bii politice bazat\u0103 pe date concrete<\/em>.<\/p>\n<p style=\"text-align: justify\"><strong><img loading=\"lazy\" decoding=\"async\" class=\"size-medium wp-image-225 alignleft\" src=\"https:\/\/sites.senat.ro\/wp-content\/uploads\/sites\/2\/2018\/02\/Foto3-225x300.jpg\" alt=\"\" width=\"225\" height=\"300\" srcset=\"https:\/\/sites.senat.ro\/wp-content\/uploads\/2018\/02\/Foto3-225x300.jpg 225w, https:\/\/sites.senat.ro\/wp-content\/uploads\/2018\/02\/Foto3.jpg 768w, https:\/\/sites.senat.ro\/wp-content\/uploads\/2018\/02\/Foto3-732x976.jpg 732w\" sizes=\"auto, (max-width: 225px) 100vw, 225px\" \/><\/strong>\u00cen interven\u021bia sa, dl senator Derzsi \u00c1kos, \u0219eful delega\u021biei GRUI, a eviden\u021biat contribu\u021bia Rom\u00e2niei la m\u0103surile adoptate de Uniunea European\u0103 \u00een scopul gestion\u0103rii crizei migran\u021bilor \u0219i importan\u021ba oferirii unor c\u0103i legale de migra\u021bie \u0219i a consolid\u0103rii cooper\u0103rii dintre UE \u0219i partenerii s\u0103i externi \u00een abordarea cauzelor profunde ale migra\u021biei. Dl senator s-a referit la m\u0103surile adoptate de statul rom\u00e2n pentru acordarea asisten\u021bei necesare refugia\u021bilor reloca\u021bi din Grecia \u0219i Italia \u00eentre 2015 \u0219i 2017; a amintit c\u0103 Rom\u00e2nia contribuie la eforturile interna\u021bionale de asisten\u021b\u0103 umanitar\u0103 pentru refugia\u021bi \u0219i acord\u0103 ajutor statelor care se confrunt\u0103 cu presiuni migratorii extreme, prin intermediul contribu\u021biilor la programele \u0219i agen\u021biile relevante ale ONU, dar \u0219i pe baze bilaterale; a amintit c\u0103 Rom\u00e2nia g\u0103zduie\u0219te, din 2008, un Centru de tranzit de urgen\u021b\u0103 pentru refugia\u021bi, prima facilitate de acest tip din Europa; a men\u021bionat c\u0103 strategia, politicile \u0219i legisla\u021bia na\u021bional\u0103 \u00een materie au drept obiective principale promovarea migra\u021biei legale, identificarea unor solu\u021bii durabile pentru persoanele care au nevoie de protec\u021bie social\u0103, integrarea social\u0103 \u0219i incluziunea economic\u0103 a migran\u021bilor legali; a subliniat c\u0103 o gestiune durabil\u0103 a migra\u021biei trebuie s\u0103 se realizeze \u00een str\u00e2ns\u0103 interac\u021biune cu implementarea Agendei 2030 pentru Dezvoltare Durabil\u0103, av\u00e2nd drept fundament principiile solidarit\u0103\u021bii interna\u021bionale \u0219i responsabilit\u0103\u021bii partajate, respectarea drepturilor omului \u0219i a statului de drept, precum \u0219i o cooperare interna\u021bional\u0103 consolidat\u0103.<\/p>\n<p style=\"text-align: justify\">Subliniind rolul esen\u021bial al Na\u021biunilor Unite \u00een abordarea provoc\u0103rilor globale, inclusiv cele asociate migra\u021biei, reprezentantul GRUI a amintit c\u0103 Rom\u00e2nia \u0219i-a lansat candidatura pentru un loc de membru nepermanent \u00een Consiliul de Securitate pentru perioada 2020-2021 \u0219i a eviden\u021biat angajamentul parlamentarilor rom\u00e2ni de a sus\u021bine cu prioritate acest obiectiv na\u021bional.<\/p>\n<p style=\"text-align: justify\">Principalele idei, concluzii \u0219i recomand\u0103ri ale dezbaterii generale au fost sintetizate \u00een <a href=\"https:\/\/www.ipu.org\/download\/4786\" target=\"_blank\" rel=\"noopener\"><em>Declara\u021bia Adun\u0103rii<\/em><\/a>, document care: <em>subliniaz\u0103<\/em> c\u0103, dac\u0103 este gestionat corespunz\u0103tor, fenomenul migra\u021biei contribuie la cre\u0219terea prosperit\u0103\u021bii \u0219i bun\u0103st\u0103rii colective; <em>pune accentul<\/em> pe rolul parlamentelor \u00een transpunerea \u00een practic\u0103 a viitoarelor pacte mondiale privind migra\u021bia \u0219i refugia\u021bii, eviden\u021biind necesitatea reconcilierii intereselor na\u021bionale pe termen scurt cu viziunea pe termen lung de valorificare, de o manier\u0103 ordonat\u0103, a mobilit\u0103\u021bii umane; <em>eviden\u021biaz\u0103<\/em> responsabilitatea parlamentarilor \u00een abordarea factorilor economici, sociali \u0219i de mediu care determin\u0103 migra\u021bia, precum \u0219i a cauzelor situa\u021biei refugia\u021bilor; <em>solicit\u0103<\/em> sprijin din partea comunit\u0103\u021bii interna\u021bionale \u00een scopul asigur\u0103rii protec\u021biei \u0219i asisten\u021bei pentru refugia\u021bi.<\/p>\n<p style=\"text-align: justify\">Membrii UIP recomand\u0103 includerea, \u00een cele dou\u0103 acorduri, a unor prevederi referitoare la: cre\u0219terea volumului \u0219i calit\u0103\u021bii datelor privind migran\u021bii \u0219i refugia\u021bii, care s\u0103 stea la baza politicilor \u0219i a dezbaterii publice \u00een domeniu, la nivel na\u021bional \u0219i interna\u021bional; \u00eencurajarea parteneriatelor cu autorit\u0103\u021bile locale, organiza\u021biile societ\u0103\u021bii civile, sectorul privat, aflate \u00een prima linie \u00een gestionarea fluxurilor de migran\u021bi \u0219i de refugia\u021bi; \u00eenregistrarea la na\u0219tere a tuturor copiilor de migran\u021bi \u0219i de refugia\u021bi, pentru a le putea fi ap\u0103rate drepturile; stabilirea unor standarde interna\u021bionale de practic\u0103 pentru \u021b\u0103rile care se confrunt\u0103 cu problema migran\u021bilor vulnerabili, \u00een special copii ne\u00eenso\u021bi\u021bi; eliminarea traficului de persoane printr-o cooperare bi- \u0219i multilateral\u0103 intensificat\u0103 \u0219i o aplicare mai riguroas\u0103 a legilor \u00een vigoare; furnizarea de servicii publice (s\u0103n\u0103tate, educa\u021bie, locuin\u021be, hran\u0103) pentru to\u021bi migran\u021bii \u0219i refugia\u021bii; sanc\u021bionarea, prin lege, a discursurilor instigatoare la ur\u0103 \u00eempotriva migran\u021bilor \u0219i refugia\u021bilor.<\/p>\n<p style=\"text-align: justify\">\u00cen prima zi de reuniune, participan\u0163ii au decis, prin vot, includerea pe ordinea de zi a Adun\u0103rii a punctului de urgen\u0163\u0103 intitulat <em><a href=\"https:\/\/www.ipu.org\/download\/4623\" target=\"_blank\" rel=\"noopener\">Consecin\u021bele declara\u021biei SUA cu privire la Ierusalim \u0219i drepturile poporului palestinian \u00een Ierusalim, din perspectiva Cartei \u0219i a rezolu\u021biilor ONU<\/a><\/em> (propunere comun\u0103 a delega\u0163iilor din Bahrein, Kuwait, Palestina \u0219i Turcia).<\/p>\n<p style=\"text-align: justify\">\u00cen plenul Adun\u0103rii a fost invitat s\u0103 ia cuv\u00e2ntul dr. Tedros Adhanom Ghebreyesus, directorul general al Organiza\u021biei Mondiale a S\u0103n\u0103t\u0103\u021bii, care a eviden\u021biat rolul care revine parlamentarilor \u00een promovarea acoperirii universale de s\u0103n\u0103tate, \u00een contextul eforturilor de realizare a celui de-al treilea Obiectiv al Dezvolt\u0103rii Durabile &#8211; <em>Asigurarea unei vie\u021bi s\u0103n\u0103toase \u0219i promovarea bun\u0103st\u0103rii pentru to\u021bi la toate v\u00e2rstele<\/em>. Oficialul OMS a recomandat ratificarea Protocolului privind eliminarea comer\u021bului ilicit cu produse din tutun \u0219i crearea, \u00een \u021b\u0103rile membre, a unor grupuri de prieteni ai OMS, care s\u0103 promoveze priorit\u0103\u021bile globale \u00een domeniul s\u0103n\u0103t\u0103\u021bii.<\/p>\n<p style=\"text-align: justify\">\u00cen ultima zi a sesiunii, Adunarea a aprobat un set de amendamente la Statutul \u0219i Regulamentul UIP, care au drept scop \u00eencurajarea particip\u0103rii la activitatea UIP a tinerilor parlamentari (pentru care au fost prev\u0103zute locuri speciale \u00een delega\u021biile na\u021bionale la sesiuni \u0219i un timp dedicat pentru interven\u021biile din plenul Adun\u0103rii).<\/p>\n<p style=\"text-align: justify\">La lucr\u0103rile <strong>Comisiei pentru pace \u0219i securitate interna\u021bional\u0103,<\/strong> prezidate de dnei Laura Rojas (Mexic), a participat dl. <strong>deputat Gavril\u0103 Ghilea<\/strong>, membru al GRUI.&nbsp;<img loading=\"lazy\" decoding=\"async\" class=\" wp-image-228 alignleft\" src=\"https:\/\/sites.senat.ro\/wp-content\/uploads\/sites\/2\/2018\/02\/Foto4-300x225.jpg\" alt=\"\" width=\"251\" height=\"188\" srcset=\"https:\/\/sites.senat.ro\/wp-content\/uploads\/2018\/02\/Foto4-300x225.jpg 300w, https:\/\/sites.senat.ro\/wp-content\/uploads\/2018\/02\/Foto4-768x576.jpg 768w, https:\/\/sites.senat.ro\/wp-content\/uploads\/2018\/02\/Foto4.jpg 1024w, https:\/\/sites.senat.ro\/wp-content\/uploads\/2018\/02\/Foto4-732x549.jpg 732w\" sizes=\"auto, (max-width: 251px) 100vw, 251px\" \/><\/p>\n<p style=\"text-align: justify\">Comisia a dezb\u0103tut \u015fi finalizat textul rezolu\u021biei intitulate <a href=\"https:\/\/www.ipu.org\/download\/4620\" target=\"_blank\" rel=\"noopener\"><em>Promovarea p\u0103cii ca vector al dezvolt\u0103rii durabile<\/em><\/a>, av\u00e2nd ca documente de suport memorandumul \u0219i proiectul de rezolu\u021bie elaborate de dna Marisol Vargas B\u00e1rcena (Mexic) \u015fi dl Andrea Caroni (Elve\u021bia), co-raportori, \u0219i 136 de amendamente propuse de 18 \u021b\u0103ri \u0219i de Forumul Femeilor Parlamentare. \u00cen cadrul dezbaterilor, a fost eviden\u021biat faptul c\u0103 parlamentarii sunt agen\u021bi ai schimb\u0103rii, cu un rol esen\u021bial \u00een ratificarea acordurilor interna\u021bionale \u0219i \u00een transpunerea \u00een plan na\u021bional al ODD, prin intermediul unei legisla\u021bii adecvate \u0219i al monitoriz\u0103rii modului de aplicare. A fost subliniat\u0103, \u00een acela\u0219i timp, importan\u021ba garant\u0103rii unor procese incluzive, cu participarea tuturor actorilor relevan\u021bi, \u00een particular organiza\u021biile societ\u0103\u021bii civile.<\/p>\n<p style=\"text-align: justify\">Comisia a stabilit tema viitoarei sale rezolu\u021bii &#8211; <em>Neadmiterea folosirii mercenarilor ca mijloc de subminare a p\u0103cii \u0219i de \u00eenc\u0103lcare a drepturilor omului<\/em>, la propunerea delega\u021biei Ucrainei \u0219i a decis organizarea, la urm\u0103toarea sesiune a UIP, a unei dezbateri privind <em>combaterea violen\u021bei sexuale \u00een cadrul opera\u021biunilor ONU de men\u021binere a p\u0103cii \u0219i \u00een afara acestora<\/em>.<\/p>\n<p style=\"text-align: justify\">Lucr\u0103rile&nbsp;<strong> Comisiei pentru dezvoltare durabil\u0103, finan\u021be \u0219i comer\u021b<\/strong> s-au desf\u0103\u0219urat sub conducerea dlui Amadou Ciss\u00e9, vicepre\u0219edinte al comisiei.&nbsp;Participan\u021bii au finalizat proiectul de rezolu\u021bie cu tema <a href=\"https:\/\/www.ipu.org\/download\/4622\" target=\"_blank\" rel=\"noopener\"><em>Implicarea sectorului privat \u00een implementarea Obiectivelor Dezvolt\u0103rii Durabile, \u00een special \u00een domeniul energiei regenerabile<\/em><\/a>, pe baza textului elaborat de dnii Andries Gryffroy (Belgia) \u0219i Duong Quoc Anh (Vietnam), co-raportori, \u0219i a unui num\u0103r de 115 amendamente propuse de 18 \u021b\u0103ri, inclusiv Rom\u00e2nia, \u0219i de Forumul Femeilor Parlamentare.<\/p>\n<p style=\"text-align: justify\"><strong><img loading=\"lazy\" decoding=\"async\" class=\"size-medium wp-image-229 alignleft\" src=\"https:\/\/sites.senat.ro\/wp-content\/uploads\/sites\/2\/2018\/02\/Foto5-300x225.jpg\" alt=\"\" width=\"300\" height=\"225\" srcset=\"https:\/\/sites.senat.ro\/wp-content\/uploads\/2018\/02\/Foto5-300x225.jpg 300w, https:\/\/sites.senat.ro\/wp-content\/uploads\/2018\/02\/Foto5-768x576.jpg 768w, https:\/\/sites.senat.ro\/wp-content\/uploads\/2018\/02\/Foto5.jpg 1024w, https:\/\/sites.senat.ro\/wp-content\/uploads\/2018\/02\/Foto5-732x549.jpg 732w\" sizes=\"auto, (max-width: 300px) 100vw, 300px\" \/><\/strong>Pe parcursul activit\u0103\u021bii de redactare, dna senator Silvia-Monica Dinic\u0103 a promovat mai multe amendamente ale GRUI care se refer\u0103 la: rolul energiei regenerabile \u00een reducerea inegalit\u0103\u021bilor \u00een materie de acces la energie, la nivel na\u021bional \u0219i interna\u021bional; necesitatea asigur\u0103rii egalit\u0103\u021bii \u00eentre femei \u0219i b\u0103rba\u021bi \u00een ceea ce prive\u0219te accesul la educa\u021bie \u00een domeniile \u0219tiin\u021bei \u0219i tehnologiei, oportunit\u0103\u021bile de implicare pe parcursul \u00eentregului lan\u021b energetic (inclusiv oportunit\u0103\u021bi \u00een materie de antreprenoriat), participarea la procesele decizionale \u00een sectorul energiei regenerabile; necesitatea adopt\u0103rii de m\u0103suri, inclusiv \u00een plan legislativ, care s\u0103 se adreseze grupurilor vulnerabile, \u00een vederea elimin\u0103rii s\u0103r\u0103ciei energetice; recomandarea de participare la activit\u0103\u021bile forurilor \u0219i organiza\u021biilor specializate \u00een domeniul energiei regenerabile, precum Agen\u021bia Interna\u021bional\u0103 pentru Energie Regenerabil\u0103, \u0219i de intensificare a colabor\u0103rii dintre UIP \u0219i aceste organiza\u021bii.<\/p>\n<p style=\"text-align: justify\">Comisia&nbsp;a stabilit&nbsp;tema viitoarei sale rezolu\u021bii &#8211; <em>Rolul comer\u021bului liber echitabil \u0219i al investi\u021biilor \u00een realizarea ODD, \u00eendeosebi \u00een ceea ce prive\u0219te egalitatea economic\u0103, infrastructura, industrializarea \u0219i inovarea durabile<\/em> \u0219i a decis organizarea unei reuniuni parlamentare cu ocazia urm\u0103toarei Conferin\u021be a ONU privind schimb\u0103rile climatice (Katowice, 2018). &nbsp;&nbsp;&nbsp;<\/p>\n<p style=\"text-align: justify\">La <strong>reuniunea de lucru a Biroului Comisiei<\/strong>, dna senator Silvia-Monica Dinic\u0103, membr\u0103 a Biroului, a participat la discu\u021biile pe marginea viitoarei agende de lucru a comisiei \u0219i a prezentat m\u0103surile adoptate de forul legislativ rom\u00e2n pentru integrarea problematicii ODD \u00een activitatea parlamentar\u0103: traducerea \u00een limba rom\u00e2n\u0103 a Instrumentarului de evaluare al UIP Parlamentele \u0219i ODD \u0219i a publica\u021biei UIP-PNUD Rolul parlamentelor in implementarea ODD; sensibilizarea comisiilor de specialitate cu privire la necesitatea implic\u0103rii \u00een procesul de elaborare a raportului de etap\u0103 al Rom\u00e2niei privind&nbsp; ODD \u2013 Raportul Na\u021bional Voluntar, care va fi prezentat \u00een luna iulie a.c. \u00een cadrul Forumului politic la nivel \u00eenalt al Na\u021biunilor Unite privind dezvoltarea durabil\u0103; activitatea Grupului de lucru parlamentar privind violen\u021ba \u00eempotriva femeilor \u0219i contribu\u021bia acestuia la promovarea ODD 5 &#8211; Realizarea egalit\u0103\u021bii de gen \u0219i emanciparea tuturor femeilor \u0219i fetelor.<\/p>\n<p style=\"text-align: justify\"><strong>Comisia pentru democra\u021bie \u0219i drepturile omului<\/strong> s-a reunit sub pre\u0219edin\u021bia dlui Botlogile Tshireletso (Botswana), pentru a dezbate, \u00een preg\u0103tirea unei viitoare rezolu\u021bii, tema Consolidarea cooper\u0103rii interparlamentare privind migra\u021bia \u0219i guvernan\u021ba migra\u021biei \u00een perspectiva adopt\u0103rii Compactului global pentru o migra\u021bie sigur\u0103, ordonat\u0103 \u0219i reglementat\u0103. Din partea GRUI au participat dl <strong>senator Derzsi \u00c1kos<\/strong> \u0219i dl <strong>deputat Ion Cup\u0103<\/strong>.&nbsp;Dezbaterea a fost precedat\u0103 de un dialog cu cei doi co-facilitatori ai compactului, amb. J\u00fcrg Lauber (Elve\u021bia) \u0219i amb. Juan Jos\u00e9 G\u00f3mez Camacho (Mexic), care au adus \u00een discu\u021bie aspecte referitoare la cauzele profunde ale migra\u021biei, nevoia unui cadru legislativ cuprinz\u0103tor care s\u0103 apere drepturile migran\u021bilor, m\u0103surile de combatere a discrimin\u0103rii \u0219i xenofobiei \u00een contextul migra\u021biei.&nbsp;<\/p>\n<p style=\"text-align: justify\"><strong><img loading=\"lazy\" decoding=\"async\" class=\" wp-image-230 alignleft\" src=\"https:\/\/sites.senat.ro\/wp-content\/uploads\/sites\/2\/2018\/02\/Foto6-300x225.jpg\" alt=\"\" width=\"240\" height=\"180\" srcset=\"https:\/\/sites.senat.ro\/wp-content\/uploads\/2018\/02\/Foto6-300x225.jpg 300w, https:\/\/sites.senat.ro\/wp-content\/uploads\/2018\/02\/Foto6-768x576.jpg 768w, https:\/\/sites.senat.ro\/wp-content\/uploads\/2018\/02\/Foto6.jpg 1024w, https:\/\/sites.senat.ro\/wp-content\/uploads\/2018\/02\/Foto6-732x549.jpg 732w\" sizes=\"auto, (max-width: 240px) 100vw, 240px\" \/><\/strong>Dl senator Derzsi \u00c1kos, \u0219eful delega\u021biei GRUI, membru al Comisiei, a evocat experien\u021ba pozitiv\u0103 a Parlamentului Rom\u00e2niei \u00een gestionarea problematicii cet\u0103\u021benilor rom\u00e2ni care tr\u0103iesc \u00een str\u0103in\u0103tate. Referindu-se la rolul parlamentelor \u00een transpunerea \u00een practic\u0103 a viitorului compact global, dl senator a&nbsp; recomandat crearea unor structuri parlamentare dedicate, pe modelul comisiilor specializate din Senat \u0219i Camera Deputa\u021bilor, o valorificare c\u00e2t mai bun\u0103&nbsp; a activit\u0103\u021bii \u0219i experien\u021bei parlamentarilor ale\u0219i \u00een diaspora, concertarea demersurilor \u00een domeniu ale diferitelor organiza\u021bii \u0219i adun\u0103ri parlamentare. Cu titlu de exemplu, s-a referit la procesul de elaborare \u0219i principalele prevederi ale rezolu\u021biei privind drepturile lucr\u0103torilor casnici, \u00een special femei, adoptat\u0103 \u00een 2017 de Adunarea Parlamentara a Consiliului Europei la ini\u021biativa unui senator rom\u00e2n care reprezint\u0103 diaspora. \u00cen partea a doua a lucr\u0103rilor, comisia&nbsp;a analizat \u0219i a aprobat propunerea delega\u021biei belgiene de organizare, la urm\u0103toarea sesiune a UIP, a unei dezbateri privind rolul parlamentelor \u00een combaterea discrimin\u0103rii bazate pe orientare sexual\u0103 \u0219i identitate de gen.<\/p>\n<p style=\"text-align: justify\">La reuniunile <strong>Comisiei pentru Na\u021biunile Unite<\/strong>, prezidate de dl Anti Avsan (Suedia), a participat dl <strong>deputat Gheorghe D\u0103nu\u021b Bogdan<\/strong>, membru al Comitetului Director al GRUI.&nbsp;<img loading=\"lazy\" decoding=\"async\" class=\" wp-image-231 alignleft\" src=\"https:\/\/sites.senat.ro\/wp-content\/uploads\/sites\/2\/2018\/02\/Foto7-300x225.jpg\" alt=\"\" width=\"223\" height=\"167\" srcset=\"https:\/\/sites.senat.ro\/wp-content\/uploads\/2018\/02\/Foto7-300x225.jpg 300w, https:\/\/sites.senat.ro\/wp-content\/uploads\/2018\/02\/Foto7-768x576.jpg 768w, https:\/\/sites.senat.ro\/wp-content\/uploads\/2018\/02\/Foto7.jpg 1024w, https:\/\/sites.senat.ro\/wp-content\/uploads\/2018\/02\/Foto7-732x549.jpg 732w\" sizes=\"auto, (max-width: 223px) 100vw, 223px\" \/>\u00cen cadrul sesiunii de dezbateri referitoare la <em>monitorizarea ODD la nivel parlamentar<\/em>, parlamentari din Argentina, Serbia \u0219i Sri Lanka au prezentat m\u0103surile adoptate de forurile legislative respective pentru institu\u021bionalizarea ODD \u0219i monitorizarea transpunerii lor \u00een practic\u0103. Printre bunele practici prezentate se num\u0103r\u0103: crearea unor grupuri parlamentare \u00een scopul dezbaterii acestor subiecte; revizuirea capacit\u0103\u021bii institu\u021bionale privind ODD cu ajutorul ghidului de autoevaluare elaborat de UIP \u0219i PNUD; organizarea de dezbateri publice pentru informarea cet\u0103\u021benilor, societ\u0103\u021bii civile \u0219i a mediului de afaceri. Dintre cele mai frecvente riscuri asociate activit\u0103\u021bii parlamentare \u00een domeniul ODD au fost enumerate: presiunile electorale de scurt\u0103 durat\u0103 care pot fi \u00een detrimentul viziunii pe termen lung impus\u0103 de ODD; tendin\u021ba guvernelor \u0219i parlamentelor de a se concentra doar pe obiective considerate critice pentru respectiva \u021bar\u0103, ignor\u00e2ndu-se faptul c\u0103 ODD sunt puternic interconectate.&nbsp;La r\u00e2ndul s\u0103u, dna Nadia Isler, directorul SDGs Lab, cu sediul \u00een Geneva, a prezentat activitatea organiza\u021biei sale care are drept scop asigurarea coeren\u021bei \u00een abordarea ODD.&nbsp;<\/p>\n<p style=\"text-align: justify\">Cea de-a doua parte a lucr\u0103rilor a fost dedicat\u0103 temei principale a edi\u021biei 2018 a Forumului politic la nivel \u00eenalt al ONU privind dezvoltarea durabil\u0103 &#8211; Evolu\u021bia c\u0103tre societ\u0103\u021bi durabile \u0219i reziliente, cu accent pe mediu, unul dintre pilonii principali ai dezvolt\u0103rii durabile.<\/p>\n<p style=\"text-align: justify\"><strong>Forumul Femeilor Parlamentare<\/strong> s-a reunit sub pre\u0219edin\u021bia dnei Margaret Mensah-Williams (Namibia), pre\u0219edinta Biroului FFP. Participantele au examinat, din perspectiva egalit\u0103\u021bii de gen, proiectele de rezolu\u021bii de pe agenda comisiilor permanente.<\/p>\n<p style=\"text-align: justify\">\u00cen interven\u021bia sa pe tema <em>Promovarea p\u0103cii ca vector al dezvolt\u0103rii durabile<\/em> (\u00een dezbatere la Comisia UIP pentru pace \u0219i securitate interna\u021bional\u0103), dna senator Silvia-Monica Dinic\u0103 a eviden\u021biat importan\u021ba Rezolu\u021biei 1325 (2000) a Consiliului de Securitate al ONU privind <em>femeile, pacea \u0219i securitatea<\/em> \u0219i responsabilitatea care revine parlamentelor \u00een transpunerea angajamentelor \u0219i obliga\u021biilor interna\u021bionale asumate de state \u00een politici \u0219i legi na\u021bionale. Dna senator a ar\u0103tat c\u0103 Rom\u00e2nia face pa\u0219i importan\u021bi pentru integrarea dimensiunii de gen \u00een sectorul securit\u0103\u021bii \u0219i ap\u0103r\u0103rii, acord\u00e2nd o aten\u021bie special\u0103 particip\u0103rii femeilor la procesele decizionale; Planul Na\u021bional de Ac\u021biune 2014-2024, adoptat de Rom\u00e2nia pentru implementarea rezolu\u021biei 1325, abordeaz\u0103 dimensiunea de gen nu doar ca pe un obiectiv \u00een sine, ci \u0219i ca pe un factor important \u00een realizarea politicilor \u0219i programelor privind pacea si securitatea; totodat\u0103, Rom\u00e2nia este reprezentat\u0103 \u00een Re\u021beaua Punctelor Focale pentru Femei, Pace \u0219i Securitate, structur\u0103 care faciliteaz\u0103 schimbul de informa\u021bii \u0219i bune practici \u0219i coordonarea programelor de asisten\u021b\u0103 \u00een domeniu.<\/p>\n<p><img loading=\"lazy\" decoding=\"async\" class=\" wp-image-232 alignleft\" src=\"https:\/\/sites.senat.ro\/wp-content\/uploads\/sites\/2\/2018\/02\/Foto8-246x300.jpg\" alt=\"\" width=\"203\" height=\"248\" srcset=\"https:\/\/sites.senat.ro\/wp-content\/uploads\/2018\/02\/Foto8-246x300.jpg 246w, https:\/\/sites.senat.ro\/wp-content\/uploads\/2018\/02\/Foto8.jpg 525w\" sizes=\"auto, (max-width: 203px) 100vw, 203px\" \/><\/p>\n<p style=\"text-align: justify\">Pornind de la experien\u021ba Rom\u00e2niei, dna senator a f\u0103cut c\u00e2teva recomand\u0103ri adresate parlamentelor, din perspectiva rolului lor \u00een promovarea agendei ONU privind femeile, pacea si securitatea: integrarea dimensiunii de gen \u00een strategiile \u0219i politicile din sfera p\u0103cii \u0219i dezvolt\u0103rii; adoptarea de Planuri Na\u021bionale de Ac\u021biune pentru implementarea rezolu\u021biei 1325 (cu precizarea c\u0103, la ora actual\u0103, numai 38% dintre statele membre ONU au astfel de planuri), desemnarea, dup\u0103 caz, a Punctelor Focale Na\u021bionale pentru Femei, Pace \u0219i Securitate. Majoritatea propunerilor Rom\u00e2niei au fost preluate de FFP \u0219i se reg\u0103sesc \u00een rezolu\u021bia adoptat\u0103 de Adunare.<\/p>\n<p style=\"text-align: justify\">\u00cen cadrul reuniunii FFP, dl Martin Chungong, secretarul general al UIP \u0219i dna Rosemary Mc Carney, reprezentantul permanent al Canadei la Na\u021biunile Unite, au prezentat obiectivele \u0219i activitatea re\u021belei Campioni interna\u021bionali pentru egalitatea de gen.<\/p>\n<p style=\"text-align: justify\">Parlamentarii cu v\u00e2rste de p\u00e2n\u0103 la 45 de ani, membri ai delega\u021biilor na\u021bionale, s-au reunit \u00een cadrul <strong>Forumului Tinerilor Parlamentari<\/strong>, prezidat de dna Ruth Betsaida Itamari Choque (Bolivia), pentru a se informa reciproc cu privire la progresele realizate \u0219i dificult\u0103\u021bile existente \u00een \u021b\u0103rile lor \u00een ceea ce prive\u0219te implicarea tinerilor \u00een diferite domenii. Din partea GRUI a participat dna <strong>senator Silvia-Monica Dinic\u0103<\/strong>.<\/p>\n<p style=\"text-align: justify\">Participan\u021bii au salutat aprobarea, de c\u0103tre forurile directoare ale UIP, a amendamentelor propuse la Regulamentul UIP \u00een scopul cre\u0219terii particip\u0103rii tinerilor la activit\u0103\u021bile organiza\u021biei \u0219i au examinat, din perspectiva tinerilor, cele dou\u0103 proiecte de rezolu\u021bie dezb\u0103tute \u00een comisiile pentru pace \u0219i securitate interna\u021bional\u0103 \u0219i, respectiv, dezvoltare durabil\u0103, finan\u021be \u0219i comer\u021b.&nbsp;\u00cen contextul discu\u021biilor privind modalit\u0103\u021bile de promovare a particip\u0103rii tinerilor \u00een via\u021ba politic\u0103, membrii Forumului au concluzionat c\u0103 reducerea limitei de v\u00e2rst\u0103 pentru a candida, adoptarea \u0219i punerea \u00een aplicare a cotelor electorale pentru tineret \u0219i cre\u0219terea particip\u0103rii tinerilor \u00een procesele decizionale la nivel local \u0219i regional au drept rezultat cre\u0219terea num\u0103rului de tineri parlamentari ale\u0219i.<\/p>\n<p style=\"text-align: justify\">\u00cen cadrul dezbaterii dedicate <em>reformelor \u00een politicile privind HIV\/SIDA \u0219i s\u0103n\u0103tatea tinerilor<\/em>, participan\u021bii au discutat despre obstacolele cu care se confrunt\u0103 tinerii infecta\u021bi cu HIV din \u00eentreaga lume \u00een asigurarea accesului la servicii de s\u0103n\u0103tate \u0219i au subliniat importan\u021ba adopt\u0103rii de legi care s\u0103 garanteze respectarea drepturilor omului ale tinerilor pentru a elimina stigmatizarea \u0219i discriminarea asociate HIV\/SIDA.<\/p>\n<p style=\"text-align: justify\"><img loading=\"lazy\" decoding=\"async\" class=\" wp-image-233 alignleft\" src=\"https:\/\/sites.senat.ro\/wp-content\/uploads\/sites\/2\/2018\/02\/Foto9-234x300.jpg\" alt=\"\" width=\"198\" height=\"254\" srcset=\"https:\/\/sites.senat.ro\/wp-content\/uploads\/2018\/02\/Foto9-234x300.jpg 234w, https:\/\/sites.senat.ro\/wp-content\/uploads\/2018\/02\/Foto9-768x983.jpg 768w, https:\/\/sites.senat.ro\/wp-content\/uploads\/2018\/02\/Foto9-800x1024.jpg 800w, https:\/\/sites.senat.ro\/wp-content\/uploads\/2018\/02\/Foto9-732x936.jpg 732w, https:\/\/sites.senat.ro\/wp-content\/uploads\/2018\/02\/Foto9-1140x1458.jpg 1140w, https:\/\/sites.senat.ro\/wp-content\/uploads\/2018\/02\/Foto9.jpg 1883w\" sizes=\"auto, (max-width: 198px) 100vw, 198px\" \/>La reuniunea <strong>Asocia\u021biei Secretarilor Generali de Parlamente<\/strong> (ASGP) au participat secretari generali \u015fi secretari generali adjunc\u0163i ai parlamentelor na\u0163ionale \u015fi ai unor adun\u0103ri parlamentare interna\u0163ionale cu statut de observator. Sesiunea ASGP a fost condus\u0103 de dl Philippe Schwab, secretarul general al Adun\u0103rii Federale a Elve\u0163iei, pre\u015fedintele ASGP. \u00cen deschiderea lucr\u0103rilor, la recomandarea Comitetului Executiv al ASGP, plenul Asocia\u0163iei a aprobat afilierea la ASGP a dlui<strong> Mih\u0103i\u0163\u0103 Calimente<\/strong>, secretar general adjunct al Senatului.<\/p>\n<p style=\"text-align: justify\">Programul reuniunii a inclus dou\u0103 dezbateri generale pe urm\u0103toarele teme: <em>Rela\u0163ia dintre parlament \u015fi guvern<\/em> (moderator: dna Jane Lubowa Kibirige, secretarul general al Parlamentului din Uganda); <em>Controlul jurisdic\u0163ional asupra actelor interne ale parlamentului<\/em> (moderator: dl Jos\u00e9&nbsp;Manuel Araujo, secretarul general al Parlamentului Portugaliei).<\/p>\n<p style=\"text-align: justify\">Prima dezbatere a fost precedat\u0103 de lucr\u0103ri \u00een cadrul a patru grupuri de lucru ad-hoc, \u00een care au fost abordate sub-temele: <em>colaborarea dintre parlament \u015fi guvern \u00een planificarea \u015fi organizarea lucr\u0103rilor parlamentare&nbsp;; antiparlamentarism \u015fi deontologia func\u0163iei publice parlamentare; rolul parlamentului \u00een stabilirea componen\u0163ei \u015fi \u00een \u00eenvestirea guvernului; controlul parlamentului asupra guvernului.<\/em><\/p>\n<p style=\"text-align: justify\">\u00cen contribu\u021bia sa, dl Mih\u0103i\u0163\u0103 Calimente a abordat c\u00e2teva dintre elementele care asigur\u0103 func\u021bionalitatea rela\u021biei dintre parlament \u015fi guvern \u00een Rom\u00e2nia: activitatea Ministerului pentru rela\u021bia cu parlamentul; prevederile regulamentare privind organizarea, la Senat, a Orei primului ministru \u015fi a Orei guvernului; prevederile <em>Legii privind cooperarea dintre parlament \u015fi guvern \u00een domeniul afacerilor europene<\/em>; instituirea, prin lege, a procedurilor de consultare public\u0103 a societ\u0103\u021bii civile cu privire la proiectele de acte normative, direct, prin invitarea reprezentan\u021bilor acesteia la activit\u0103\u021bile organizate de Senat \u00een acest scop sau indirect, prin intermediul website-ului Senatului.<\/p>\n<p style=\"text-align: justify\">Pe ordinea de zi au figurat \u0219i:<\/p>\n<ul>\n<li style=\"text-align: justify\">o serie de <strong>comunic\u0103ri<\/strong>, urmate de scurte sesiuni de \u00eentreb\u0103ri \u015fi r\u0103spunsuri,&nbsp; privind:\n<ul>\n<li style=\"text-align: justify\"><em>Impactul Brexit-ului, a\u015fa cum este perceput de alte parlamente din statele UE<\/em> (prof. dr. Horst Risse, secretarul general al Bundestag-ului german; dr. Georg Klemann, secretar general adjunct al Bundesrat-ului german; dl Peter Finegan, secretarul general al Parlamentului Irlandei);<\/li>\n<li style=\"text-align: justify\"><em>Articolul 155 al Constitu\u0163iei spaniole \u015fi situa\u0163ia din Catalonia<\/em> (dl Manuel Cavero, secretarul general al Senatului Spaniei);<\/li>\n<li style=\"text-align: justify\"><em>Formarea guvernului \u00een democra\u0163iile pluripartite<\/em> (dl Geert Jan A. Hamilton, grefier al Senatului Statelor Generale, Olanda);<\/li>\n<li style=\"text-align: justify\"><em>Regulament \u015fi reforme \u00een cadrul Adun\u0103rii Na\u0163ionale: cazul Parlamentului Republicii Africa de Sud<\/em> (dl Masibulele Xaso, secretarul general al Adun\u0103rii Na\u0163ionale a Republicii Africa de Sud);<\/li>\n<li style=\"text-align: justify\"><em>Dreptul de a lua cuv\u00e2ntul \u00een \u015fedin\u0163\u0103 plenar\u0103 \u015fi privilegii parlamentare<\/em> (dl Charles Robert, grefierul Camerei Comunelor din Canada);<\/li>\n<li style=\"text-align: justify\"><em>Sistemul preziden\u0163ial care se implementeaz\u0103 \u00een Turcia<\/em> (dl Mehmet Ali Kumbuzoglu, secretarul general al Marii Adun\u0103ri Na\u0163ionale a Turciei);<\/li>\n<li style=\"text-align: justify\"><em>Participarea societ\u0103\u0163ii la procesul de inovare \u00een cadrul parlamentelor<\/em> (dl Ali Yildiz, secretarul general adjunct al Adun\u0103rii parlamentare a statelor de limb\u0103 turc\u0103-TURKPA);<\/li>\n<\/ul>\n<\/li>\n<li style=\"text-align: justify\">o <strong>mas\u0103 rotund\u0103<\/strong> organizat\u0103 \u00een scopul promov\u0103rii <em>Centrului UIP pentru inovare \u00een parlamente<\/em>, care are ca obiectiv sprijinirea inov\u0103rii \u00een parlamente, prin adaptarea noilor tehnologii la specificul activit\u0103\u0163ilor acestor institu\u021bii \u015fi prin utilizarea instrumentelor digitale \u00een activit\u0103\u0163ile curente ale parlamentarilor \u0219i func\u021bionarilor, inclusiv \u00een comunicarea public\u0103 \u015fi gestionarea rela\u0163iei cu cet\u0103\u0163enii.<\/li>\n<\/ul>\n<p style=\"text-align: justify\">\u00cen cadrul discu\u021biilor privind provoc\u0103rile cu care se confrunt\u0103 administra\u021biile parlamentare din \u00eentreaga lume \u00een implementarea conceptului de e-Parlament, dl Mih\u0103i\u021b\u0103 Calimente a prezentat principalele elemente ale sistemului informatic al Senatului &#8211; intranet, vot electronic, site-ul Senatului ca interfa\u021b\u0103 a interac\u021biunii cu cet\u0103\u021benii &#8211; care ofer\u0103 acces la baza de date legislative, posibilitatea consult\u0103rii publice a proiectelor de lege, a depunerii de peti\u021bii on-line, a prezen\u021bei institu\u021biei pe re\u021belele sociale, subliniind preocuparea pentru asigurarea protec\u021biei \u0219i&nbsp; securit\u0103\u021bii acestuia.<\/p>\n<p style=\"text-align: center\">***<\/p>\n<p style=\"text-align: justify\">\u00cen marja sesiunii, UIP \u0219i \u00cenaltul Comisariat al ONU pentru Refugia\u021bi au lansat Ghidul pentru parlamentari privind <em>protec\u021bia interna\u021bional\u0103 a refugia\u021bilor \u0219i realizarea sistemelor de azil ale statelor<\/em>.&nbsp;De asemenea, a fost organizat\u0103 expozi\u021bia <em>Oameni \u0219i schimb\u0103ri climatice<\/em>, un proiect multi-media care prezint\u0103 efectele schimb\u0103rilor climatice asupra vie\u021bii cotidiene \u00een mai multe regiuni ale globului afectate de diferite tipuri de fenomene climatice.&nbsp;<\/p>\n","protected":false},"excerpt":{"rendered":"<p>La sesiune au participat parlamentari din 148 de \u021b\u0103ri, reprezentan\u021bi ai unor adun\u0103ri \u0219i foruri parlamentare cu statut de membru asociat sau de observator, \u00eenal\u021bi oficiali ONU, exper\u021bi \u0219i reprezentan\u021bi ai unor organiza\u021bii \u0219i foruri interna\u021bionale. Din delega\u021bia GRUI au f\u0103cut parte: dl senator Derzsi \u00c1kos, membru al Biroului Executiv al GRUI, membru al Consiliului [&hellip;]<\/p>\n","protected":false},"author":1,"featured_media":0,"comment_status":"closed","ping_status":"open","sticky":false,"template":"","format":"standard","meta":{"ngg_post_thumbnail":0,"footnotes":""},"categories":[3],"tags":[],"class_list":["post-53","post","type-post","status-publish","format-standard","hentry","category-participare"],"_links":{"self":[{"href":"https:\/\/sites.senat.ro\/index.php?rest_route=\/wp\/v2\/posts\/53","targetHints":{"allow":["GET"]}}],"collection":[{"href":"https:\/\/sites.senat.ro\/index.php?rest_route=\/wp\/v2\/posts"}],"about":[{"href":"https:\/\/sites.senat.ro\/index.php?rest_route=\/wp\/v2\/types\/post"}],"author":[{"embeddable":true,"href":"https:\/\/sites.senat.ro\/index.php?rest_route=\/wp\/v2\/users\/1"}],"replies":[{"embeddable":true,"href":"https:\/\/sites.senat.ro\/index.php?rest_route=%2Fwp%2Fv2%2Fcomments&post=53"}],"version-history":[{"count":0,"href":"https:\/\/sites.senat.ro\/index.php?rest_route=\/wp\/v2\/posts\/53\/revisions"}],"wp:attachment":[{"href":"https:\/\/sites.senat.ro\/index.php?rest_route=%2Fwp%2Fv2%2Fmedia&parent=53"}],"wp:term":[{"taxonomy":"category","embeddable":true,"href":"https:\/\/sites.senat.ro\/index.php?rest_route=%2Fwp%2Fv2%2Fcategories&post=53"},{"taxonomy":"post_tag","embeddable":true,"href":"https:\/\/sites.senat.ro\/index.php?rest_route=%2Fwp%2Fv2%2Ftags&post=53"}],"curies":[{"name":"wp","href":"https:\/\/api.w.org\/{rel}","templated":true}]}}