{"id":519,"date":"2018-10-01T16:50:30","date_gmt":"2018-10-01T16:50:30","guid":{"rendered":"http:\/\/sites.senat.ro\/?p=519"},"modified":"2019-01-23T09:42:09","modified_gmt":"2019-01-23T09:42:09","slug":"vizita-oficiala-in-romania-a-delegatiei-grupului-parlamentar-de-prietenie-cu-romania-din-camera-consilierilor-a-regatului-maroc-1-5-octombrie-2018","status":"publish","type":"post","link":"https:\/\/sites.senat.ro\/?p=519","title":{"rendered":"Vizita oficial\u0103 \u00een Rom\u00e2nia a delega\u021biei Grupului parlamentar de prietenie cu Rom\u00e2nia din Camera Consilierilor a Regatului Maroc (1-5 octombrie 2018)"},"content":{"rendered":"<p style=\"text-align: justify;\"><img loading=\"lazy\" decoding=\"async\" class=\"size-full wp-image-520 alignleft\" src=\"https:\/\/sites.senat.ro\/wp-content\/uploads\/sites\/2\/2019\/01\/Maroc.jpg\" alt=\"\" width=\"123\" height=\"82\">Din delega\u021bia marocan\u0103, condus\u0103 de dl Larbi Laraichi, pre\u0219edintele Grupului, au f\u0103cut parte dnii Hamid Kmiza \u0219i &nbsp;Mbark Sadi, membri.<\/p>\n<p style=\"text-align: justify;\">Oaspe\u021bii au avut \u00eentrevederi cu: dl<strong> senator Gheorghe Baciu<\/strong>, pre\u0219edintele Grupului de prietenie Rom\u00e2nia-Regatul Maroc, \u0219i cu membri ai Grupului; dl <strong>senator Adrian \u021au\u021buianu<\/strong>, vicepre\u0219edinte al Senatului; dna <strong>senator Alina-\u0218tefania Gorghiu<\/strong>, vicepre\u0219edinte al Senatului \u0219i dl <strong>senator Lucian Roma\u0219canu<\/strong>, membri ai Comisiei pentru politic\u0103 extern\u0103 din Senat.<\/p>\n<p style=\"text-align: justify;\">Parlamentarii rom\u00e2ni \u0219i marocani au eviden\u021biat rela\u021biile tradi\u021bionale dintre cele dou\u0103 \u021b\u0103ri \u0219i rolul diploma\u021biei parlamentare \u00een extinderea cooper\u0103rii bilaterale, inclusiv prin stimularea investi\u021biilor reciproce \u00een agricultur\u0103, sectorul energiei regenerabile, IT, turism, industria auto, construc\u021biile navale, infrastructur\u0103, industria minier\u0103, etc. A fost remarcat\u0103 colaborarea excelent\u0103 \u00een domenii precum educa\u021bia \u0219i cultura, context \u00een care oaspe\u021bii au apreciat calitatea sistemului de \u00eenv\u0103\u021b\u0103m\u00e2nt rom\u00e2nesc \u0219i oportunit\u0103\u021bile de care beneficiaz\u0103 studen\u021bii marocani prin intermediul programelor Erasmus. Partea rom\u00e2n\u0103 \u0219i-a exprimat satisfac\u021bia pentru evolu\u021bia pozitiv\u0103 a rela\u021biilor comerciale rom\u00e2no-marocane, amintind c\u0103 \u00een anul 2017 Marocul a fost principalul partener comercial al Rom\u00e2niei din Africa \u0219i Orientul Mijlociu.<\/p>\n<p style=\"text-align: center;\">&nbsp;<img loading=\"lazy\" decoding=\"async\" class=\"alignnone size-medium wp-image-521\" src=\"https:\/\/sites.senat.ro\/wp-content\/uploads\/sites\/2\/2019\/01\/Maroc_1-300x200.jpg\" alt=\"\" width=\"300\" height=\"200\" srcset=\"https:\/\/sites.senat.ro\/wp-content\/uploads\/2019\/01\/Maroc_1-300x200.jpg 300w, https:\/\/sites.senat.ro\/wp-content\/uploads\/2019\/01\/Maroc_1-768x511.jpg 768w, https:\/\/sites.senat.ro\/wp-content\/uploads\/2019\/01\/Maroc_1-732x487.jpg 732w, https:\/\/sites.senat.ro\/wp-content\/uploads\/2019\/01\/Maroc_1.jpg 800w\" sizes=\"auto, (max-width: 300px) 100vw, 300px\" \/> <img loading=\"lazy\" decoding=\"async\" class=\"alignnone size-medium wp-image-522\" src=\"https:\/\/sites.senat.ro\/wp-content\/uploads\/sites\/2\/2019\/01\/Maroc_2-300x200.jpg\" alt=\"\" width=\"300\" height=\"200\" srcset=\"https:\/\/sites.senat.ro\/wp-content\/uploads\/2019\/01\/Maroc_2-300x200.jpg 300w, https:\/\/sites.senat.ro\/wp-content\/uploads\/2019\/01\/Maroc_2-768x511.jpg 768w, https:\/\/sites.senat.ro\/wp-content\/uploads\/2019\/01\/Maroc_2-732x487.jpg 732w, https:\/\/sites.senat.ro\/wp-content\/uploads\/2019\/01\/Maroc_2.jpg 800w\" sizes=\"auto, (max-width: 300px) 100vw, 300px\" \/> <img loading=\"lazy\" decoding=\"async\" class=\"alignnone size-medium wp-image-523\" src=\"https:\/\/sites.senat.ro\/wp-content\/uploads\/sites\/2\/2019\/01\/Maroc_3-300x200.jpg\" alt=\"\" width=\"300\" height=\"200\" srcset=\"https:\/\/sites.senat.ro\/wp-content\/uploads\/2019\/01\/Maroc_3-300x200.jpg 300w, https:\/\/sites.senat.ro\/wp-content\/uploads\/2019\/01\/Maroc_3-768x511.jpg 768w, https:\/\/sites.senat.ro\/wp-content\/uploads\/2019\/01\/Maroc_3-732x487.jpg 732w, https:\/\/sites.senat.ro\/wp-content\/uploads\/2019\/01\/Maroc_3.jpg 800w\" sizes=\"auto, (max-width: 300px) 100vw, 300px\" \/> <img loading=\"lazy\" decoding=\"async\" class=\"alignnone size-medium wp-image-524\" src=\"https:\/\/sites.senat.ro\/wp-content\/uploads\/sites\/2\/2019\/01\/Maroc_4-300x200.jpg\" alt=\"\" width=\"300\" height=\"200\" srcset=\"https:\/\/sites.senat.ro\/wp-content\/uploads\/2019\/01\/Maroc_4-300x200.jpg 300w, https:\/\/sites.senat.ro\/wp-content\/uploads\/2019\/01\/Maroc_4-768x511.jpg 768w, https:\/\/sites.senat.ro\/wp-content\/uploads\/2019\/01\/Maroc_4-732x487.jpg 732w, https:\/\/sites.senat.ro\/wp-content\/uploads\/2019\/01\/Maroc_4.jpg 800w\" sizes=\"auto, (max-width: 300px) 100vw, 300px\" \/><\/p>\n<p style=\"text-align: justify;\">\u00cen contextul prelu\u0103rii de c\u0103tre Rom\u00e2nia a Pre\u0219edin\u021biei Consiliului European, s-a subliniat importan\u021ba parteneriatului multidimensional UE-Maroc \u0219i necesitatea valorific\u0103rii c\u00e2t mai bune a oportunit\u0103\u0163ilor \u015fi instrumentelor pe care acesta le ofer\u0103. Gazdele \u0219i-au manifestat dorin\u021ba de a colabora cu statul marocan pentru asigurarea stabilit\u0103\u021bii \u0219i securit\u0103\u021bii regionale \u00een vecin\u0103tatea sudic\u0103 a UE, prin combaterea &nbsp;terorismului, prevenirea radicaliz\u0103rii \u0219i gestionarea migra\u021biei ilegale. Totodat\u0103, au adresat mul\u021bumiri interlocutorilor pentru sus\u021binerea candidaturii Rom\u00e2niei pentru un mandat de membru nepermanent \u00een Consiliul de securitate al ONU, \u00een perioada 2020-2021.<\/p>\n<p style=\"text-align: justify;\">Cu prilejul vizitei \u00een Jude\u021bul V\u00e2lcea, delega\u021bia marocan\u0103 a avut \u00eentrevederi cu reprezentan\u021bi ai administra\u021biei publice locale, ocazie cu care s-a analizat posibilitatea \u00eencheierii unor memorandumuri de \u00eenfr\u0103\u021bire \u00eentre ora\u0219ele R\u00e2mnicu V\u00e2lcea \u0219i Mekn\u00e8s, dar \u0219i \u00eentre alte localit\u0103\u021bi din Rom\u00e2nia \u0219i Regatul Maroc.<\/p>\n<p style=\"text-align: justify;\">&nbsp;<\/p>\n<p style=\"text-align: justify;\">&nbsp;<\/p>\n","protected":false},"excerpt":{"rendered":"<p>Din delega\u021bia marocan\u0103, condus\u0103 de dl Larbi Laraichi, pre\u0219edintele Grupului, au f\u0103cut parte dnii Hamid Kmiza \u0219i &nbsp;Mbark Sadi, membri. Oaspe\u021bii au avut \u00eentrevederi cu: dl senator Gheorghe Baciu, pre\u0219edintele Grupului de prietenie Rom\u00e2nia-Regatul Maroc, \u0219i cu membri ai Grupului; dl senator Adrian \u021au\u021buianu, vicepre\u0219edinte al Senatului; dna senator Alina-\u0218tefania Gorghiu, vicepre\u0219edinte al Senatului \u0219i [&hellip;]<\/p>\n","protected":false},"author":2,"featured_media":0,"comment_status":"closed","ping_status":"open","sticky":false,"template":"","format":"standard","meta":{"ngg_post_thumbnail":0,"footnotes":""},"categories":[1,7],"tags":[],"class_list":["post-519","post","type-post","status-publish","format-standard","hentry","category-prietenie","category-viziteoficiale"],"_links":{"self":[{"href":"https:\/\/sites.senat.ro\/index.php?rest_route=\/wp\/v2\/posts\/519","targetHints":{"allow":["GET"]}}],"collection":[{"href":"https:\/\/sites.senat.ro\/index.php?rest_route=\/wp\/v2\/posts"}],"about":[{"href":"https:\/\/sites.senat.ro\/index.php?rest_route=\/wp\/v2\/types\/post"}],"author":[{"embeddable":true,"href":"https:\/\/sites.senat.ro\/index.php?rest_route=\/wp\/v2\/users\/2"}],"replies":[{"embeddable":true,"href":"https:\/\/sites.senat.ro\/index.php?rest_route=%2Fwp%2Fv2%2Fcomments&post=519"}],"version-history":[{"count":0,"href":"https:\/\/sites.senat.ro\/index.php?rest_route=\/wp\/v2\/posts\/519\/revisions"}],"wp:attachment":[{"href":"https:\/\/sites.senat.ro\/index.php?rest_route=%2Fwp%2Fv2%2Fmedia&parent=519"}],"wp:term":[{"taxonomy":"category","embeddable":true,"href":"https:\/\/sites.senat.ro\/index.php?rest_route=%2Fwp%2Fv2%2Fcategories&post=519"},{"taxonomy":"post_tag","embeddable":true,"href":"https:\/\/sites.senat.ro\/index.php?rest_route=%2Fwp%2Fv2%2Ftags&post=519"}],"curies":[{"name":"wp","href":"https:\/\/api.w.org\/{rel}","templated":true}]}}