{"id":511,"date":"2018-09-29T16:50:13","date_gmt":"2018-09-29T16:50:13","guid":{"rendered":"http:\/\/sites.senat.ro\/?p=511"},"modified":"2019-01-23T09:42:32","modified_gmt":"2019-01-23T09:42:32","slug":"vizita-oficiala-in-romania-a-delegatiei-grupului-parlamentar-de-prietenie-cu-romania-din-senatul-republicii-franceze-24-28-septembrie-2018","status":"publish","type":"post","link":"https:\/\/sites.senat.ro\/?p=511","title":{"rendered":"Vizita oficial\u0103 \u00een Rom\u00e2nia a delega\u0163iei Grupului parlamentar de prietenie cu Rom\u00e2nia din Senatul Republicii Franceze (24-28 septembrie 2018)"},"content":{"rendered":"<p style=\"text-align: justify;\"><img loading=\"lazy\" decoding=\"async\" class=\"size-full wp-image-512 alignleft\" src=\"https:\/\/sites.senat.ro\/wp-content\/uploads\/sites\/2\/2019\/01\/Franta.jpg\" alt=\"\" width=\"123\" height=\"82\">Vizita a avut loc la invita\u021bia dlui <strong>senator Titus Corl\u0103\u021bean<\/strong>, pre\u0219edintele Grupului parlamentar de prietenie cu Fran\u0163a din Senatul Rom\u00e2niei.<\/p>\n<p style=\"text-align: justify;\">Din delega\u021bia condus\u0103 de dl senator Bernard Fournier, pre\u015fedintele Grupului parlamentar de prietenie Fran\u021ba (Senat) &#8211; Rom\u00e2nia, au f\u0103cut parte dnii senatori Patrice Joly \u015fi&nbsp; Olivier Cadic, membri.<\/p>\n<p style=\"text-align: justify;\">Oaspe\u021bii au fost primi\u021bi de dl <strong>C\u0103lin Popescu-T\u0103riceanu<\/strong>, pre\u015fedintele Senatului, \u0219i au avut \u00eentrevederi cu pre\u0219edintele \u0219i cu membrii Grupului parlamentar de prietenie cu Fran\u0163a din Senat; cu dna <strong>deputat Simona Bucura-Oprescu<\/strong>, pre\u015fedintele Grupului parlamentar de prietenie cu Fran\u021ba din Camera Deputa\u0163ilor \u015fi cu membri ai Grupului; cu dna <strong>senator Gabriela Cre\u021bu<\/strong>, pre\u0219edintele Comisiei pentru afaceri europene din Senat \u0219i cu membri ai Comisiei.<\/p>\n<p style=\"text-align: justify;\">Delega\u021bia a avut \u00eent\u00e2lniri la Ministerul Afacerilor Externe, cu dna Monica Gheorghi\u021b\u0103 \u0219i dl Cristian Winzer, secretari de stat, \u0219i la Ministerul Agriculturii, cu &nbsp;dnii Dumitru Daniel Bot\u0103noiu \u0219i Alexandru Valentin \u021aachianu, secretari de stat.<\/p>\n<p style=\"text-align: justify;\">\u00cen cadrul convorbirilor au fost apreciate leg\u0103turile str\u00e2nse dintre cele dou\u0103 \u021b\u0103ri \u0219i dinamica rela\u021biilor bilaterale, multitudinea domeniilor de cooperare \u0219i consisten\u021ba colabor\u0103rii, reflectate \u00een Parteneriatul Strategic dintre Rom\u00e2nia \u0219i Fran\u021ba, precum \u0219i contribu\u021bia grupurilor parlamentare de prietenie \u00een abordarea temelor de interes comun.<\/p>\n<p style=\"text-align: center;\">&nbsp;&nbsp;<img loading=\"lazy\" decoding=\"async\" class=\"alignnone size-medium wp-image-513\" src=\"https:\/\/sites.senat.ro\/wp-content\/uploads\/sites\/2\/2019\/01\/Franta_1-300x200.jpg\" alt=\"\" width=\"300\" height=\"200\" srcset=\"https:\/\/sites.senat.ro\/wp-content\/uploads\/2019\/01\/Franta_1-300x200.jpg 300w, https:\/\/sites.senat.ro\/wp-content\/uploads\/2019\/01\/Franta_1-768x511.jpg 768w, https:\/\/sites.senat.ro\/wp-content\/uploads\/2019\/01\/Franta_1-732x487.jpg 732w, https:\/\/sites.senat.ro\/wp-content\/uploads\/2019\/01\/Franta_1.jpg 800w\" sizes=\"auto, (max-width: 300px) 100vw, 300px\" \/>&nbsp;&nbsp;<img loading=\"lazy\" decoding=\"async\" class=\"alignnone size-medium wp-image-514\" src=\"https:\/\/sites.senat.ro\/wp-content\/uploads\/sites\/2\/2019\/01\/Franta_2-300x200.jpg\" alt=\"\" width=\"300\" height=\"200\" srcset=\"https:\/\/sites.senat.ro\/wp-content\/uploads\/2019\/01\/Franta_2-300x200.jpg 300w, https:\/\/sites.senat.ro\/wp-content\/uploads\/2019\/01\/Franta_2-768x511.jpg 768w, https:\/\/sites.senat.ro\/wp-content\/uploads\/2019\/01\/Franta_2-732x487.jpg 732w, https:\/\/sites.senat.ro\/wp-content\/uploads\/2019\/01\/Franta_2.jpg 800w\" sizes=\"auto, (max-width: 300px) 100vw, 300px\" \/><\/p>\n<p style=\"text-align: justify;\">A fost eviden\u021biat faptul c\u0103 viitoarea pre\u015fedin\u0163ie a Rom\u00e2niei a Consiliului UE ofer\u0103 celor dou\u0103 \u021b\u0103ri oportunitatea de a conlucra pentru promovarea valorilor francofoniei \u015fi cre\u015fterea vizibilit\u0103\u0163ii limbii franceze \u00een r\u00e2ndul statelor membre UE. Gazdele au subliniat c\u0103 priorit\u0103\u021bile pre\u0219edin\u021biei rom\u00e2ne reflect\u0103 domeniile pe care se concentreaz\u0103 \u00een prezent agenda european\u0103 \u0219i \u00een care interesele \u0219i pozi\u021biile na\u021bionale ale Rom\u00e2niei \u0219i Fran\u021bei converg.&nbsp; Senatorii francezi \u0219i-au exprimat disponibilitatea de a acorda sprijin legislativului Rom\u00e2niei \u00een gestionarea dimensiunii parlamentare a Pre\u0219edin\u021biei Consiliului UE \u0219i au subliniat importan\u0163a integr\u0103rii c\u00e2t mai rapide a \u0163\u0103rilor din Balcanii de Vest \u00een Uniunea European\u0103.<\/p>\n<p style=\"text-align: justify;\">Referindu-se la priorit\u0103\u021bile viitorului cadru financiar al UE, oficialii rom\u00e2ni au precizat c\u0103 \u021bara noastr\u0103 sus\u021bine un buget echilibrat, care s\u0103 ofere o finan\u021bare adecvat\u0103 domeniilor care aduc cre\u0219tere \u0219i convergen\u021b\u0103, precum Politica de Coeziune \u0219i Politica Agricol\u0103 Comun\u0103, \u0219i care s\u0103 r\u0103spund\u0103 noilor provoc\u0103ri cu care se confrunt\u0103 UE.&nbsp;<\/p>\n<p style=\"text-align: justify;\">Delega\u021bia francez\u0103 a avut \u0219i o \u00eentrevedere cu prof. dr. Bogdan Ovidiu Popescu, prorector pentru cooperare european\u0103 \u015fi interna\u021bional\u0103 al Universit\u0103\u0163ii de Medicin\u0103 \u015fi Farmacie <em>Carol Davila<\/em> din Bucure\u0219ti, ocazie cu care au fost abordate aspecte referitoare la dificult\u0103\u0163ile pe care le \u00eent\u00e2mpin\u0103, la \u00eentoarcerea \u00een \u021bar\u0103, studen\u0163ii francezi care au ob\u021binut diplom\u0103 de studii \u00een Rom\u00e2nia, precum \u0219i la posibilit\u0103\u021bile de prevenire \u0219i reducere a exodului de medici rom\u00e2ni c\u0103tre Fran\u0163a.<\/p>\n<p style=\"text-align: justify;\">Cu prilejul deplas\u0103rii \u00een jude\u0163ul Bra\u015fov, oaspe\u021bii au avut \u00eentrevederi cu dl Marian Iulian Rasaliu, prefectul jude\u021bului Bra\u015fov, \u0219i cu dl Ion Ciolacu, consulul onorific al Republicii Franceze la Bra\u015fov \u015fi pre\u015fedintele <em>Alian\u0163ei franceze<\/em> Bra\u015fov, \u0219i au vizitat fabrica <em>Airbus Helicopters Romania<\/em> de la Ghimbav.<\/p>\n<p style=\"text-align: justify;\">&nbsp;<\/p>\n","protected":false},"excerpt":{"rendered":"<p>Vizita a avut loc la invita\u021bia dlui senator Titus Corl\u0103\u021bean, pre\u0219edintele Grupului parlamentar de prietenie cu Fran\u0163a din Senatul Rom\u00e2niei. Din delega\u021bia condus\u0103 de dl senator Bernard Fournier, pre\u015fedintele Grupului parlamentar de prietenie Fran\u021ba (Senat) &#8211; Rom\u00e2nia, au f\u0103cut parte dnii senatori Patrice Joly \u015fi&nbsp; Olivier Cadic, membri. Oaspe\u021bii au fost primi\u021bi de dl C\u0103lin [&hellip;]<\/p>\n","protected":false},"author":2,"featured_media":0,"comment_status":"closed","ping_status":"open","sticky":false,"template":"","format":"standard","meta":{"ngg_post_thumbnail":0,"footnotes":""},"categories":[1,7],"tags":[],"class_list":["post-511","post","type-post","status-publish","format-standard","hentry","category-prietenie","category-viziteoficiale"],"_links":{"self":[{"href":"https:\/\/sites.senat.ro\/index.php?rest_route=\/wp\/v2\/posts\/511","targetHints":{"allow":["GET"]}}],"collection":[{"href":"https:\/\/sites.senat.ro\/index.php?rest_route=\/wp\/v2\/posts"}],"about":[{"href":"https:\/\/sites.senat.ro\/index.php?rest_route=\/wp\/v2\/types\/post"}],"author":[{"embeddable":true,"href":"https:\/\/sites.senat.ro\/index.php?rest_route=\/wp\/v2\/users\/2"}],"replies":[{"embeddable":true,"href":"https:\/\/sites.senat.ro\/index.php?rest_route=%2Fwp%2Fv2%2Fcomments&post=511"}],"version-history":[{"count":0,"href":"https:\/\/sites.senat.ro\/index.php?rest_route=\/wp\/v2\/posts\/511\/revisions"}],"wp:attachment":[{"href":"https:\/\/sites.senat.ro\/index.php?rest_route=%2Fwp%2Fv2%2Fmedia&parent=511"}],"wp:term":[{"taxonomy":"category","embeddable":true,"href":"https:\/\/sites.senat.ro\/index.php?rest_route=%2Fwp%2Fv2%2Fcategories&post=511"},{"taxonomy":"post_tag","embeddable":true,"href":"https:\/\/sites.senat.ro\/index.php?rest_route=%2Fwp%2Fv2%2Ftags&post=511"}],"curies":[{"name":"wp","href":"https:\/\/api.w.org\/{rel}","templated":true}]}}