{"id":51,"date":"2018-03-17T08:55:55","date_gmt":"2018-03-17T08:55:55","guid":{"rendered":"http:\/\/sites.senat.ro\/?p=51"},"modified":"2019-01-23T10:07:56","modified_gmt":"2019-01-23T10:07:56","slug":"reuniunea-uip-si-evenimentele-asociate-cu-ocazia-celei-de-a-62-a-sesiuni-a-comisiei-onu-pentru-statutul-femeilor-new-york-13-14-martie-2018","status":"publish","type":"post","link":"https:\/\/sites.senat.ro\/?p=51","title":{"rendered":"Reuniunea UIP \u0219i evenimentele asociate cu ocazia celei de-a 62-a sesiuni a Comisiei ONU pentru Statutul Femeilor (New York, 13-14 martie 2018)"},"content":{"rendered":"<p style=\"text-align: justify\"><img loading=\"lazy\" decoding=\"async\" class=\"wp-image-194 alignleft\" src=\"https:\/\/sites.senat.ro\/wp-content\/uploads\/sites\/2\/2018\/03\/UNWOMEN-300x128.png\" alt=\"\" width=\"207\" height=\"88\">\u00cen intervalul 12-23 martie, la sediul ONU din New York a avut loc cea de-<span style=\"color: #000000\"><em><strong>a 62-a sesiune a Comisiei Na\u0163iunilor Unite pentru Statutul Femeilor (CSF)<\/strong><\/em>, cu tema <em>Provoc\u0103ri \u0219i oportunit\u0103\u021bi pentru realizarea egalit\u0103\u021bii de gen \u0219i emanciparea femeilor \u0219i fetelor din mediul rural<\/em>. <\/span>Dimensiunea parlamentar\u0103 a sesiunii a fost asigurat\u0103 de UIP prin intermediul unei reuniuni \u0219i a trei evenimente asociate, dedicate parlamentarilor.<\/p>\n<p style=\"text-align: justify\">Delega\u021bia <span style=\"color: #000000\">GRUI <\/span>la activit\u0103\u021bile sus-men\u021bionate a fost alc\u0103tuit\u0103 din dna <strong>deputat Stelu\u021ba-Gustica C\u0103t\u0103niciu<\/strong>, vicepre\u0219edint\u0103 a Comisiei juridic\u0103, de disciplin\u0103 \u015fi imunit\u0103\u0163i \u0219i dna <strong>deputat Mirela Furtun\u0103<\/strong>, secretar al Comisiei pentru politic\u0103 extern\u0103 din Camera Deputa\u021bilor.<\/p>\n<p style=\"text-align: justify\">Reuniunea parlamentar\u0103, organizat\u0103 de UIP \u00een ziua de 13 martie, \u00een colaborare cu Entitatea ONU pentru Egalitate de Gen \u015fi Consolidarea Statutului Femeii (UN WOMEN), s-a intitulat <span style=\"color: #000000\"><em>Parlamentele \u00een sprijinul femeilor \u0219i fetelor din mediul rural<\/em>.&nbsp;<\/span>Au participat peste 140 de parlamentari &#8211; dintre care 116 femei parlamentare din 42 de \u021b\u0103ri, reprezentan\u021bi ai guvernelor \u0219i societ\u0103\u021bii civile, care au discutat despre rolul legislativelor \u00een promovarea emancip\u0103rii femeilor \u0219i fetelor din mediul rural \u0219i \u00een asigurarea \u0219i punerea \u00een aplicare a politicilor economice \u0219i sociale care s\u0103 favorizeze participarea acestora la procesele decizionale la toate nivelele.&nbsp;Dezbaterile au fost moderate de dna Margaret Mensah-Williams, pre\u0219edinta Biroului Forumului Femeilor Parlamentare al UIP, pre\u0219edinta Consiliului Na\u021bional a Parlamentului din Namibia. \u00cen deschidere, au luat cuv\u00e2ntul dna Gabriela Cuevas Barron, pre\u0219edintele UIP \u0219i dna Purna Sen, director \u00een cadrul UN WOMEN.<\/p>\n<p style=\"text-align: justify\">Programul a inclus dezbateri \u0219i sesiuni de \u00eentreb\u0103ri \u0219i r\u0103spunsuri pe urm\u0103toarele teme: <em>amplificarea vocilor femeilor \u0219i fetelor din mediul rural; abordarea fenomenului de discriminare a femeilor \u0219i fetelor din mediul rural; reducerea impactului schimb\u0103rilor climatice asupra femeilor \u0219i fetelor din mediul rural<\/em>.<\/p>\n<p style=\"text-align: justify\"><a href=\"https:\/\/www.ipu.org\/download\/4436\" target=\"_blank\" rel=\"noopener\">Rezultatele<\/a> reuniunii UIP au fost prezentate Comisiei ONU pentru Statutul Femeilor, ca o contribu\u021bie parlamentar\u0103 la dezbaterile din cadrul celei de-a 63-a sesiuni. Acestea cuprind principalele concluzii \u0219i un set de recomand\u0103ri adresate parlamentelor:<\/p>\n<ul>\n<li style=\"text-align: justify\">s\u0103r\u0103cia, excluziunea social\u0103 \u0219i discrimin\u0103rile multidimensionale constituie bariere sistemice \u00een exercitarea drepturilor femeilor \u0219i fetelor din mediul rural;<\/li>\n<li style=\"text-align: justify\">at\u00e2t \u00een \u021b\u0103rile dezvoltate, c\u00e2t \u0219i \u00een cele \u00een curs de dezvoltare, femeile \u0219i fetele din mediul rural se confrunt\u0103 cu provoc\u0103ri comune, de\u0219i experien\u021bele lor de via\u021b\u0103 sunt diferite; cadrul legislativ \u0219i politicile sociale trebuie s\u0103 aib\u0103 \u00een vedere diversitatea problemelor care afecteaz\u0103 femeile din mediul rural, cu accent pe categoriile cele mai vulnerabile, inclusiv femeile indigene, femeile cu dizabilit\u0103\u021bi, afectate de HIV \u0219.a.;<\/li>\n<li style=\"text-align: justify\">adev\u0103ratele schimb\u0103ri vor veni odat\u0103 cu includerea femeilor \u0219i fetelor din mediul rural \u00een eforturile de dezvoltare durabil\u0103 a societ\u0103\u021bii; parlamentarii, prin comisiile de specialitate \u0219i prin alte structuri specifice, au un rol esen\u021bial \u00een identificarea nevoilor femeilor \u0219i fetelor din mediul rural \u0219i \u00een amplificarea vocilor acestora \u00een cadrul procesului decizional;<\/li>\n<li style=\"text-align: justify\">este necesar\u0103 intensificarea eforturilor \u00een scopul garant\u0103rii drepturilor egale pentru femeile din mediul rural, prin eliminarea prevederilor legislative discriminatorii \u0219i rezolvarea lacunelor legislative, precum \u0219i \u00een vederea elabor\u0103rii \u0219i transpunerii \u00een practic\u0103 a unor politici eficiente privind egalitatea de gen, care s\u0103 genereze rezultatele dorite pentru femeile \u0219i fetele din mediul rural;<\/li>\n<li style=\"text-align: justify\">se recomand\u0103 cre\u0219terea num\u0103rului de femei implicate \u00een procesele decizionale, at\u00e2t la nivel na\u021bional, c\u00e2t \u0219i \u00een cadrul comunit\u0103\u021bilor, inclusiv \u00een domeniul schimb\u0103rilor climatice.<\/li>\n<\/ul>\n<p style=\"text-align: justify\">\u00cen marja sesiunii CSF, UIP a organizat, \u00een ziua de 14 martie, alte trei <em><strong>dezbateri parlamentare<\/strong><\/em> pe urm\u0103toarele&nbsp; teme:<\/p>\n<ul>\n<li style=\"text-align: justify\"><em>Asigurarea securit\u0103\u021bii femeilor \u00een politic\u0103 \u2013 solu\u021bii institu\u021bionale<\/em>: a fost analizat rolul institu\u021biilor politice \u00een eliminarea culturii t\u0103cerii \u0219i a impunit\u0103\u021bii \u00een cazul manifest\u0103rilor sexiste, al h\u0103r\u021buirii sexuale \u0219i al altor forme de violen\u021b\u0103 \u00eempotriva femeilor implicate \u00een politic\u0103 \u0219i au fost prezentate ini\u021biative \u0219i solu\u021bii \u00een materie, propuse la nivel global, regional \u0219i na\u021bional;<\/li>\n<li style=\"text-align: justify\"><em>Cotele de gen \u0219i cotele pentru tineri \u2013 complementaritate sau concuren\u021b\u0103<\/em>: au fost examinate m\u0103surile ce pot fi avute \u00een vedere pentru a se asigura o reprezentare mai bun\u0103 a femeilor \u0219i tinerilor \u00een via\u021ba politic\u0103, condi\u021bie esen\u021bial\u0103 pentru promovarea democra\u021biei institu\u021bionale \u0219i a societ\u0103\u021bilor incluzive;<\/li>\n<li style=\"text-align: justify\"><em>Promovarea egalit\u0103\u021bii de gen \u00een legile privind na\u021bionalitatea<\/em>: au fost evocate inegalit\u0103\u021bile dintre femei \u0219i b\u0103rba\u021bi \u00een ceea ce prive\u0219te transmiterea cet\u0103\u021beniei copiilor, inegalit\u0103\u021bi care persist\u0103 \u00een 25 de \u021b\u0103ri din lume, precum \u0219i cazurile \u00een care femeile nu au acelea\u0219i drepturi ca b\u0103rba\u021bii \u00een dob\u00e2ndirea \u0219i p\u0103strarea cet\u0103\u021beniei, \u00een transmiterea acesteia so\u021bilor str\u0103ini, situa\u021bie \u00eent\u00e2lnit\u0103 \u00een peste 50 de \u021b\u0103ri, subliniindu-se c\u0103 aceste discrimin\u0103ri ce au ca rezultat \u00eenc\u0103lc\u0103ri semnificative ale drepturilor omului; totodat\u0103, au fost prezentate exemple de bune practici \u00een reformarea cadrului legal referitor la na\u021bionalitate.<\/li>\n<\/ul>\n","protected":false},"excerpt":{"rendered":"<p>\u00cen intervalul 12-23 martie, la sediul ONU din New York a avut loc cea de-a 62-a sesiune a Comisiei Na\u0163iunilor Unite pentru Statutul Femeilor (CSF), cu tema Provoc\u0103ri \u0219i oportunit\u0103\u021bi pentru realizarea egalit\u0103\u021bii de gen \u0219i emanciparea femeilor \u0219i fetelor din mediul rural. Dimensiunea parlamentar\u0103 a sesiunii a fost asigurat\u0103 de UIP prin intermediul unei [&hellip;]<\/p>\n","protected":false},"author":1,"featured_media":0,"comment_status":"closed","ping_status":"open","sticky":false,"template":"","format":"standard","meta":{"ngg_post_thumbnail":0,"footnotes":""},"categories":[3],"tags":[],"class_list":["post-51","post","type-post","status-publish","format-standard","hentry","category-participare"],"_links":{"self":[{"href":"https:\/\/sites.senat.ro\/index.php?rest_route=\/wp\/v2\/posts\/51","targetHints":{"allow":["GET"]}}],"collection":[{"href":"https:\/\/sites.senat.ro\/index.php?rest_route=\/wp\/v2\/posts"}],"about":[{"href":"https:\/\/sites.senat.ro\/index.php?rest_route=\/wp\/v2\/types\/post"}],"author":[{"embeddable":true,"href":"https:\/\/sites.senat.ro\/index.php?rest_route=\/wp\/v2\/users\/1"}],"replies":[{"embeddable":true,"href":"https:\/\/sites.senat.ro\/index.php?rest_route=%2Fwp%2Fv2%2Fcomments&post=51"}],"version-history":[{"count":0,"href":"https:\/\/sites.senat.ro\/index.php?rest_route=\/wp\/v2\/posts\/51\/revisions"}],"wp:attachment":[{"href":"https:\/\/sites.senat.ro\/index.php?rest_route=%2Fwp%2Fv2%2Fmedia&parent=51"}],"wp:term":[{"taxonomy":"category","embeddable":true,"href":"https:\/\/sites.senat.ro\/index.php?rest_route=%2Fwp%2Fv2%2Fcategories&post=51"},{"taxonomy":"post_tag","embeddable":true,"href":"https:\/\/sites.senat.ro\/index.php?rest_route=%2Fwp%2Fv2%2Ftags&post=51"}],"curies":[{"name":"wp","href":"https:\/\/api.w.org\/{rel}","templated":true}]}}