{"id":506,"date":"2018-09-19T16:49:58","date_gmt":"2018-09-19T16:49:58","guid":{"rendered":"http:\/\/sites.senat.ro\/?p=506"},"modified":"2019-01-23T10:18:56","modified_gmt":"2019-01-23T10:18:56","slug":"vizita-oficiala-in-romania-a-delegatiei-grupului-parlamentar-de-prietenie-cu-romania-din-parlamentul-republicii-estonia-16-18-septembrie-2018","status":"publish","type":"post","link":"https:\/\/sites.senat.ro\/?p=506","title":{"rendered":"Vizita oficial\u0103 \u00een Rom\u00e2nia a delega\u021biei Grupului parlamentar de prietenie cu Rom\u00e2nia din Parlamentul Republicii Estonia (16-18 septembrie 2018)"},"content":{"rendered":"<p style=\"text-align: justify\"><img loading=\"lazy\" decoding=\"async\" class=\"size-full wp-image-507 alignleft\" src=\"https:\/\/sites.senat.ro\/wp-content\/uploads\/sites\/2\/2019\/01\/Estonia.jpg\" alt=\"\" width=\"129\" height=\"82\">Vizita a avut loc la invita\u021bia dlui <strong>deputat Bende S\u00e1ndor<\/strong>, pre\u0219edintele Grupului parlamentar de prietenie Rom\u00e2nia &#8211; Republica Estonia.<\/p>\n<p style=\"text-align: justify\">Din delega\u021bia condus\u0103 de dna Terje Trei, pre\u0219edintele Grupului, au f\u0103cut parte dl Erki Savisaar, vicepre\u0219edinte; dl Meelis M\u00e4lberg, dl Dmitri Dmitrijev \u0219i dna Maire Aunaste, membri.<\/p>\n<p style=\"text-align: justify\">Delega\u021bia a avut \u00eentrevederi cu pre\u0219edintele \u0219i membrii Grupului de prietenie cu Estonia din Parlamentul Rom\u00e2niei, cu dl <strong>deputat Ioan Cup\u0103<\/strong>, pre\u0219edintele Comisiei pentru mediu \u0219i echilibru ecologic, dl <strong>deputat Alexandru St\u0103nescu<\/strong>, pre\u0219edintele Comisiei pentru agricultur\u0103, silvicultur\u0103, industrie alimentar\u0103 \u0219i servicii specifice, dl <strong>deputat Octavian Petric<\/strong>, vicepre\u0219edintele Comisiei pentru industrii \u0219i servicii din Camera Deputa\u021bilor, precum \u0219i cu membri ai comisiilor respective.<\/p>\n<p><img loading=\"lazy\" decoding=\"async\" class=\" wp-image-508 alignleft\" src=\"https:\/\/sites.senat.ro\/wp-content\/uploads\/sites\/2\/2019\/01\/Estonia_bis-300x185.jpg\" alt=\"\" width=\"372\" height=\"229\" srcset=\"https:\/\/sites.senat.ro\/wp-content\/uploads\/2019\/01\/Estonia_bis-300x185.jpg 300w, https:\/\/sites.senat.ro\/wp-content\/uploads\/2019\/01\/Estonia_bis-768x473.jpg 768w, https:\/\/sites.senat.ro\/wp-content\/uploads\/2019\/01\/Estonia_bis-1024x631.jpg 1024w, https:\/\/sites.senat.ro\/wp-content\/uploads\/2019\/01\/Estonia_bis-732x451.jpg 732w, https:\/\/sites.senat.ro\/wp-content\/uploads\/2019\/01\/Estonia_bis-1140x702.jpg 1140w, https:\/\/sites.senat.ro\/wp-content\/uploads\/2019\/01\/Estonia_bis.jpg 1724w\" sizes=\"auto, (max-width: 372px) 100vw, 372px\" \/><\/p>\n<p style=\"text-align: justify\">La nivelul executivului, au fost organizate \u00eent\u00e2lniri cu: dl Petre Daea, ministrul agriculturii \u0219i dezvolt\u0103rii rurale \u0219i dl Dumitru Daniel Bot\u0103noiu, secretar de stat; dl Sebastian D\u0103nu\u021b Necul\u0103escu, secretar de stat \u00een Ministerul afacerilor externe.<\/p>\n<p style=\"text-align: justify\">\u00cen cadrul convorbirilor bilaterale a fost eviden\u021biat\u0103 dorin\u021ba reciproc\u0103 de implicare \u00eentr-un dialog deschis \u0219i constructiv pe subiecte de actualitate, determinate de priorit\u0103\u021bile agendelor na\u021bionale \u0219i de viziunile similare \u0219i interesele comune la nivel european.&nbsp; A fost eviden\u021biat\u0103 importan\u021ba rela\u021biilor parlamentare bilaterale, care continu\u0103, completeaz\u0103 \u0219i fructific\u0103 rela\u021biile dintre cele dou\u0103 state \u0219i poate contribui \u00een identificarea unor noi forme \u0219i domenii de colaborare.<\/p>\n<p style=\"text-align: justify\">Gazdele au mul\u021bumit autorit\u0103\u021bilor din Estonia pentru disponibilitatea de a \u00eemp\u0103rt\u0103\u0219i din experien\u021ba acumulat\u0103 pe parcursul preg\u0103tirii \u0219i exercit\u0103rii Pre\u0219edin\u021biei Consiliului UE (\u00een al doilea semestru al anului 2017) \u0219i au prezentat principalele obiective \u0219i priorit\u0103\u021bile Pre\u0219edin\u021biei rom\u00e2ne a Consiliului UE, din primul semestru al anului 2019.<\/p>\n<p style=\"text-align: justify\">Pe agenda discu\u021biilor s-au aflat \u0219i teme referitoare la politicile de securitate \u0219i rolul NATO \u0219i teme ale agendei europene, precum securitatea energetic\u0103, politica de coeziune, Parteneriatul Estic. Referindu-se la dosarul Politicii Agricole Comune \u00een contextul cadrului financiar multianual post-2020, partea rom\u00e2n\u0103 a subliniat c\u0103 \u021bara noastr\u0103 va urm\u0103ri ob\u021binerea unor subven\u021bii egale cu ale celorlalte \u021b\u0103ri UE, pentru a veni \u00een sprijinul agricultorilor rom\u00e2ni, \u00eencuraj\u00e2nd astfel competitivitatea.<\/p>\n<p style=\"text-align: justify\">Cu ocazia prezen\u021bei \u00een Rom\u00e2nia, oaspe\u021bii au vizitat ferma Agroserv <em>M\u0103riu\u021ba<\/em>, din jude\u021bul Ialomi\u021ba, unde au avut loc \u00eent\u00e2lniri cu \u00eentreprinz\u0103tori locali.<\/p>\n","protected":false},"excerpt":{"rendered":"<p>Vizita a avut loc la invita\u021bia dlui deputat Bende S\u00e1ndor, pre\u0219edintele Grupului parlamentar de prietenie Rom\u00e2nia &#8211; Republica Estonia. Din delega\u021bia condus\u0103 de dna Terje Trei, pre\u0219edintele Grupului, au f\u0103cut parte dl Erki Savisaar, vicepre\u0219edinte; dl Meelis M\u00e4lberg, dl Dmitri Dmitrijev \u0219i dna Maire Aunaste, membri. Delega\u021bia a avut \u00eentrevederi cu pre\u0219edintele \u0219i membrii Grupului [&hellip;]<\/p>\n","protected":false},"author":2,"featured_media":0,"comment_status":"closed","ping_status":"open","sticky":false,"template":"","format":"standard","meta":{"ngg_post_thumbnail":0,"footnotes":""},"categories":[1,7],"tags":[],"class_list":["post-506","post","type-post","status-publish","format-standard","hentry","category-prietenie","category-viziteoficiale"],"_links":{"self":[{"href":"https:\/\/sites.senat.ro\/index.php?rest_route=\/wp\/v2\/posts\/506","targetHints":{"allow":["GET"]}}],"collection":[{"href":"https:\/\/sites.senat.ro\/index.php?rest_route=\/wp\/v2\/posts"}],"about":[{"href":"https:\/\/sites.senat.ro\/index.php?rest_route=\/wp\/v2\/types\/post"}],"author":[{"embeddable":true,"href":"https:\/\/sites.senat.ro\/index.php?rest_route=\/wp\/v2\/users\/2"}],"replies":[{"embeddable":true,"href":"https:\/\/sites.senat.ro\/index.php?rest_route=%2Fwp%2Fv2%2Fcomments&post=506"}],"version-history":[{"count":0,"href":"https:\/\/sites.senat.ro\/index.php?rest_route=\/wp\/v2\/posts\/506\/revisions"}],"wp:attachment":[{"href":"https:\/\/sites.senat.ro\/index.php?rest_route=%2Fwp%2Fv2%2Fmedia&parent=506"}],"wp:term":[{"taxonomy":"category","embeddable":true,"href":"https:\/\/sites.senat.ro\/index.php?rest_route=%2Fwp%2Fv2%2Fcategories&post=506"},{"taxonomy":"post_tag","embeddable":true,"href":"https:\/\/sites.senat.ro\/index.php?rest_route=%2Fwp%2Fv2%2Ftags&post=506"}],"curies":[{"name":"wp","href":"https:\/\/api.w.org\/{rel}","templated":true}]}}