{"id":500,"date":"2018-07-30T16:55:57","date_gmt":"2018-07-30T16:55:57","guid":{"rendered":"http:\/\/sites.senat.ro\/?p=500"},"modified":"2019-01-23T14:28:23","modified_gmt":"2019-01-23T14:28:23","slug":"sistemul-natiunilor-unite-dimensiunea-parlamentara","status":"publish","type":"post","link":"https:\/\/sites.senat.ro\/?p=500","title":{"rendered":"Cea de-a 30-a Sesiune a Consiliului Interna\u021bional de Coordonare a Programului UNESCO \u201dOmul \u0219i biosfera\u201d (Palembang, 23-27 iulie 2018)"},"content":{"rendered":"<p style=\"text-align: justify\"><img loading=\"lazy\" decoding=\"async\" class=\" wp-image-141 alignleft\" src=\"https:\/\/sites.senat.ro\/wp-content\/uploads\/sites\/2\/2018\/07\/unesco.png\" alt=\"\" width=\"116\" height=\"86\">La lucr\u0103ri au participat dnii <strong>senatori Ion Ganea<\/strong> \u0219i <strong>Valer Daniel Breaz<\/strong>, membri ai Comisiei permanente comune a Camerei Deputa\u021bilor \u0219i Senatului pentru rela\u021bia cu UNESCO.<\/p>\n<p style=\"text-align: justify\">Declara\u021bia de la Palembang, adoptat\u0103 cu aceast\u0103 ocazie: <em>reaminte\u0219te<\/em> rolul p\u0103r\u021bilor \u00een abordarea cu prioritate a problematicii resurselor naturale \u00een contextul eforturilor viz\u00e2nd implementarea Agendei 2030 \u0219i a Obiectivelor Dezvolt\u0103rii Durabile; <em>recunoa\u0219te<\/em> provoc\u0103rile legate de utilizarea resurselor naturale \u0219i amenin\u021b\u0103rile la adresa ecosistemelor, care au condus la pierderea biodiversit\u0103\u021bii, schimb\u0103ri climatice \u0219i poluare; <em>subliniaz\u0103<\/em> c\u0103 poluarea &#8211; \u00een special poluarea cu plastic &#8211; afecteaz\u0103 nu doar apele \u0219i via\u021ba marin\u0103, ci \u0219i lan\u021bul alimentar uman \u0219i s\u0103n\u0103tatea general\u0103; <em>recomand\u0103<\/em> intensificarea schimbului de informa\u021bii \u0219i experien\u021b\u0103 privind gestionarea rezerva\u021biilor biosferei.<\/p>\n","protected":false},"excerpt":{"rendered":"<p>La lucr\u0103ri au participat dnii senatori Ion Ganea \u0219i Valer Daniel Breaz, membri ai Comisiei permanente comune a Camerei Deputa\u021bilor \u0219i Senatului pentru rela\u021bia cu UNESCO. Declara\u021bia de la Palembang, adoptat\u0103 cu aceast\u0103 ocazie: reaminte\u0219te rolul p\u0103r\u021bilor \u00een abordarea cu prioritate a problematicii resurselor naturale \u00een contextul eforturilor viz\u00e2nd implementarea Agendei 2030 \u0219i a Obiectivelor [&hellip;]<\/p>\n","protected":false},"author":2,"featured_media":0,"comment_status":"closed","ping_status":"open","sticky":false,"template":"","format":"standard","meta":{"ngg_post_thumbnail":0,"footnotes":""},"categories":[4],"tags":[],"class_list":["post-500","post","type-post","status-publish","format-standard","hentry","category-onu"],"_links":{"self":[{"href":"https:\/\/sites.senat.ro\/index.php?rest_route=\/wp\/v2\/posts\/500","targetHints":{"allow":["GET"]}}],"collection":[{"href":"https:\/\/sites.senat.ro\/index.php?rest_route=\/wp\/v2\/posts"}],"about":[{"href":"https:\/\/sites.senat.ro\/index.php?rest_route=\/wp\/v2\/types\/post"}],"author":[{"embeddable":true,"href":"https:\/\/sites.senat.ro\/index.php?rest_route=\/wp\/v2\/users\/2"}],"replies":[{"embeddable":true,"href":"https:\/\/sites.senat.ro\/index.php?rest_route=%2Fwp%2Fv2%2Fcomments&post=500"}],"version-history":[{"count":0,"href":"https:\/\/sites.senat.ro\/index.php?rest_route=\/wp\/v2\/posts\/500\/revisions"}],"wp:attachment":[{"href":"https:\/\/sites.senat.ro\/index.php?rest_route=%2Fwp%2Fv2%2Fmedia&parent=500"}],"wp:term":[{"taxonomy":"category","embeddable":true,"href":"https:\/\/sites.senat.ro\/index.php?rest_route=%2Fwp%2Fv2%2Fcategories&post=500"},{"taxonomy":"post_tag","embeddable":true,"href":"https:\/\/sites.senat.ro\/index.php?rest_route=%2Fwp%2Fv2%2Ftags&post=500"}],"curies":[{"name":"wp","href":"https:\/\/api.w.org\/{rel}","templated":true}]}}