{"id":49,"date":"2018-02-24T09:00:18","date_gmt":"2018-02-24T09:00:18","guid":{"rendered":"http:\/\/sites.senat.ro\/?p=49"},"modified":"2019-01-23T10:07:14","modified_gmt":"2019-01-23T10:07:14","slug":"audierile-parlamentare-la-natiunile-unite-si-reuniunea-multipartita-premergatoare-new-york-21-23-februarie-2018","status":"publish","type":"post","link":"https:\/\/sites.senat.ro\/?p=49","title":{"rendered":"Audierile Parlamentare la Na\u0163iunile Unite \u0219i reuniunea multipartit\u0103 premerg\u0103toare  (New York, 21-23 februarie 2018)"},"content":{"rendered":"<p style=\"text-align: justify\"><img loading=\"lazy\" decoding=\"async\" class=\"wp-image-202 alignleft\" src=\"https:\/\/sites.senat.ro\/wp-content\/uploads\/sites\/2\/2018\/03\/UN.png\" alt=\"\" width=\"130\" height=\"108\">Edi\u021bia 2018 a <span style=\"color: #000000\"><em><strong>Audierilor<\/strong><\/em><\/span>, cu tema <span style=\"color: #000000\"><em>C\u0103tre un compact global pentru o migra\u021bie sigur\u0103, ordonat\u0103 \u0219i reglementat\u0103: o perspectiv\u0103 parlamentar\u0103<\/em><\/span>, a avut loc la sediul Na\u0163iunilor Unite din New York, av\u00e2nd statutul de eveniment comun UIP-ONU. Reuniunea a fost organizat\u0103 \u00een marja procesului preg\u0103titor care are drept scop elaborarea \u0219i adoptarea, de c\u0103tre statele membre ONU, \u00een 2018, a unui acord (compact) global privind migra\u021bia.<\/p>\n<p style=\"text-align: justify\"><em>La Summit-ul ONU din septembrie 2016, liderii politici s-au angajat s\u0103 \u00eenceap\u0103 discu\u0163iile privind un compact global privind migra\u0163ia, care s\u0103 fie adoptat \u00een anul 2018. Acesta ar urma s\u0103 fie primul document normativ care va con\u0163ine standarde clare \u015fi uniforme pentru recunoa\u015fterea statutului \u015fi drepturilor migran\u0163ilor.<\/em><\/p>\n<p style=\"text-align: justify\">Din delega\u021bia <span style=\"color: #000000\">GRUI<\/span>, condus\u0103 de dl s<strong>enator Ioan Stan<\/strong>, pre\u0219edintele GRUI, au f\u0103cut parte dnii <strong>deputa\u021bi Octavian Petric<\/strong> \u0219i <strong>Valeriu-Andrei Steriu<\/strong>, membri ai Comitetului Director al GRUI, dl<strong> senator Iancu Caracota<\/strong> \u0219i dl <strong>deputat Cezar-Florin Preda<\/strong>, membri ai GRUI.<\/p>\n<table style=\"width: 100%;border-collapse: collapse\" border=\"0\">\n<tbody>\n<tr>\n<td style=\"width: 50%\"><img loading=\"lazy\" decoding=\"async\" class=\"size-medium wp-image-204 aligncenter\" src=\"https:\/\/sites.senat.ro\/wp-content\/uploads\/sites\/2\/2018\/03\/4b7bc07d-c95f-4608-9156-54336eccf1cc-300x225.jpg\" alt=\"\" width=\"300\" height=\"225\" srcset=\"https:\/\/sites.senat.ro\/wp-content\/uploads\/2018\/03\/4b7bc07d-c95f-4608-9156-54336eccf1cc-300x225.jpg 300w, https:\/\/sites.senat.ro\/wp-content\/uploads\/2018\/03\/4b7bc07d-c95f-4608-9156-54336eccf1cc-768x576.jpg 768w, https:\/\/sites.senat.ro\/wp-content\/uploads\/2018\/03\/4b7bc07d-c95f-4608-9156-54336eccf1cc.jpg 1024w, https:\/\/sites.senat.ro\/wp-content\/uploads\/2018\/03\/4b7bc07d-c95f-4608-9156-54336eccf1cc-732x549.jpg 732w\" sizes=\"auto, (max-width: 300px) 100vw, 300px\" \/>&nbsp;<\/td>\n<td style=\"width: 50%\"><img loading=\"lazy\" decoding=\"async\" class=\"size-medium wp-image-205 aligncenter\" src=\"https:\/\/sites.senat.ro\/wp-content\/uploads\/sites\/2\/2018\/03\/13aa43f3-40c7-412a-88b0-cb703ff22805-225x300.jpg\" alt=\"\" width=\"225\" height=\"300\" srcset=\"https:\/\/sites.senat.ro\/wp-content\/uploads\/2018\/03\/13aa43f3-40c7-412a-88b0-cb703ff22805-225x300.jpg 225w, https:\/\/sites.senat.ro\/wp-content\/uploads\/2018\/03\/13aa43f3-40c7-412a-88b0-cb703ff22805.jpg 768w, https:\/\/sites.senat.ro\/wp-content\/uploads\/2018\/03\/13aa43f3-40c7-412a-88b0-cb703ff22805-732x976.jpg 732w\" sizes=\"auto, (max-width: 225px) 100vw, 225px\" \/><\/td>\n<\/tr>\n<\/tbody>\n<\/table>\n<p style=\"text-align: justify\">Pe parcursul celor opt sesiuni tematice, problema migra\u021biei a fost examinat\u0103 sub diferite aspecte: <em>situa\u021bia migra\u021biei ast\u0103zi; politici na\u021bionale \u0219i r\u0103spunsuri locale-bune practici \u0219i nevoia de coordonare; fluxurile migratorii pe scar\u0103 larg\u0103-ini\u021biative na\u021bionale \u0219i cooperare interna\u021bional\u0103; coeziunea social\u0103 \u0219i integrarea migran\u021bilor; drepturile omului ale migran\u021bilor; reglementarea statutului migran\u021bilor; participarea politic\u0103 \u0219i social\u0103 a migran\u021bilor; compactul global \u00een domeniul migra\u021biei-aplicarea lui \u0219i rolul parlamentelor.<\/em><\/p>\n<p style=\"text-align: justify\"><img loading=\"lazy\" decoding=\"async\" class=\" wp-image-331 alignleft\" src=\"https:\/\/sites.senat.ro\/wp-content\/uploads\/sites\/2\/2018\/07\/d37a4261-d61c-4f9e-8238-633093049f05-300x225.jpg\" alt=\"\" width=\"260\" height=\"195\" srcset=\"https:\/\/sites.senat.ro\/wp-content\/uploads\/2018\/07\/d37a4261-d61c-4f9e-8238-633093049f05-300x225.jpg 300w, https:\/\/sites.senat.ro\/wp-content\/uploads\/2018\/07\/d37a4261-d61c-4f9e-8238-633093049f05-768x576.jpg 768w, https:\/\/sites.senat.ro\/wp-content\/uploads\/2018\/07\/d37a4261-d61c-4f9e-8238-633093049f05.jpg 1024w, https:\/\/sites.senat.ro\/wp-content\/uploads\/2018\/07\/d37a4261-d61c-4f9e-8238-633093049f05-732x549.jpg 732w\" sizes=\"auto, (max-width: 260px) 100vw, 260px\" \/>\u00cen deschiderea lucr\u0103rilor, s-a adresat participan\u021bilor pre\u0219edintele celei de-a 72-a Adun\u0103ri Generale a ONU, dl Miroslav Laj\u010d\u00e1k (Slovacia), care a remarcat preocup\u0103rile comune ale ONU \u015fi UIP \u00een domenii precum promovarea p\u0103cii prin dialog \u015fi mediere, ap\u0103rarea drepturilor omului, sus\u0163inerea dezvolt\u0103rii durabile \u015fi incluzive \u0219i a eviden\u021biat rolul determinant al celor dou\u0103 organiza\u021bii \u00een elaborarea \u0219i transpunerea \u00een practic\u0103 a primului r\u0103spuns global la fenomenul migra\u0163iei. Dl Laj\u010d\u00e1k a subliniat c\u0103 singura op\u0163iune coerent\u0103 la nivel interna\u0163ional este de a ac\u0163iona, de a planifica \u015fi de a implementa un sistem care s\u0103 permit\u0103 abordarea unitar\u0103 a migra\u021biei. Dl Laj\u010d\u00e1k a eviden\u021biat rolul deosebit de important al parlamentarilor, care pot contribui la acest proces exprim\u00e2nd punctele de vedere \u015fi opiniile celor pe care \u00eei reprezint\u0103, dar \u0219i oferind date concrete de pe teren, din circumscrip\u0163ii, despre oportunit\u0103\u0163ile oferite de migra\u0163ie \u015fi despre riscurile pe care le poate genera abordarea gre\u015fit\u0103 a acestui fenomen. Totodat\u0103, a apreciat angajamentul comun al ONU \u015fi UIP de promovare a multilateralismului \u00een abordarea eficient\u0103 \u0219i durabil\u0103 a actualelor provoc\u0103ri globale, remarc\u00e2nd c\u0103 modul \u00een care va decurge procesul de adoptare a acordului \u0219i rezultatele lui vor influen\u0163a credibilitatea sistemului multilateral.<\/p>\n<p style=\"text-align: justify\">\u00cen cadrul dezbaterilor au fost oferite exemple de bune practici, politici \u0219i strategii na\u021bionale prin care migran\u021bii pot primi sprijin pentru a se integra \u00een mediul social, economic \u0219i cultural din \u021bara de destina\u021bie \u0219i pentru a fi proteja\u021bi \u00eempotriva exploat\u0103rii, muncii for\u021bate, traficului de persoane. Participan\u021bii au \u00eencurajat crearea de parteneriate \u00eentre sectorul privat, cel public \u0219i societatea civil\u0103 \u0219i au reiterat importan\u021ba cooper\u0103rii dintre state, \u00een plan bilateral, regional \u0219i global, ca elemente indispensabile pentru o gestionare durabil\u0103 a fenomenului migra\u021biei, \u00een toate dimensiunile sale. &nbsp;<\/p>\n<p style=\"text-align: justify\">Parlamentarii \u015fi oficialii ONU au subliniat c\u0103:<\/p>\n<ul>\n<li style=\"text-align: justify\">migra\u021bia este o realitate \u0219i problema care se pune ast\u0103zi nu este cum s\u0103 oprim fenomenul, ci cum s\u0103 \u00eel gestion\u0103m c\u00e2t mai bine; \u00een acest scop, este esen\u021bial\u0103 crearea mai multor c\u0103i legale de migra\u021bie, care s\u0103 determine o reducere a migra\u021biei ilegale \u0219i, implicit, s\u0103 vin\u0103 \u00een ajutorul \u021b\u0103rilor care se confrunt\u0103 cu dificult\u0103\u021bi \u00een eforturile lor de integrare a migran\u021bilor \u00een societate \u0219i pe pia\u021ba muncii;&nbsp;&nbsp;<\/li>\n<li style=\"text-align: justify\">migra\u021bia este, \u00een mare m\u0103sur\u0103, involuntar\u0103; oamenii \u00ee\u0219i p\u0103r\u0103sesc \u021bara pentru c\u0103 nu au acas\u0103 cele necesare pentru o via\u021b\u0103 \u00eemplinit\u0103 sau pentru c\u0103 sunt for\u021ba\u021bi de \u00eemprejur\u0103ri (conflicte, schimb\u0103ri climatice, foamete, dezastre naturale, terorism); o bun\u0103 gestionare a migra\u0163iei presupune identificarea \u015fi abordarea corect\u0103 a cauzelor care stau la baza acestui fenomen global; totodat\u0103, trebuie s\u0103 se ia \u00een considerare faptul c\u0103 factorii care determin\u0103 migra\u021bia nu-\u0219i au \u00eentotdeauna originea \u00een politicile na\u0163ionale deficitare, ci \u015fi \u00een evolu\u0163iile din mediul interna\u0163ional, care afecteaz\u0103 \u00een mod diferit oamenii \u0219i \u0163\u0103rile;<\/li>\n<li style=\"text-align: justify\">la ora actual\u0103, gestionarea migra\u021biei se face, \u00een mare m\u0103sur\u0103, pe baze <em>ad hoc<\/em>, multe \u021b\u0103ri \u00eencerc\u00e2nd s\u0103 g\u0103seasc\u0103 solu\u021bii proprii, individuale, pentru o problem\u0103 care este comun\u0103; \u00een ciuda eforturilor de p\u00e2n\u0103 acum, lipse\u015fte deocamdat\u0103 un cadru global, care s\u0103 pun\u0103 de acord toate statele \u00een ceea ce prive\u015fte aranjamentele practice \u00een domeniul migra\u0163iei, astfel \u00eenc\u00e2t aceasta s\u0103 devin\u0103 sigur\u0103, ordonat\u0103 \u015fi reglementat\u0103;<\/li>\n<li style=\"text-align: justify\">viitorul compact global va trebui s\u0103 ofere o defini\u0163ie clar\u0103 a migran\u0163ilor, pentru a se face o distinc\u021bie clar\u0103 \u00eentre migran\u021bi \u0219i refugia\u021bi \u0219i pentru ca nevoile specifice \u015fi circumstan\u0163ele \u00een care se afl\u0103 anumite categorii de migran\u0163i s\u0103 fie \u00een\u021belese \u0219i abordate c\u00e2t mai eficient;<\/li>\n<li style=\"text-align: justify\">politicile privind migra\u0163ia trebuie elaborate \u015fi implementate \u00een conformitate cu legisla\u0163ia interna\u0163ional\u0103 \u00een materia drepturilor omului; \u00een ceea ce prive\u015fte respectarea drepturilor omului ale migran\u0163ilor, viitorul compact global va trebui s\u0103 se inspire din cadrul general interna\u0163ional \u00een domeniu \u015fi s\u0103 creeze noi mecanisme de protec\u0163ie \u015fi coordonare, astfel \u00eenc\u00e2t drepturile tuturor migran\u0163ilor s\u0103 poat\u0103 fi respectate;<\/li>\n<li style=\"text-align: justify\">\u00een acest context, trebuie acordat\u0103 o aten\u0163ie special\u0103 migran\u0163ilor vulnerabili, precum minorii ne\u00eenso\u0163i\u0163i, fetele \u0219i femeile, persoanele cu dizabilit\u0103\u0163i, prin m\u0103suri de prevenire \u0219i combatere a traficului de persoane \u0219i a exploat\u0103rii, sub toate formele sale;<\/li>\n<li style=\"text-align: justify\">compactul global privind migra\u021bia ar trebui s\u0103 acorde un spa\u021biu mai amplu politicilor de \u00eentoarcere \u0219i reintegrare a migran\u021bilor \u00een \u021b\u0103rile de origine;<\/li>\n<li style=\"text-align: justify\">\u00een ceea ce prive\u0219te integrarea migran\u0163ilor \u00een \u021b\u0103rile de destina\u021bie, trebuie eviden\u021biate necesitatea coordon\u0103rii \u00eentre politicile na\u021bionale \u015fi ini\u0163iativele locale, rolul care revine autorit\u0103\u021bilor, comunit\u0103\u021bilor locale, \u0219colilor sau angajatorilor, importan\u021ba parteneriatelor dintre to\u021bi factorii implica\u021bi, la nivel na\u021bional \u0219i local;<\/li>\n<li style=\"text-align: justify\">printr-o comunicare mai bun\u0103, bazat\u0103 pe fapte concrete \u0219i informa\u021bii exacte, prin eviden\u021bierea contribu\u021biilor pozitive ale migran\u021bilor \u00een societate, \u00een plan economic \u0219i cultural, se pot combate politicile \u0219i discursurile discriminatorii care alimenteaz\u0103 stereotipurile cu privire la migran\u021bi;<\/li>\n<li style=\"text-align: justify\">migran\u021bii trebuie s\u0103 contribuie la procesele decizionale din \u021b\u0103rile \u00een care tr\u0103iesc; \u00een acest sens, exist\u0103 numeroase exemple de m\u0103suri prin care unele state sau ora\u0219e le ofer\u0103 migran\u021bilor posibilitatea de a participa la elaborarea politicilor \u00een domeniile de interes;&nbsp;<\/li>\n<li style=\"text-align: justify\">parlamentarii, \u00een virtutea prerogativelor lor \u00een materie de reprezentare, legiferare, bugetare \u015fi control, au responsabilitatea de a sus\u0163ine procesul de elaborare a compactului global; \u00een acela\u0219i timp, este necesar\u0103 recunoa\u0219terea explicit\u0103 a contribu\u021biei parlamentarilor la implementarea viitorului acord.<\/li>\n<\/ul>\n<p style=\"text-align: justify\">Dl deputat Valeriu-Andrei Steriu, membru al Comitetului Director al GRUI, a ar\u0103tat c\u0103: migra\u021bia ocup\u0103 \u0219i va continua s\u0103 ocupe un loc central pe agenda na\u021bional\u0103 \u0219i interna\u0163ional\u0103, iar impactul s\u0103u economic, social, politic \u0219i umanitar impune \u00eentreaga aten\u021bie a \u021b\u0103rilor lumii \u0219i a comunit\u0103\u021bii parlamentare interna\u021bionale; \u00een abordarea fenomenului migra\u021biei, Rom\u00e2nia se bazeaz\u0103 pe principii \u0219i valori fundamentale: respectarea drepturilor omului \u0219i a statului de drept, solidaritate interna\u021bional\u0103, responsabilitate \u00eemp\u0103rt\u0103\u0219it\u0103, o cooperare interna\u021bional\u0103 consolidat\u0103.&nbsp;Referindu-se la importan\u021ba asigur\u0103rii coeziunii sociale \u0219i a integr\u0103rii migran\u021bilor, parlamentarul rom\u00e2n a subliniat c\u0103 m\u0103surile de combatere a stereotipurilor, rasismului \u0219i xenofobiei trebuie s\u0103 \u00eenglobeze o diversitate de aspecte, inclusiv: culegerea \u0219i diseminarea unor date corecte despre migran\u021bi; sensibilizarea opiniei publice cu privire la contribu\u021bia pozitiv\u0103 pe care migran\u021bii o pot avea \u00een comunit\u0103\u021bile din \u021bara de destina\u021bie; promovarea toleran\u021bei printr-o educa\u021bie adecvat\u0103, la toate nivelele; instruirea corespunz\u0103toare a personalului \u00eens\u0103rcinat cu aplicarea legii \u0219i a celui din domeniul justi\u021biei; adoptarea de legi pentru prevenirea \u0219i combaterea retoricii xenofobe \u0219i a discursului bazat pe ur\u0103. Reprezentantul GRUI a men\u0163ionat c\u0103 acest tip de discurs este incriminat de legisla\u021bia din Rom\u00e2nia \u015fi c\u0103 viitorul compact global ar trebui s\u0103 abordeze \u00een mod adecvat rolul pe care \u00eel poate juca social media \u00een propagarea &#8211; sau, dimpotriv\u0103, \u00een combaterea &#8211; retoricii discriminatorii \u0219i a discursului bazat pe ur\u0103.&nbsp;Dl deputat Steriu a mai ar\u0103tat c\u0103 m\u0103surile care vizeaz\u0103 \u00een mod nemijlocit combaterea discrimin\u0103rii la adresa migran\u0163ilor nu pot fi eficiente dec\u00e2t dac\u0103 sunt \u00eenso\u0163ite de strategii \u015fi politici av\u00e2nd ca scop eliminarea s\u0103r\u0103ciei \u015fi cre\u015fterea bun\u0103st\u0103rii popula\u0163iei, \u00een ansamblul s\u0103u, acord\u00e2ndu-se o aten\u0163ie special\u0103 grupurilor vulnerabile. Acestea sunt condi\u0163ii indispensabile pentru construirea unor societ\u0103\u0163i tolerante \u015fi coezive.<\/p>\n<p style=\"text-align: justify\">Principalele <a href=\"https:\/\/www.ipu.org\/download\/4649\" target=\"_blank\" rel=\"noopener\">recomand\u0103ri \u0219i concluzii<\/a> ale Audierilor Parlamentare la Na\u021biunile Unite au fost prezentate, ca o contribu\u021bie parlamentar\u0103, \u00een cadrul negocierilor interguvernamentale privind viitorul <em>Compact global pentru o migra\u021bie sigur\u0103, ordonat\u0103 \u0219i reglementat\u0103<\/em>.<\/p>\n<p style=\"text-align: center\">***<\/p>\n<p style=\"text-align: justify\">\u00cen preziua Audierilor Parlamentare, delega\u021bia GRUI a participat la <strong>audierea multipartit\u0103<\/strong> cu tema <em>Fapte \u00een loc de percep\u021bii: promovarea unor dezbateri privind migra\u021bia care s\u0103 se bazeze pe dovezi<\/em>. &nbsp;<\/p>\n<p style=\"text-align: justify\">Participan\u021bii au ar\u0103tat c\u0103: \u00een ultimii ani, fenomenul migra\u0163iei a ocupat un loc central \u00een mass media \u0219i \u00een discursurile publice, \u00een contextul deplas\u0103rilor masive de migran\u0163i \u015fi refugia\u0163i; \u00een numeroase situa\u0163ii, migra\u021bia a fost prezentat\u0103 prin prisma prejudec\u0103\u0163ilor, a ideologiei sau a fricii, fapt semnalat \u0219i de secretarul general al Na\u021biunilor Unite, care, \u00een ultimul s\u0103u raport \u00een materie, constat\u0103 cu \u00eengrijorare r\u0103sp\u00e2ndirea retoricii xenofobe privind migra\u0163ia. Au fost eviden\u021biate: nevoia unor date dezagregate de calitate privind migran\u021bii, care s\u0103 fie puse la dispozi\u021bia deciden\u021bilor politici \u0219i a liderilor de opinie; necesitatea combaterii discursurilor incorecte privind migra\u021bia \u0219i rolul pe care \u00eel poate juca mass media \u00een succesul acestui demers; rolul persoanelor publice \u0219i al societ\u0103\u021bii civile \u00een combaterea rasismului, xenofobiei \u0219i stereotipurilor; nevoia ca vocile migran\u021bilor s\u0103 se fac\u0103 auzite \u00een procesul de elaborare a politicilor care \u00eei privesc. S-a concluzionat c\u0103, pentru promovarea unui discurs public bazat pe dovezi, este nevoie at\u00e2t de leadership politic, c\u00e2t \u0219i de implicarea guvernelor, parlamentarilor, sectorului privat, a societ\u0103\u0163ii civile \u0219i a migran\u0163ilor, precum \u0219i de o cooperare mai str\u00e2ns\u0103 \u00eentre to\u021bi ace\u0219ti factori.<\/p>\n","protected":false},"excerpt":{"rendered":"<p>Edi\u021bia 2018 a Audierilor, cu tema C\u0103tre un compact global pentru o migra\u021bie sigur\u0103, ordonat\u0103 \u0219i reglementat\u0103: o perspectiv\u0103 parlamentar\u0103, a avut loc la sediul Na\u0163iunilor Unite din New York, av\u00e2nd statutul de eveniment comun UIP-ONU. Reuniunea a fost organizat\u0103 \u00een marja procesului preg\u0103titor care are drept scop elaborarea \u0219i adoptarea, de c\u0103tre statele membre [&hellip;]<\/p>\n","protected":false},"author":1,"featured_media":0,"comment_status":"closed","ping_status":"open","sticky":false,"template":"","format":"standard","meta":{"ngg_post_thumbnail":0,"footnotes":""},"categories":[3],"tags":[],"class_list":["post-49","post","type-post","status-publish","format-standard","hentry","category-participare"],"_links":{"self":[{"href":"https:\/\/sites.senat.ro\/index.php?rest_route=\/wp\/v2\/posts\/49","targetHints":{"allow":["GET"]}}],"collection":[{"href":"https:\/\/sites.senat.ro\/index.php?rest_route=\/wp\/v2\/posts"}],"about":[{"href":"https:\/\/sites.senat.ro\/index.php?rest_route=\/wp\/v2\/types\/post"}],"author":[{"embeddable":true,"href":"https:\/\/sites.senat.ro\/index.php?rest_route=\/wp\/v2\/users\/1"}],"replies":[{"embeddable":true,"href":"https:\/\/sites.senat.ro\/index.php?rest_route=%2Fwp%2Fv2%2Fcomments&post=49"}],"version-history":[{"count":0,"href":"https:\/\/sites.senat.ro\/index.php?rest_route=\/wp\/v2\/posts\/49\/revisions"}],"wp:attachment":[{"href":"https:\/\/sites.senat.ro\/index.php?rest_route=%2Fwp%2Fv2%2Fmedia&parent=49"}],"wp:term":[{"taxonomy":"category","embeddable":true,"href":"https:\/\/sites.senat.ro\/index.php?rest_route=%2Fwp%2Fv2%2Fcategories&post=49"},{"taxonomy":"post_tag","embeddable":true,"href":"https:\/\/sites.senat.ro\/index.php?rest_route=%2Fwp%2Fv2%2Ftags&post=49"}],"curies":[{"name":"wp","href":"https:\/\/api.w.org\/{rel}","templated":true}]}}