{"id":410,"date":"2018-10-12T16:42:47","date_gmt":"2018-10-12T16:42:47","guid":{"rendered":"http:\/\/sites.senat.ro\/?p=410"},"modified":"2019-02-08T09:19:35","modified_gmt":"2019-02-08T09:19:35","slug":"intrevederea-membrilor-comitetului-director-al-grui-si-a-membrilor-grupului-parlamentar-de-prietenie-romania-australia-cu-o-delegatie-parlamentara-australiana-bucuresti-9-octombrie-2018","status":"publish","type":"post","link":"https:\/\/sites.senat.ro\/?p=410","title":{"rendered":"\u00centrevederea membrilor Comitetului Director al GRUI \u0219i a membrilor Grupului parlamentar de prietenie Rom\u00e2nia-Australia cu o delega\u021bie parlamentar\u0103 australian\u0103 (Bucure\u0219ti, 9 octombrie 2018)"},"content":{"rendered":"<p style=\"text-align: justify\">Mar\u021bi, 9 octombrie 2018, la Senat, membri ai Comitetului Director al GRUI \u0219i ai Grupului parlamentar de prietenie Rom\u00e2nia-Australia au avut o \u00eentrevedere cu delega\u021bia condus\u0103 de dl senator Ian Macdonald, pre\u0219edintele Comisiei comune pentru rela\u021bii externe, ap\u0103rare \u0219i comer\u021b din Parlamentul Australiei. Din delega\u021bie au mai f\u0103cut parte: dna deputat Jane Prentice \u0219i dl deputat Josh Wilson, pre\u0219edinta, respectiv, vicepre\u0219edintele Comisiei permanente comune pentru re\u021beaua na\u021bional\u0103 de band\u0103 larg\u0103, din Parlamentul Australiei; dna senator Helen Polley, pre\u0219edinta Comisiei permanente pentru controlul parlamentar al proiectelor de lege, din Senat; E.S. dna Kathleen Logan, ambasadorul acreditat al Australiei \u00een Rom\u00e2nia.<\/p>\n<p style=\"text-align: justify\"><img loading=\"lazy\" decoding=\"async\" class=\"size-medium wp-image-418 alignleft\" src=\"https:\/\/sites.senat.ro\/wp-content\/uploads\/sites\/2\/2019\/01\/Australia-300x225.jpg\" alt=\"\" width=\"300\" height=\"225\" srcset=\"https:\/\/sites.senat.ro\/wp-content\/uploads\/2019\/01\/Australia-300x225.jpg 300w, https:\/\/sites.senat.ro\/wp-content\/uploads\/2019\/01\/Australia.jpg 640w\" sizes=\"auto, (max-width: 300px) 100vw, 300px\" \/>Din partea Comitetului Director al GRUI \u0219i a Grupului de prietenie, au participat: dl <strong>senator Ioan Stan<\/strong>, pre\u0219edintele GRUI; dl <strong>senator Gheorghe Marin<\/strong>, secretar al Biroului Executiv al GRUI; dl <strong>deputat Octavian Petric<\/strong>, membru al Comitetului Director al GRUI; dl <strong>deputat Eugen Bejinariu<\/strong>, pre\u0219edintele Grupului parlamentar de prietenie Rom\u00e2nia-Australia; dl <strong>senator Emanuel-Gabriel Botnariu<\/strong>, secretarul Grupului. La eveniment a participat \u0219i dna <strong>senator Silvia-Monica Dinic\u0103<\/strong>, membr\u0103 a GRUI, membr\u0103 a Biroului Comisiei permanente a UIP pentru dezvoltare durabil\u0103, finan\u021be \u0219i comer\u021b.&nbsp;&nbsp;<\/p>\n<p style=\"text-align: justify\">\u00cen cadrul convorbirilor, parlamentarii rom\u00e2ni \u0219i-au manifestat dorin\u021ba de promovare a dialogului dintre forurile legislative ale celor dou\u0103 \u021b\u0103ri, inclusiv prin intermediul grupurilor de prietenie, exprim\u00e2ndu-\u0219i speran\u021ba c\u0103 \u00een legislativul australian se va constitui, c\u00e2t mai cur\u00e2nd, un grup de prietenie cu Rom\u00e2nia. Referindu-se la cooperarea \u00een plan multilateral, dl senator Ioan Stan a subliniat c\u0103 Uniunea Interparlamentar\u0103 (UIP) r\u0103m\u00e2ne forul principal \u00een care parlamentarii rom\u00e2ni \u0219i australieni au posibilitatea s\u0103 dialogheze frecvent \u0219i s\u0103 colaboreze \u00een formularea unor recomand\u0103ri pe teme prioritare ale agendei interna\u021bionale.&nbsp;<\/p>\n<p style=\"text-align: justify\">\u00cen ceea ce prive\u0219te cooperarea economic\u0103, gazdele au eviden\u021biat dinamica ascendent\u0103 a comer\u021bului bilateral, al c\u0103rui volum s-a triplat \u00een ultimii patru ani, \u0219i importan\u021ba promov\u0103rii \u00een continuare a schimburilor comerciale \u0219i investi\u021biilor, remarc\u00e2nd poten\u021bialul industriei rom\u00e2ne\u0219ti, eviden\u021biat \u0219i prin construirea, \u00een \u0219antierele navale de la Gala\u021bi, a sp\u0103rg\u0103torului de ghea\u021b\u0103 Nuyina, care va intra \u00een serviciul Autorit\u0103\u0163ii Antarctice Australiene \u00een anul 2020.<\/p>\n<p style=\"text-align: justify\">La r\u00e2ndul lor, oaspe\u021bii au subliniat interesul pe care Australia \u00eel acord\u0103 intensific\u0103rii \u0219i consolid\u0103rii rela\u021biilor bilaterale cu Rom\u00e2nia, inclusiv la nivel parlamentar. \u00cen acest sens, au confirmat disponibilitatea de a face demersurile necesare pentru crearea unui grup parlamentar de prietenie cu Rom\u00e2nia \u0219i au eviden\u021biat buna colaborare dintre parlamentarii rom\u00e2ni \u0219i australieni \u00een cadrul comisiilor de specialitate ale UIP \u0219i \u00een Grupul geopolitic 12 Plus din care ambele \u021b\u0103ri fac parte. \u00cen mod deosebit, \u00een perspectiva celei de-a 139-a sesiuni a UIP, \u0219i-au manifestat interesul pentru o dezbatere aprofundat\u0103 cu privire la implementarea Obiectivelor Dezvolt\u0103rii Durabile, \u00een special \u00een domeniul energiei regenerabile.<\/p>\n<p style=\"text-align: left\">&nbsp;<\/p>\n","protected":false},"excerpt":{"rendered":"<p>Mar\u021bi, 9 octombrie 2018, la Senat, membri ai Comitetului Director al GRUI \u0219i ai Grupului parlamentar de prietenie Rom\u00e2nia-Australia au avut o \u00eentrevedere cu delega\u021bia condus\u0103 de dl senator Ian Macdonald, pre\u0219edintele Comisiei comune pentru rela\u021bii externe, ap\u0103rare \u0219i comer\u021b din Parlamentul Australiei. Din delega\u021bie au mai f\u0103cut parte: dna deputat Jane Prentice \u0219i dl [&hellip;]<\/p>\n","protected":false},"author":2,"featured_media":0,"comment_status":"closed","ping_status":"open","sticky":false,"template":"","format":"standard","meta":{"ngg_post_thumbnail":0,"footnotes":""},"categories":[5,2],"tags":[],"class_list":["post-410","post","type-post","status-publish","format-standard","hentry","category-evenimente","category-repere"],"_links":{"self":[{"href":"https:\/\/sites.senat.ro\/index.php?rest_route=\/wp\/v2\/posts\/410","targetHints":{"allow":["GET"]}}],"collection":[{"href":"https:\/\/sites.senat.ro\/index.php?rest_route=\/wp\/v2\/posts"}],"about":[{"href":"https:\/\/sites.senat.ro\/index.php?rest_route=\/wp\/v2\/types\/post"}],"author":[{"embeddable":true,"href":"https:\/\/sites.senat.ro\/index.php?rest_route=\/wp\/v2\/users\/2"}],"replies":[{"embeddable":true,"href":"https:\/\/sites.senat.ro\/index.php?rest_route=%2Fwp%2Fv2%2Fcomments&post=410"}],"version-history":[{"count":0,"href":"https:\/\/sites.senat.ro\/index.php?rest_route=\/wp\/v2\/posts\/410\/revisions"}],"wp:attachment":[{"href":"https:\/\/sites.senat.ro\/index.php?rest_route=%2Fwp%2Fv2%2Fmedia&parent=410"}],"wp:term":[{"taxonomy":"category","embeddable":true,"href":"https:\/\/sites.senat.ro\/index.php?rest_route=%2Fwp%2Fv2%2Fcategories&post=410"},{"taxonomy":"post_tag","embeddable":true,"href":"https:\/\/sites.senat.ro\/index.php?rest_route=%2Fwp%2Fv2%2Ftags&post=410"}],"curies":[{"name":"wp","href":"https:\/\/api.w.org\/{rel}","templated":true}]}}