{"id":306,"date":"2018-06-04T08:17:21","date_gmt":"2018-06-04T08:17:21","guid":{"rendered":"http:\/\/sites.senat.ro\/?p=306"},"modified":"2019-01-23T10:12:20","modified_gmt":"2019-01-23T10:12:20","slug":"vizita-oficiala-in-romania-a-delegatiei-grupului-de-prietenie-cu-romania-din-parlamentul-regatului-unit-al-marii-britanii-si-al-irlandei-de-nord-28-mai-1-iunie-2018","status":"publish","type":"post","link":"https:\/\/sites.senat.ro\/?p=306","title":{"rendered":"Vizita oficial\u0103 \u00een Rom\u00e2nia a delega\u021biei Grupului de prietenie cu Rom\u00e2nia din Parlamentul Regatului Unit al Marii Britanii \u015fi al Irlandei de Nord (28 mai &#8211; 1 iunie 2018)"},"content":{"rendered":"<p style=\"text-align: justify\"><img loading=\"lazy\" decoding=\"async\" class=\"size-full wp-image-310 alignleft\" src=\"https:\/\/sites.senat.ro\/wp-content\/uploads\/sites\/2\/2018\/07\/mareabritanie.gif\" alt=\"\" width=\"164\" height=\"82\">Din delega\u021bia Grupului, condus\u0103 de dl deputat Bob Blackman, pre\u0219edinte, au f\u0103cut parte: dl deputat Drew Hendry, vicepre\u015fedinte, consul onorific al Rom\u00e2niei la Inverness; dna deputat&nbsp; Carol Monaghan, secretar; dl deputat John Grogan, membru. Parlamentarii britanici au fost \u00eenso\u021bi\u021bi de&nbsp; E.S.&nbsp; dl&nbsp;&nbsp; Paul&nbsp; Brummel,&nbsp; ambasadorul Regatului&nbsp; Unit&nbsp; al&nbsp; Marii&nbsp; Britanii&nbsp; \u015fi&nbsp; al&nbsp; Irlandei&nbsp; de&nbsp; Nord&nbsp; \u00een&nbsp; Rom\u00e2nia \u0219i de E.S. dl Sorin Dan Mihalache,&nbsp; ambasadorul Rom\u00e2niei \u00een Regatul Unit al Marii Britanii \u015fi al Irlandei de Nord.<\/p>\n<table class=\"aligncenter\" style=\"width: 56.5628%;border-collapse: collapse;height: 222px\" border=\"0\">\n<tbody>\n<tr>\n<td style=\"width: 61.1989%\"><img loading=\"lazy\" decoding=\"async\" class=\"size-medium wp-image-311 alignleft\" src=\"https:\/\/sites.senat.ro\/wp-content\/uploads\/sites\/2\/2018\/07\/Foto2_UK-300x200.jpg\" alt=\"\" width=\"300\" height=\"200\" srcset=\"https:\/\/sites.senat.ro\/wp-content\/uploads\/2018\/07\/Foto2_UK-300x200.jpg 300w, https:\/\/sites.senat.ro\/wp-content\/uploads\/2018\/07\/Foto2_UK-768x511.jpg 768w, https:\/\/sites.senat.ro\/wp-content\/uploads\/2018\/07\/Foto2_UK-732x487.jpg 732w, https:\/\/sites.senat.ro\/wp-content\/uploads\/2018\/07\/Foto2_UK.jpg 800w\" sizes=\"auto, (max-width: 300px) 100vw, 300px\" \/><\/td>\n<td style=\"width: 38.8011%\"><img loading=\"lazy\" decoding=\"async\" class=\"alignnone size-medium wp-image-312\" src=\"https:\/\/sites.senat.ro\/wp-content\/uploads\/sites\/2\/2018\/07\/Foto1_UK-300x200.jpg\" alt=\"\" width=\"300\" height=\"200\" srcset=\"https:\/\/sites.senat.ro\/wp-content\/uploads\/2018\/07\/Foto1_UK-300x200.jpg 300w, https:\/\/sites.senat.ro\/wp-content\/uploads\/2018\/07\/Foto1_UK-768x511.jpg 768w, https:\/\/sites.senat.ro\/wp-content\/uploads\/2018\/07\/Foto1_UK-732x487.jpg 732w, https:\/\/sites.senat.ro\/wp-content\/uploads\/2018\/07\/Foto1_UK.jpg 800w\" sizes=\"auto, (max-width: 300px) 100vw, 300px\" \/><\/td>\n<\/tr>\n<\/tbody>\n<\/table>\n<p>Oaspe\u021bii au fost primi\u021bi de dl C\u0103lin Popescu- T\u0103riceanu, pre\u0219edintele Senatului \u0219i de dl Florin Iordache, vicepre\u0219edinte al Camerei Deputa\u021bilor \u0219i au avut \u00eentrevederi cu: dl deputat Andrei Pop, pre\u0219edintele Grupului de prietenie omolog \u0219i cu membri ai Grupului; dl senator Cristian-Sorin Dumitrescu, pre\u0219edintele Comisiei pentru politic\u0103 extern\u0103 a Senatului; dna deputat Bir\u00f3 Roz\u00e1lya-Ibolya, pre\u0219edintele Comisiei pentru politic\u0103 extern\u0103 a Camerei Deputa\u021bilor \u0219i dl deputat Angel T\u00eelv\u0103r, pre\u0219edintele Comisiei pentru afaceri europene a Camerei Deputa\u021bilor, \u0219i cu membri ai acestor Comisii.<\/p>\n<p style=\"text-align: justify\">La nivelul executivului, delega\u021bia s-a \u00eent\u00e2lnit cu: dna Ana Birchall, viceprim-ministru pentru implementarea parteneriatelor strategice ale Rom\u00e2niei; dna Carmen Dan, ministrul afacerilor interne; dl Teodor-Viorel Mele\u015fcanu, ministrul afacerilor externe; dl Mihai-Viorel Fifor, ministrul ap\u0103r\u0103rii na\u021bionale; dl Victor Negrescu, ministru delegat pentru afaceri europene; dl Victor Ionescu, subsecretar de stat \u00een Ministerul pentru rom\u00e2nii de pretutindeni. De asemenea, parlamentarii britanici au avut o \u00eentrevedere cu dl Bogdan Aurescu, consilier preziden\u021bial pentru politic\u0103 extern\u0103.<\/p>\n<p><img loading=\"lazy\" decoding=\"async\" class=\"wp-image-313 alignleft\" src=\"https:\/\/sites.senat.ro\/wp-content\/uploads\/sites\/2\/2018\/07\/Foto3_UK-227x300.jpg\" alt=\"\" width=\"206\" height=\"272\" srcset=\"https:\/\/sites.senat.ro\/wp-content\/uploads\/2018\/07\/Foto3_UK-227x300.jpg 227w, https:\/\/sites.senat.ro\/wp-content\/uploads\/2018\/07\/Foto3_UK.jpg 600w\" sizes=\"auto, (max-width: 206px) 100vw, 206px\" \/><\/p>\n<p style=\"text-align: justify\">\u00cen cadrul \u00eent\u00e2lnirilor, au fost abordate teme de actualitate ale agendei bilaterale, cu accent pe contextul european \u0219i interna\u021bional al rela\u021biilor rom\u00e2no-britanice, \u0219i a fost reafirmat interesul pentru consolidarea cooper\u0103rii interparlamentare, pe fondul evolu\u021biei favorabile a rela\u021biilor de cooperare economic\u0103 dintre cele dou\u0103 \u021b\u0103ri \u0219i al parteneriatului strategic bilateral. A fost eviden\u021biat\u0103 importan\u021ba diploma\u021biei parlamentare \u00een intensificarea rela\u021biilor tradi\u021bionale de prietenie dintre Rom\u00e2nia \u0219i Marea Britanie \u0219i \u00een men\u021binerea dialogului politic la nivel \u00eenalt. \u00cen perspectiva prelu\u0103rii de c\u0103tre Rom\u00e2nia a Pre\u015fedin\u0163iei Consiliul UE, \u00een perioada 1 ianuarie &#8211; 30 iunie 2019, parlamentarii rom\u00e2ni \u0219i britanici \u0219i-au exprimat speran\u021ba c\u0103 negocierile dintre Uniunea European\u0103 \u0219i Marea Britanie vor avea la baz\u0103 un parteneriat bine calibrat \u015fi puternic, care s\u0103 conduc\u0103 la solu\u021bii echilibrate, favorabile ambelor p\u0103r\u021bi. Gazdele au subliniat necesitatea asigur\u0103rii unui tratament echitabil \u0219i nediscriminatoriu pentru cet\u0103\u021benii rom\u00e2ni din Regatul Unit \u00een perioada post Brexit \u0219i a respect\u0103rii, \u00een continuare, a drepturilor cet\u0103\u021benilor europeni la libera circula\u021bie, potrivit principiului reciprocit\u0103\u021bii \u0219i nediscrimin\u0103rii.<\/p>\n<p style=\"text-align: justify\">Privitor la provoc\u0103rile actuale de securitate la nivel interna\u021bional, s-a subliniat importan\u021ba intensific\u0103rii cooper\u0103rii dintre statele aliate \u0219i consolidarea unit\u0103\u021bii NATO, inclusiv prin schimbul de informa\u021bii \u00een vederea combaterii terorismului \u0219i a atacurilor cibernetice.<\/p>\n<p style=\"text-align: justify\">Oaspe\u021bii au avut discu\u021bii cu reprezentan\u021bi ai British Romanian Chamber of Commerce, ai&nbsp; Camerei de Comer\u021b \u0219i Industrie a Rom\u00e2niei, ai Bursei de Valori Bucure\u0219ti \u0219i ai Centrului Na\u021bional de Securitate Cibernetic\u0103 <em>CyberInt<\/em> din cadrul Serviciului Rom\u00e2n de Informa\u021bii \u0219i au vizitat o serie de obiective istorice evreie\u0219ti din Bucure\u0219ti, precum \u0219i C\u0103minul de b\u0103tr\u00e2ni <em>Casa Speran\u021bei<\/em>.<\/p>\n","protected":false},"excerpt":{"rendered":"<p>Din delega\u021bia Grupului, condus\u0103 de dl deputat Bob Blackman, pre\u0219edinte, au f\u0103cut parte: dl deputat Drew Hendry, vicepre\u015fedinte, consul onorific al Rom\u00e2niei la Inverness; dna deputat&nbsp; Carol Monaghan, secretar; dl deputat John Grogan, membru. Parlamentarii britanici au fost \u00eenso\u021bi\u021bi de&nbsp; E.S.&nbsp; dl&nbsp;&nbsp; Paul&nbsp; Brummel,&nbsp; ambasadorul Regatului&nbsp; Unit&nbsp; al&nbsp; Marii&nbsp; Britanii&nbsp; \u015fi&nbsp; al&nbsp; Irlandei&nbsp; de&nbsp; Nord&nbsp; [&hellip;]<\/p>\n","protected":false},"author":2,"featured_media":0,"comment_status":"closed","ping_status":"open","sticky":false,"template":"","format":"standard","meta":{"ngg_post_thumbnail":0,"footnotes":""},"categories":[1,7],"tags":[],"class_list":["post-306","post","type-post","status-publish","format-standard","hentry","category-prietenie","category-viziteoficiale"],"_links":{"self":[{"href":"https:\/\/sites.senat.ro\/index.php?rest_route=\/wp\/v2\/posts\/306","targetHints":{"allow":["GET"]}}],"collection":[{"href":"https:\/\/sites.senat.ro\/index.php?rest_route=\/wp\/v2\/posts"}],"about":[{"href":"https:\/\/sites.senat.ro\/index.php?rest_route=\/wp\/v2\/types\/post"}],"author":[{"embeddable":true,"href":"https:\/\/sites.senat.ro\/index.php?rest_route=\/wp\/v2\/users\/2"}],"replies":[{"embeddable":true,"href":"https:\/\/sites.senat.ro\/index.php?rest_route=%2Fwp%2Fv2%2Fcomments&post=306"}],"version-history":[{"count":0,"href":"https:\/\/sites.senat.ro\/index.php?rest_route=\/wp\/v2\/posts\/306\/revisions"}],"wp:attachment":[{"href":"https:\/\/sites.senat.ro\/index.php?rest_route=%2Fwp%2Fv2%2Fmedia&parent=306"}],"wp:term":[{"taxonomy":"category","embeddable":true,"href":"https:\/\/sites.senat.ro\/index.php?rest_route=%2Fwp%2Fv2%2Fcategories&post=306"},{"taxonomy":"post_tag","embeddable":true,"href":"https:\/\/sites.senat.ro\/index.php?rest_route=%2Fwp%2Fv2%2Ftags&post=306"}],"curies":[{"name":"wp","href":"https:\/\/api.w.org\/{rel}","templated":true}]}}