{"id":304,"date":"2018-04-20T08:12:09","date_gmt":"2018-04-20T08:12:09","guid":{"rendered":"http:\/\/sites.senat.ro\/?p=304"},"modified":"2019-01-23T10:13:26","modified_gmt":"2019-01-23T10:13:26","slug":"vizita-oficiala-in-romania-a-delegatiei-grupului-parlamentar-de-prietenie-cu-romania-din-republica-islamica-iran-15-19-aprilie-2018","status":"publish","type":"post","link":"https:\/\/sites.senat.ro\/?p=304","title":{"rendered":"Vizita oficial\u0103 \u00een Rom\u00e2nia a delega\u021biei Grupului parlamentar de prietenie cu Rom\u00e2nia din Republica Islamic\u0103 Iran (15-19 aprilie 2018)"},"content":{"rendered":"<p style=\"text-align: justify\"><img loading=\"lazy\" decoding=\"async\" class=\"size-full wp-image-317 alignleft\" src=\"https:\/\/sites.senat.ro\/wp-content\/uploads\/sites\/2\/2018\/07\/iran.gif\" alt=\"\" width=\"138\" height=\"82\">Din delega\u021bia condus\u0103 de&nbsp; dl deputat Kazem Jalali, pre\u0219edintele Grupului, au&nbsp; f\u0103cut parte:&nbsp; dl Mahammad Dehghani Naghandar, dl Seyed Ahsan Alavi, dl Ahmad Hemati, Mohammad Kazemi, membri ai Grupului.<\/p>\n<p style=\"text-align: justify\">Oaspe\u021bii au fost primi\u021bi de dl <strong>senator Adrian \u021au\u021buianu<\/strong>, vicepre\u0219edinte al Senatului \u0219i de dl <strong>deputat Georgian Pop<\/strong>, vicepre\u0219edinte al Camerei Deputa\u021bilor \u0219i au&nbsp; avut \u00eentrevederi cu: dl <strong>deputat Virgil-Daniel Popescu<\/strong>, pre\u0219edintele Grupului parlamentar de prietenie Rom\u00e2nia-Iran \u0219i cu membri ai Grupului; dl <strong>senator Vasile Ilea<\/strong>, secretarul Comisiei pentru politic\u0103 extern\u0103 a Senatului, dna <strong>deputat Mirela Furtun\u0103<\/strong>, secretar al Comisiei pentru politic\u0103 extern\u0103 a Camerei Deputa\u021bilor \u0219i cu membri ai celor dou\u0103 Comisii; dl <strong>deputat Gheorghe \u0218imon<\/strong>, pre\u0219edintele Comisiei pentru politic\u0103 economic\u0103, reform\u0103 \u0219i privatizare a Camerei Deputa\u021bilor \u0219i cu membri ai Comisiei; dl <strong>deputat Lucian Nicolae Bode<\/strong>, pre\u0219edintele Comisiei pentru transporturi \u0219i infrastructur\u0103 a Camerei Deputa\u021bilor \u0219i cu membri ai Comisiei.<\/p>\n<p style=\"text-align: justify\">Pe parcursul \u00eent\u00e2lnirilor au fost evocate leg\u0103tura tradi\u021bional\u0103, de peste 100 de ani, dintre cele dou\u0103 state, dorin\u021ba comun\u0103 de amplificare a dialogului politic la toate nivelurile \u0219i stadiul ascendent al rela\u021biilor bilaterale politice, economice \u0219i sectoriale. \u00cen context, a fost men\u021bionat rolul diploma\u021biei parlamentare \u00een dezvoltarea \u0219i extinderea proiectelor existente, precum \u0219i \u00een identificarea unor noi domenii de cooperare, \u00een beneficiul ambelor \u021b\u0103ri. Interlocutorii au apreciat poten\u021bialul de cooperare \u00eentre Rom\u00e2nia \u0219i Republica Islamic\u0103 Iran, favorabil identific\u0103rii \u0219i implement\u0103rii unor proiecte \u00een domenii de interes precum transporturile, energia, petrolul \u015fi gazele naturale, agricultura, cercetarea \u0219tiin\u021bific\u0103 \u015fi educa\u0163ia. S-a pus accent pe rolul sesiunii 2018 a Comisiei Mixte Economice rom\u00e2no-iraniene \u00een dinamizarea rela\u021biilor economice \u0219i amplificarea volumului schimburilor comerciale. Partea iranian\u0103 \u0219i-a exprimat disponibilitatea intensific\u0103rii cooper\u0103rii bilaterale inclusiv \u00een cadrul unor proiecte energetice interna\u021bionale, cum ar fi coridorul de transport care va face leg\u0103tura dintre Golful Persic \u0219i Marea Neagr\u0103.<\/p>\n<table class=\"aligncenter\" style=\"width: 55.1124%;border-collapse: collapse;height: 198px\" border=\"0\">\n<tbody>\n<tr style=\"height: 178px\">\n<td style=\"width: 54.8193%;height: 178px\"><img loading=\"lazy\" decoding=\"async\" class=\"alignnone size-medium wp-image-322\" src=\"https:\/\/sites.senat.ro\/wp-content\/uploads\/sites\/2\/2018\/07\/Foto1_Iran-1-300x172.jpg\" alt=\"\" width=\"300\" height=\"172\" srcset=\"https:\/\/sites.senat.ro\/wp-content\/uploads\/2018\/07\/Foto1_Iran-1-300x172.jpg 300w, https:\/\/sites.senat.ro\/wp-content\/uploads\/2018\/07\/Foto1_Iran-1-768x441.jpg 768w, https:\/\/sites.senat.ro\/wp-content\/uploads\/2018\/07\/Foto1_Iran-1-1024x589.jpg 1024w, https:\/\/sites.senat.ro\/wp-content\/uploads\/2018\/07\/Foto1_Iran-1-732x421.jpg 732w, https:\/\/sites.senat.ro\/wp-content\/uploads\/2018\/07\/Foto1_Iran-1-1140x655.jpg 1140w, https:\/\/sites.senat.ro\/wp-content\/uploads\/2018\/07\/Foto1_Iran-1.jpg 1244w\" sizes=\"auto, (max-width: 300px) 100vw, 300px\" \/><\/td>\n<td style=\"width: 45.1807%;height: 178px\"><img loading=\"lazy\" decoding=\"async\" class=\"alignnone wp-image-320 size-medium\" src=\"https:\/\/sites.senat.ro\/wp-content\/uploads\/sites\/2\/2018\/07\/Foto2_Iran-300x186.jpg\" alt=\"\" width=\"300\" height=\"186\" srcset=\"https:\/\/sites.senat.ro\/wp-content\/uploads\/2018\/07\/Foto2_Iran-300x186.jpg 300w, https:\/\/sites.senat.ro\/wp-content\/uploads\/2018\/07\/Foto2_Iran-768x476.jpg 768w, https:\/\/sites.senat.ro\/wp-content\/uploads\/2018\/07\/Foto2_Iran-1024x634.jpg 1024w, https:\/\/sites.senat.ro\/wp-content\/uploads\/2018\/07\/Foto2_Iran-732x454.jpg 732w, https:\/\/sites.senat.ro\/wp-content\/uploads\/2018\/07\/Foto2_Iran-1140x706.jpg 1140w, https:\/\/sites.senat.ro\/wp-content\/uploads\/2018\/07\/Foto2_Iran.jpg 1848w\" sizes=\"auto, (max-width: 300px) 100vw, 300px\" \/><\/td>\n<\/tr>\n<\/tbody>\n<\/table>\n<p style=\"text-align: justify\">Pe parcursul convorbirilor, au fost analizate \u0219i aspecte ale cooper\u0103rii \u00een cadrul organiza\u021biilor interna\u021bionale, ocazie cu care gazdele au evocat angajamentul sus\u021binut al Rom\u00e2niei \u00een promovarea candidaturii pentru un nou mandat de membru nepermanent al Consiliului de Securitate al ONU, \u00een perioada 2020-2021.<\/p>\n<p style=\"text-align: justify\">P\u0103r\u021bile au avut un schimb de opinii despre aspecte actuale ale agendei regionale \u0219i interna\u021bionale, \u00eendeosebi perspectivele Procesului de Pace din Orientul Mijlociu, prilej cu care parlamentarii rom\u00e2ni au exprimat determinarea \u021b\u0103rii noastre de a participa, \u00een calitate de stat membru al Uniunii Europene, la eforturile de normalizare a situa\u021biei din regiune.&nbsp;<\/p>\n<p style=\"text-align: justify\">Oaspe\u021bii au vizitat Portul Maritim Constan\u021ba \u0219i au avut o \u00eent\u00e2lnire cu dl Marian T\u0103nase, director general adjunct al Companiei Na\u021bionale Administra\u021bia Porturilor Maritime&nbsp;SA <em>Constan\u021ba<\/em>.<\/p>\n","protected":false},"excerpt":{"rendered":"<p>Din delega\u021bia condus\u0103 de&nbsp; dl deputat Kazem Jalali, pre\u0219edintele Grupului, au&nbsp; f\u0103cut parte:&nbsp; dl Mahammad Dehghani Naghandar, dl Seyed Ahsan Alavi, dl Ahmad Hemati, Mohammad Kazemi, membri ai Grupului. Oaspe\u021bii au fost primi\u021bi de dl senator Adrian \u021au\u021buianu, vicepre\u0219edinte al Senatului \u0219i de dl deputat Georgian Pop, vicepre\u0219edinte al Camerei Deputa\u021bilor \u0219i au&nbsp; avut \u00eentrevederi [&hellip;]<\/p>\n","protected":false},"author":2,"featured_media":0,"comment_status":"closed","ping_status":"open","sticky":false,"template":"","format":"standard","meta":{"ngg_post_thumbnail":0,"footnotes":""},"categories":[1,7],"tags":[],"class_list":["post-304","post","type-post","status-publish","format-standard","hentry","category-prietenie","category-viziteoficiale"],"_links":{"self":[{"href":"https:\/\/sites.senat.ro\/index.php?rest_route=\/wp\/v2\/posts\/304","targetHints":{"allow":["GET"]}}],"collection":[{"href":"https:\/\/sites.senat.ro\/index.php?rest_route=\/wp\/v2\/posts"}],"about":[{"href":"https:\/\/sites.senat.ro\/index.php?rest_route=\/wp\/v2\/types\/post"}],"author":[{"embeddable":true,"href":"https:\/\/sites.senat.ro\/index.php?rest_route=\/wp\/v2\/users\/2"}],"replies":[{"embeddable":true,"href":"https:\/\/sites.senat.ro\/index.php?rest_route=%2Fwp%2Fv2%2Fcomments&post=304"}],"version-history":[{"count":0,"href":"https:\/\/sites.senat.ro\/index.php?rest_route=\/wp\/v2\/posts\/304\/revisions"}],"wp:attachment":[{"href":"https:\/\/sites.senat.ro\/index.php?rest_route=%2Fwp%2Fv2%2Fmedia&parent=304"}],"wp:term":[{"taxonomy":"category","embeddable":true,"href":"https:\/\/sites.senat.ro\/index.php?rest_route=%2Fwp%2Fv2%2Fcategories&post=304"},{"taxonomy":"post_tag","embeddable":true,"href":"https:\/\/sites.senat.ro\/index.php?rest_route=%2Fwp%2Fv2%2Ftags&post=304"}],"curies":[{"name":"wp","href":"https:\/\/api.w.org\/{rel}","templated":true}]}}