{"id":2874,"date":"2025-07-20T08:09:01","date_gmt":"2025-07-20T08:09:01","guid":{"rendered":"https:\/\/sites.senat.ro\/?p=2874"},"modified":"2026-02-20T08:09:30","modified_gmt":"2026-02-20T08:09:30","slug":"forumul-politic-la-nivel-inalt-al-onu-privind-dezvoltarea-durabila-si-reuniunile-asociate-new-york-21-24-iulie-2025","status":"publish","type":"post","link":"https:\/\/sites.senat.ro\/?p=2874","title":{"rendered":"Forumul politic la nivel \u00eenalt al ONU privind dezvoltarea durabil\u0103 \u0219i reuniunile asociate (New York, 21-24 iulie 2025)"},"content":{"rendered":"<p>Senatorul Petric\u0103 Lucian Rusu, vicepre\u0219edinte al Senatului, vicepre\u0219edinte al Biroului Executiv al Comitetului Director al GRUI,\u00a0 a participat la segmentul la nivel \u00eenalt al Forumului politic al ONU privind dezvoltarea durabil\u0103 (HLPF2025), precum \u0219i la alte reuniuni organizate \u00een marja acestuia. Vicepre\u0219edintele GRUI a f\u0103cut parte din delega\u021bia Rom\u00e2niei la HLPF .<\/p>\n<p>Tema HLPF2025 s-a intitulat<em> Promovarea unor solu\u021bii durabile, incluzive, bazate pe \u0219tiin\u021b\u0103 \u0219i dovezi \u00een sprijinul Agendei 2030 \u0219i a Obiectivelor Dezvolt\u0103rii Durabile (ODD), pentru a nu r\u0103m\u00e2ne nimeni \u00een urm\u0103.<\/em><\/p>\n<p><img loading=\"lazy\" decoding=\"async\" class=\"size-medium wp-image-2880 aligncenter\" src=\"https:\/\/sites.senat.ro\/wp-content\/uploads\/2026\/02\/foto2_Rusu-300x192.jpg\" alt=\"\" width=\"300\" height=\"192\" srcset=\"https:\/\/sites.senat.ro\/wp-content\/uploads\/2026\/02\/foto2_Rusu-300x192.jpg 300w, https:\/\/sites.senat.ro\/wp-content\/uploads\/2026\/02\/foto2_Rusu-1024x654.jpg 1024w, https:\/\/sites.senat.ro\/wp-content\/uploads\/2026\/02\/foto2_Rusu-768x491.jpg 768w, https:\/\/sites.senat.ro\/wp-content\/uploads\/2026\/02\/foto2_Rusu-732x468.jpg 732w, https:\/\/sites.senat.ro\/wp-content\/uploads\/2026\/02\/foto2_Rusu-1140x729.jpg 1140w, https:\/\/sites.senat.ro\/wp-content\/uploads\/2026\/02\/foto2_Rusu.jpg 1161w\" sizes=\"auto, (max-width: 300px) 100vw, 300px\" \/><\/p>\n<p>Programul segmentului la nivel \u00eenalt a inclus dezbaterea general\u0103 cu tema\u00a0<em>ONU la cea de-a 80-a aniversare: stimularea schimb\u0103rii \u00een favoarea dezvolt\u0103rii durabile<\/em><em>\u00a0<\/em>\u0219i dezbateri privind: <em>impactul tendin\u021belor actuale ale globaliz\u0103rii asupra realiz\u0103rii ODD; m\u0103suri de consolidare a parteneriatelor pentru solu\u021bii bazate pe \u0219tiin\u021b\u0103 \u0219i dovezi pentru a aborda provoc\u0103ri complexe \u0219i interconectate; tendin\u021bele globale actuale \u0219i impactul acestora; cooperarea interna\u021bional\u0103 \u00eentr-o lume divizat\u0103; strategii \u00een vederea mobiliz\u0103rii ac\u021biunilor \u0219i cadrelor regionale pentru a sprijini \u021b\u0103rile pentru realizarea ODD-urilor.\u00a0<\/em><\/p>\n<p>Ca \u00een fiecare an, Uniunea Interparlamentar\u0103 (UIP) a asigurat dimensiunea parlamentar\u0103 a HLPF prin organizarea, \u00een ziua de 22 iulie, \u00een marja segmentului la nivel \u00eenalt, a unui <strong><em>Forum parlamentar <\/em><\/strong>cu tema <strong><em>Egalitatea de gen \u0219i s\u0103n\u0103tatea: accelerarea progreselor<\/em><\/strong>. Lucr\u0103rile au fost organizate \u00een dou\u0103 sesiuni tematice, privind: <em>ODD 3 \u2013 S\u0103 nu l\u0103s\u0103m pe nimeni \u00een urm\u0103: \u00a0rolul parlamentelor \u00een asigurarea<\/em> <em>s\u0103n\u0103t\u0103\u021bii pentru to\u021bi <\/em>\u0219i <em>ODD 5 \u2013 Rolul parlamentelor \u00een asigurarea egalit\u0103\u021bii de gen<\/em><em>.<\/em><\/p>\n<p><img loading=\"lazy\" decoding=\"async\" class=\"size-medium wp-image-2875 aligncenter\" src=\"https:\/\/sites.senat.ro\/wp-content\/uploads\/2026\/02\/foto1_Rusu-300x209.jpg\" alt=\"\" width=\"300\" height=\"209\" srcset=\"https:\/\/sites.senat.ro\/wp-content\/uploads\/2026\/02\/foto1_Rusu-300x209.jpg 300w, https:\/\/sites.senat.ro\/wp-content\/uploads\/2026\/02\/foto1_Rusu-1024x715.jpg 1024w, https:\/\/sites.senat.ro\/wp-content\/uploads\/2026\/02\/foto1_Rusu-768x536.jpg 768w, https:\/\/sites.senat.ro\/wp-content\/uploads\/2026\/02\/foto1_Rusu-1536x1072.jpg 1536w, https:\/\/sites.senat.ro\/wp-content\/uploads\/2026\/02\/foto1_Rusu-732x511.jpg 732w, https:\/\/sites.senat.ro\/wp-content\/uploads\/2026\/02\/foto1_Rusu-1140x796.jpg 1140w, https:\/\/sites.senat.ro\/wp-content\/uploads\/2026\/02\/foto1_Rusu.jpg 1600w\" sizes=\"auto, (max-width: 300px) 100vw, 300px\" \/><\/p>\n<p>\u00cen interven\u021bia sa la dezbaterile privind ODD3, vicepre\u0219edintele Senatului a ar\u0103tat c\u0103 Rom\u00e2nia continu\u0103 s\u0103 joace un rol activ \u00een promovarea dezvolt\u0103rii durabile, iar prezen\u021ba la acest forum reflect\u0103 determinarea noastr\u0103 de a contribui, prin politici concrete, la o societate echitabil\u0103 \u0219i rezilient\u0103. De asemenea, a reliefat rolul special pe care parlamentele na\u021bionale \u00eel au \u00een promovarea egalit\u0103\u021bii de gen \u00een toate domeniile \u0219i \u00een facilitarea accesului la s\u0103n\u0103tate pentru to\u021bi cet\u0103\u021benii. \u00cen acest context, a men\u021bionat c\u0103 a fost unul dintre coini\u021biatorii legii recent adoptate de Parlamentul Rom\u00e2niei care extinde vaccinarea gratuit\u0103 anti-HPV la toate fetele \u0219i b\u0103ie\u021bii \u00eentre 11 \u0219i 26 de ani, prin includerea \u00een Programul Na\u021bional de Vaccinare.<\/p>\n<p>Potrivit vicepre\u0219edintelui Senatului, cancerul de col uterin reprezint\u0103 o problem\u0103 grav\u0103 de s\u0103n\u0103tate public\u0103, iar monitorizarea constant\u0103 \u0219i vaccinarea anti-HPV, cu prec\u0103dere \u00een zonele \u00een care exist\u0103 categorii sociale vulnerabile, va avea ca efect diminuarea semnificativ\u0103 a num\u0103rului de \u00eemboln\u0103viri \u0219i decese cauzate de aceast\u0103 maladie.<\/p>\n<p>\u201cRom\u00e2nia a adoptat Strategia Na\u021bional\u0103 pentru S\u0103n\u0103tate 2023-2030, care acord\u0103 o aten\u021bie deosebit\u0103 asigur\u0103rii s\u0103n\u0103t\u0103\u021bii pentru to\u021bi \u0219i, \u00een mod special, femeilor \u0219i copiilor. Aceast\u0103 strategie deschide posibilitatea oferirii de servicii de planning familial, servicii de \u00eengrijire mai bune \u00een timpul sarcinii \u0219i acces la metode moderne de contracep\u021bie. Preven\u021bia \u0219i educa\u021bia sunt extrem de importante, iar educa\u021bia \u00een domeniul s\u0103n\u0103t\u0103\u021bii le permite cet\u0103\u021benilor s\u0103 \u00ee\u0219i men\u021bin\u0103 s\u0103n\u0103tatea \u0219i s\u0103 previn\u0103 \u00eemboln\u0103virea. Educa\u021bia de gen \u00eei ajut\u0103 pe tineri s\u0103 \u00een\u021beleag\u0103 respectul, egalitatea \u0219i drepturile de care dispun. Promovarea unor asemenea valori reprezint\u0103 premisa cl\u0103dirii unor societ\u0103\u021bi solide \u0219i libere\u201d a mai ad\u0103ugat vicepre\u0219edintele Senatului.<\/p>\n<p>\u00cen ceea ce prive\u0219te s\u0103n\u0103tatea, schimb\u0103rile climatice \u0219i edificarea unui viitor mai verde, \u00eenaltul demnitar a relevat faptul c\u0103 Rom\u00e2nia \u0219i-a asumat angajamentul de a-\u0219i intensifica eforturile \u00een direc\u021bia reducerii emisiilor cu gaz de ser\u0103 av\u00e2nd ca scop combaterea efectelor schimb\u0103rilor climatice \u0219i atingerea obiectivelor prev\u0103zute de Acordul de la Paris, precum \u0219i \u00een contextul adopt\u0103rii Pactului Ecologic European (European Green Deal). Totodat\u0103, a eviden\u021biat faptul c\u0103 obiectivul Rom\u00e2niei este de a atinge o cot\u0103 de cel pu\u021bin 38.3% de energie regenerabil\u0103 \u00een consumul final brut de energie p\u00e2n\u0103 \u00een 2030, \u00een special prin cre\u0219terea capacit\u0103\u021bii instalate pentru producerea energiei din surse eoliene \u0219i solare.<\/p>\n<p style=\"text-align: center;\">***<\/p>\n<p>\u00cen contextul particip\u0103rii sale la Forumul politic la nivel \u00eenalt al ONU privind dezvoltarea durabil\u0103, vicepre\u0219edintele Petric\u0103 Lucian Rusu, a avut o scurt\u0103 \u00eentrevedere cu ministrul muncii \u0219i protec\u021biei sociale din Republica Moldova, Alexei Buzu, privind oportunit\u0103\u021bile de cooperare \u0219i provoc\u0103rile comune pe care cele dou\u0103 state le pot dep\u0103\u0219i \u00eempreun\u0103. \u00cen acela\u0219i timp, \u00eenaltul demnitar rom\u00e2n a transmis asigur\u0103ri interlocutorului moldovean cu privire la sprijinul ferm al Rom\u00e2niei pentru continuarea parcursului european al Republicii Moldova \u0219i pentru consolidarea independen\u021bei sale energetice.<\/p>\n<p><img loading=\"lazy\" decoding=\"async\" class=\"alignnone wp-image-2877\" src=\"https:\/\/sites.senat.ro\/wp-content\/uploads\/2026\/02\/foto_Rusu4-300x246.jpg\" alt=\"\" width=\"246\" height=\"202\" srcset=\"https:\/\/sites.senat.ro\/wp-content\/uploads\/2026\/02\/foto_Rusu4-300x246.jpg 300w, https:\/\/sites.senat.ro\/wp-content\/uploads\/2026\/02\/foto_Rusu4-1024x838.jpg 1024w, https:\/\/sites.senat.ro\/wp-content\/uploads\/2026\/02\/foto_Rusu4-768x629.jpg 768w, https:\/\/sites.senat.ro\/wp-content\/uploads\/2026\/02\/foto_Rusu4-732x599.jpg 732w, https:\/\/sites.senat.ro\/wp-content\/uploads\/2026\/02\/foto_Rusu4-1140x933.jpg 1140w, https:\/\/sites.senat.ro\/wp-content\/uploads\/2026\/02\/foto_Rusu4.jpg 1206w\" sizes=\"auto, (max-width: 246px) 100vw, 246px\" \/> <img loading=\"lazy\" decoding=\"async\" class=\"alignnone wp-image-2881\" src=\"https:\/\/sites.senat.ro\/wp-content\/uploads\/2026\/02\/foto_Rusu3-300x192.jpg\" alt=\"\" width=\"275\" height=\"176\" srcset=\"https:\/\/sites.senat.ro\/wp-content\/uploads\/2026\/02\/foto_Rusu3-300x192.jpg 300w, https:\/\/sites.senat.ro\/wp-content\/uploads\/2026\/02\/foto_Rusu3-1024x657.jpg 1024w, https:\/\/sites.senat.ro\/wp-content\/uploads\/2026\/02\/foto_Rusu3-768x493.jpg 768w, https:\/\/sites.senat.ro\/wp-content\/uploads\/2026\/02\/foto_Rusu3-1536x985.jpg 1536w, https:\/\/sites.senat.ro\/wp-content\/uploads\/2026\/02\/foto_Rusu3-732x470.jpg 732w, https:\/\/sites.senat.ro\/wp-content\/uploads\/2026\/02\/foto_Rusu3-1140x731.jpg 1140w, https:\/\/sites.senat.ro\/wp-content\/uploads\/2026\/02\/foto_Rusu3.jpg 1568w\" sizes=\"auto, (max-width: 275px) 100vw, 275px\" \/><\/p>\n","protected":false},"excerpt":{"rendered":"<p>Senatorul Petric\u0103 Lucian Rusu, vicepre\u0219edinte al Senatului, vicepre\u0219edinte al Biroului Executiv al Comitetului Director al GRUI,\u00a0 a participat la segmentul la nivel \u00eenalt al Forumului politic al ONU privind dezvoltarea durabil\u0103 (HLPF2025), precum \u0219i la alte reuniuni organizate \u00een marja acestuia. Vicepre\u0219edintele GRUI a f\u0103cut parte din delega\u021bia Rom\u00e2niei la HLPF . Tema HLPF2025 s-a [&hellip;]<\/p>\n","protected":false},"author":4,"featured_media":0,"comment_status":"closed","ping_status":"open","sticky":false,"template":"","format":"standard","meta":{"ngg_post_thumbnail":0,"footnotes":""},"categories":[3],"tags":[],"class_list":["post-2874","post","type-post","status-publish","format-standard","hentry","category-participare"],"_links":{"self":[{"href":"https:\/\/sites.senat.ro\/index.php?rest_route=\/wp\/v2\/posts\/2874","targetHints":{"allow":["GET"]}}],"collection":[{"href":"https:\/\/sites.senat.ro\/index.php?rest_route=\/wp\/v2\/posts"}],"about":[{"href":"https:\/\/sites.senat.ro\/index.php?rest_route=\/wp\/v2\/types\/post"}],"author":[{"embeddable":true,"href":"https:\/\/sites.senat.ro\/index.php?rest_route=\/wp\/v2\/users\/4"}],"replies":[{"embeddable":true,"href":"https:\/\/sites.senat.ro\/index.php?rest_route=%2Fwp%2Fv2%2Fcomments&post=2874"}],"version-history":[{"count":9,"href":"https:\/\/sites.senat.ro\/index.php?rest_route=\/wp\/v2\/posts\/2874\/revisions"}],"predecessor-version":[{"id":2887,"href":"https:\/\/sites.senat.ro\/index.php?rest_route=\/wp\/v2\/posts\/2874\/revisions\/2887"}],"wp:attachment":[{"href":"https:\/\/sites.senat.ro\/index.php?rest_route=%2Fwp%2Fv2%2Fmedia&parent=2874"}],"wp:term":[{"taxonomy":"category","embeddable":true,"href":"https:\/\/sites.senat.ro\/index.php?rest_route=%2Fwp%2Fv2%2Fcategories&post=2874"},{"taxonomy":"post_tag","embeddable":true,"href":"https:\/\/sites.senat.ro\/index.php?rest_route=%2Fwp%2Fv2%2Ftags&post=2874"}],"curies":[{"name":"wp","href":"https:\/\/api.w.org\/{rel}","templated":true}]}}