{"id":2810,"date":"2025-07-21T09:37:33","date_gmt":"2025-07-21T09:37:33","guid":{"rendered":"https:\/\/sites.senat.ro\/?p=2810"},"modified":"2025-07-21T06:37:44","modified_gmt":"2025-07-21T06:37:44","slug":"februarie-iulie-2025","status":"publish","type":"post","link":"https:\/\/sites.senat.ro\/?p=2810","title":{"rendered":"FEBRUARIE \u2013 IULIE 2025"},"content":{"rendered":"<p><img loading=\"lazy\" decoding=\"async\" class=\"size-full wp-image-2813 alignleft\" src=\"https:\/\/sites.senat.ro\/wp-content\/uploads\/2025\/07\/lituania.gif\" alt=\"\" width=\"120\" height=\"82\" \/>16 iunie &#8211; \u00centrevederea deputatului Costel Neculai Dunava, pre\u0219edintele Grupului parlamentar de prietenie Rom\u00e2nia &#8211; Republica Lituania, cu E.S. Arturas Zurauskas, ambasadorul Republicii Lituania \u00een Rom\u00e2nia<\/p>\n<p>&nbsp;<\/p>\n<p><img loading=\"lazy\" decoding=\"async\" class=\"size-full wp-image-2814 alignleft\" src=\"https:\/\/sites.senat.ro\/wp-content\/uploads\/2025\/07\/islanda.gif\" alt=\"\" width=\"125\" height=\"81\" \/>3 iunie &#8211; \u00centrevederea deputatei Monica-Elena Berescu, pre\u015fedinta Grupului parlamentar de prietenie Rom\u00e2nia &#8211; Islanda, cu Georgiana Pogonaru, consul onorific al Islandei \u00een Rom\u00e2nia<\/p>\n<p>&nbsp;<\/p>\n<p><img loading=\"lazy\" decoding=\"async\" class=\"size-full wp-image-2815 alignleft\" src=\"https:\/\/sites.senat.ro\/wp-content\/uploads\/2025\/07\/argentina.gif\" alt=\"\" width=\"123\" height=\"82\" \/>29 mai &#8211; Participarea deputatului Claudiu N\u0103sui, membru al Grupului parlamentar de prietenie Rom\u00e2nia &#8211; Republica Argentina, la \u00eentrevederea senatoarei Adelina Dobra, pre\u0219edinta Comisiei pentru \u00eenv\u0103\u021b\u0103m\u00e2nt, \u0219tiin\u021b\u0103 \u0219i inovare a Senatului, cu E.S. Carlos Alejandro Poffo, ambasadorul Republicii Argentina \u00een Rom\u00e2nia<\/p>\n<p>&nbsp;<\/p>\n<p><img loading=\"lazy\" decoding=\"async\" class=\"size-full wp-image-2816 alignleft\" src=\"https:\/\/sites.senat.ro\/wp-content\/uploads\/2025\/07\/siria.gif\" alt=\"\" width=\"123\" height=\"82\" \/>27 mai &#8211; \u00centrevederea deputatului C\u0103lin Florin Groza, pre\u015fedintele Grupului parlamentar de prietenie Rom\u00e2nia &#8211; Republica Arab\u0103 Sirian\u0103, cu Khaled Sharaf, \u00eens\u0103rcinat cu afaceri a.i. al Ambasadei Republicii Arabe Siriene \u00een Rom\u00e2nia<\/p>\n<p>&nbsp;<\/p>\n<p><img loading=\"lazy\" decoding=\"async\" class=\"size-full wp-image-2818 alignleft\" src=\"https:\/\/sites.senat.ro\/wp-content\/uploads\/2025\/07\/coreea.gif\" alt=\"\" width=\"123\" height=\"82\" \/>26 mai &#8211;\u00a0 \u00centrevederea deputatului Robert-Ionatan Sighiart\u0103u, pre\u015fedintele Grupului parlamentar de prietenie Rom\u00e2nia &#8211; Republica Coreea, \u0219i a membrilor Grupului, cu o delega\u0163ie a <em>Global Leadership<\/em>\u00a0<em>Program,\u00a0<\/em>de la Academia Coreean\u0103 Na\u0163ional\u0103 Diplomatic\u0103<\/p>\n<p>&nbsp;<\/p>\n<p><img loading=\"lazy\" decoding=\"async\" class=\" wp-image-2819 alignleft\" src=\"https:\/\/sites.senat.ro\/wp-content\/uploads\/2025\/07\/bangladesh-300x180.gif\" alt=\"\" width=\"119\" height=\"71\" srcset=\"https:\/\/sites.senat.ro\/wp-content\/uploads\/2025\/07\/bangladesh-300x180.gif 300w, https:\/\/sites.senat.ro\/wp-content\/uploads\/2025\/07\/bangladesh-1024x614.gif 1024w, https:\/\/sites.senat.ro\/wp-content\/uploads\/2025\/07\/bangladesh-768x461.gif 768w, https:\/\/sites.senat.ro\/wp-content\/uploads\/2025\/07\/bangladesh-732x439.gif 732w, https:\/\/sites.senat.ro\/wp-content\/uploads\/2025\/07\/bangladesh-1140x684.gif 1140w\" sizes=\"auto, (max-width: 119px) 100vw, 119px\" \/>22 mai &#8211; \u00centrevederea deputatului C\u0103lin Florin Groza, pre\u015fedintele Grupului parlamentar de prietenie Rom\u00e2nia &#8211; Republica Popular\u0103 Bangladesh, cu E.S. Shahnaz Gazi, ambasadorul Republicii Populare Bangladesh \u00een Rom\u00e2nia<\/p>\n<p>&nbsp;<\/p>\n<p><img loading=\"lazy\" decoding=\"async\" class=\"size-full wp-image-2820 alignleft\" src=\"https:\/\/sites.senat.ro\/wp-content\/uploads\/2025\/07\/japonia.gif\" alt=\"\" width=\"137\" height=\"82\" \/>30 aprilie &#8211; \u00cent\u00e2lnirea deputatului Remus-Gabriel Mihalcea, pre\u015fedintele \u00a0Grupului parlamentar de prietenie Rom\u00e2nia &#8211; Japonia, \u015fi a deputatei Oana Murariu, secretara Grupului, cu E.S. domnul Katae Takashi, ambasadorul Japoniei \u00een Rom\u00e2nia<\/p>\n<p>&nbsp;<\/p>\n<p><img loading=\"lazy\" decoding=\"async\" class=\"size-full wp-image-2821 alignleft\" src=\"https:\/\/sites.senat.ro\/wp-content\/uploads\/2025\/07\/indonezia-1.gif\" alt=\"\" width=\"123\" height=\"82\" \/>29 aprilie &#8211; \u00centrevederea senatoarei Alexandra Presur\u0103, pre\u0219edinta Grupului parlamentar de prietenie Rom\u00e2nia &#8211; Republica Indonezia, \u0219i a membrilor Grupului, cu o\u00a0 delega\u021bie a \u00a0Grupului parlamentar de prietenie cu Rom\u00e2nia din Parlamentul indonezian, condus\u0103 de Ir. H. Sahidin, pre\u0219edintele Grupului<\/p>\n<p>&nbsp;<\/p>\n<p><img loading=\"lazy\" decoding=\"async\" class=\"size-full wp-image-2822 alignleft\" src=\"https:\/\/sites.senat.ro\/wp-content\/uploads\/2025\/07\/vietnam.gif\" alt=\"\" width=\"123\" height=\"82\" \/>24 aprilie &#8211; Participarea senatoarei Daniela \u0218tef\u0103nescu, membr\u0103 a Grupului parlamentar de prietenie Rom\u00e2nia \u2013 RS Vietnam, \u00a0la evenimentul cu tema <em>Ziua oportunit\u0103\u021bilor de afaceri cu Vietnam<\/em>, organizat de Ambasada Republicii Socialiste Vietnam \u00een Rom\u00e2nia<\/p>\n<p>&nbsp;<\/p>\n<p><img loading=\"lazy\" decoding=\"async\" class=\"size-full wp-image-2823 alignleft\" src=\"https:\/\/sites.senat.ro\/wp-content\/uploads\/2025\/07\/chile.gif\" alt=\"\" width=\"121\" height=\"80\" \/>24 aprilie<em> &#8211;\u00a0<\/em>\u00centrevederea deputatei Cristina-M\u0103d\u0103lina Prun\u0103, pre\u015fedinta Grupului parlamentar de prietenie Rom\u00e2nia \u2013 Republica Chile, cu E.S. Julio Antonio Bravo Iubini, ambasadorul Republicii Chile \u00een Rom\u00e2nia<\/p>\n<p>&nbsp;<\/p>\n<p><img loading=\"lazy\" decoding=\"async\" class=\"size-full wp-image-2824 alignleft\" src=\"https:\/\/sites.senat.ro\/wp-content\/uploads\/2025\/07\/germania.gif\" alt=\"\" width=\"137\" height=\"82\" \/>15 aprilie &#8211; \u00cent\u00e2lnirea senatorului Aurel-George Mohan, pre\u0219edintele Grupului parlamentar de prietenie Rom\u00e2nia \u2013 RF Germania, cu \u00a0E.S. Peer Gebauer, ambasadorul Republicii Federale Germania \u00een Rom\u00e2nia<\/p>\n<p>&nbsp;<\/p>\n<p><img loading=\"lazy\" decoding=\"async\" class=\"size-full wp-image-2825 alignleft\" src=\"https:\/\/sites.senat.ro\/wp-content\/uploads\/2025\/07\/indonezia.gif\" alt=\"\" width=\"123\" height=\"82\" \/>15 aprilie &#8211; \u00centrevederea senatoarei Alexandra Presur\u0103,\u00a0 pre\u0219edinta\u00a0 Grupului parlamentar de prietenie Rom\u00e2nia &#8211; Republica Indonezia, cu\u00a0 E. S. Meidyatama Suryodiningrat, ambasadorul Republicii Indonezia \u00een Rom\u00e2nia<\/p>\n<p>&nbsp;<\/p>\n","protected":false},"excerpt":{"rendered":"<p>16 iunie &#8211; \u00centrevederea deputatului Costel Neculai Dunava, pre\u0219edintele Grupului parlamentar de prietenie Rom\u00e2nia &#8211; Republica Lituania, cu E.S. Arturas Zurauskas, ambasadorul Republicii Lituania \u00een Rom\u00e2nia &nbsp; 3 iunie &#8211; \u00centrevederea deputatei Monica-Elena Berescu, pre\u015fedinta Grupului parlamentar de prietenie Rom\u00e2nia &#8211; Islanda, cu Georgiana Pogonaru, consul onorific al Islandei \u00een Rom\u00e2nia &nbsp; 29 mai &#8211; [&hellip;]<\/p>\n","protected":false},"author":4,"featured_media":0,"comment_status":"closed","ping_status":"open","sticky":false,"template":"","format":"standard","meta":{"ngg_post_thumbnail":0,"footnotes":""},"categories":[8,1],"tags":[],"class_list":["post-2810","post","type-post","status-publish","format-standard","hentry","category-intrevederi","category-prietenie"],"_links":{"self":[{"href":"https:\/\/sites.senat.ro\/index.php?rest_route=\/wp\/v2\/posts\/2810","targetHints":{"allow":["GET"]}}],"collection":[{"href":"https:\/\/sites.senat.ro\/index.php?rest_route=\/wp\/v2\/posts"}],"about":[{"href":"https:\/\/sites.senat.ro\/index.php?rest_route=\/wp\/v2\/types\/post"}],"author":[{"embeddable":true,"href":"https:\/\/sites.senat.ro\/index.php?rest_route=\/wp\/v2\/users\/4"}],"replies":[{"embeddable":true,"href":"https:\/\/sites.senat.ro\/index.php?rest_route=%2Fwp%2Fv2%2Fcomments&post=2810"}],"version-history":[{"count":6,"href":"https:\/\/sites.senat.ro\/index.php?rest_route=\/wp\/v2\/posts\/2810\/revisions"}],"predecessor-version":[{"id":2959,"href":"https:\/\/sites.senat.ro\/index.php?rest_route=\/wp\/v2\/posts\/2810\/revisions\/2959"}],"wp:attachment":[{"href":"https:\/\/sites.senat.ro\/index.php?rest_route=%2Fwp%2Fv2%2Fmedia&parent=2810"}],"wp:term":[{"taxonomy":"category","embeddable":true,"href":"https:\/\/sites.senat.ro\/index.php?rest_route=%2Fwp%2Fv2%2Fcategories&post=2810"},{"taxonomy":"post_tag","embeddable":true,"href":"https:\/\/sites.senat.ro\/index.php?rest_route=%2Fwp%2Fv2%2Ftags&post=2810"}],"curies":[{"name":"wp","href":"https:\/\/api.w.org\/{rel}","templated":true}]}}