{"id":2807,"date":"2025-06-21T10:35:05","date_gmt":"2025-06-21T10:35:05","guid":{"rendered":"https:\/\/sites.senat.ro\/?p=2807"},"modified":"2025-07-21T06:35:21","modified_gmt":"2025-07-21T06:35:21","slug":"ghidul-examinarea-legislativa-din-prisma-odd","status":"publish","type":"post","link":"https:\/\/sites.senat.ro\/?p=2807","title":{"rendered":"Ghidul Examinarea legislativ\u0103 din prisma ODD"},"content":{"rendered":"<p><img loading=\"lazy\" decoding=\"async\" class=\"size-medium wp-image-2797 alignleft\" src=\"https:\/\/sites.senat.ro\/wp-content\/uploads\/2025\/07\/SDG-212x300.jpg\" alt=\"\" width=\"212\" height=\"300\" srcset=\"https:\/\/sites.senat.ro\/wp-content\/uploads\/2025\/07\/SDG-212x300.jpg 212w, https:\/\/sites.senat.ro\/wp-content\/uploads\/2025\/07\/SDG.jpg 259w\" sizes=\"auto, (max-width: 212px) 100vw, 212px\" \/>Setul de instrumente destinat parlamentelor, membrilor acestora, personalului parlamentar \u0219i altor p\u0103r\u021bi interesate, ofer\u0103 orient\u0103ri necesare pentru alinierea legisla\u021biei \u00een conformitate cu Obiectivele de Dezvoltare Durabil\u0103 (ODD) \u0219i pentru stabilirea obiectivelor de monitorizare \u0219i \u00eembun\u0103t\u0103\u021bire a comunic\u0103rii, \u00een interiorul \u0219i \u00een afara parlamentului. \u00cen cadrul con\u021binutului, pot fi consultate o serie de studii de caz care ilustreaz\u0103 modul \u00een care actele normative privind eradicarea s\u0103r\u0103ciei sau combaterea schimb\u0103rilor climatice pot fi corelate cu ODD-urile, pentru a r\u0103spunde unor nevoi diverse.<\/p>\n<p>Informa\u021biile complete ale publica\u021biei sunt disponibile <a href=\"https:\/\/www.ipu.org\/resources\/publications\/toolkits\/2025-01\/sdg-informed-legislative-scrutiny\">aici<\/a>.<\/p>\n","protected":false},"excerpt":{"rendered":"<p>Setul de instrumente destinat parlamentelor, membrilor acestora, personalului parlamentar \u0219i altor p\u0103r\u021bi interesate, ofer\u0103 orient\u0103ri necesare pentru alinierea legisla\u021biei \u00een conformitate cu Obiectivele de Dezvoltare Durabil\u0103 (ODD) \u0219i pentru stabilirea obiectivelor de monitorizare \u0219i \u00eembun\u0103t\u0103\u021bire a comunic\u0103rii, \u00een interiorul \u0219i \u00een afara parlamentului. \u00cen cadrul con\u021binutului, pot fi consultate o serie de studii de caz [&hellip;]<\/p>\n","protected":false},"author":4,"featured_media":0,"comment_status":"closed","ping_status":"open","sticky":false,"template":"","format":"standard","meta":{"ngg_post_thumbnail":0,"footnotes":""},"categories":[6,2],"tags":[],"class_list":["post-2807","post","type-post","status-publish","format-standard","hentry","category-publicatii","category-repere"],"_links":{"self":[{"href":"https:\/\/sites.senat.ro\/index.php?rest_route=\/wp\/v2\/posts\/2807","targetHints":{"allow":["GET"]}}],"collection":[{"href":"https:\/\/sites.senat.ro\/index.php?rest_route=\/wp\/v2\/posts"}],"about":[{"href":"https:\/\/sites.senat.ro\/index.php?rest_route=\/wp\/v2\/types\/post"}],"author":[{"embeddable":true,"href":"https:\/\/sites.senat.ro\/index.php?rest_route=\/wp\/v2\/users\/4"}],"replies":[{"embeddable":true,"href":"https:\/\/sites.senat.ro\/index.php?rest_route=%2Fwp%2Fv2%2Fcomments&post=2807"}],"version-history":[{"count":2,"href":"https:\/\/sites.senat.ro\/index.php?rest_route=\/wp\/v2\/posts\/2807\/revisions"}],"predecessor-version":[{"id":2828,"href":"https:\/\/sites.senat.ro\/index.php?rest_route=\/wp\/v2\/posts\/2807\/revisions\/2828"}],"wp:attachment":[{"href":"https:\/\/sites.senat.ro\/index.php?rest_route=%2Fwp%2Fv2%2Fmedia&parent=2807"}],"wp:term":[{"taxonomy":"category","embeddable":true,"href":"https:\/\/sites.senat.ro\/index.php?rest_route=%2Fwp%2Fv2%2Fcategories&post=2807"},{"taxonomy":"post_tag","embeddable":true,"href":"https:\/\/sites.senat.ro\/index.php?rest_route=%2Fwp%2Fv2%2Ftags&post=2807"}],"curies":[{"name":"wp","href":"https:\/\/api.w.org\/{rel}","templated":true}]}}