{"id":2793,"date":"2025-06-21T13:36:08","date_gmt":"2025-06-21T13:36:08","guid":{"rendered":"https:\/\/sites.senat.ro\/?p=2793"},"modified":"2025-07-21T06:36:20","modified_gmt":"2025-07-21T06:36:20","slug":"raportul-parlamentar-privind-religia-si-credinta-catre-societati-mai-pasnice-si-mai-favorabile-incluziunii","status":"publish","type":"post","link":"https:\/\/sites.senat.ro\/?p=2793","title":{"rendered":"Raportul parlamentar privind religia \u0219i credin\u021ba &#8211; c\u0103tre societ\u0103\u021bi mai pa\u0219nice \u0219i mai favorabile incluziunii"},"content":{"rendered":"<p><img loading=\"lazy\" decoding=\"async\" class=\"size-medium wp-image-2796 alignleft\" src=\"https:\/\/sites.senat.ro\/wp-content\/uploads\/2025\/07\/Religia-224x300.jpg\" alt=\"\" width=\"224\" height=\"300\" srcset=\"https:\/\/sites.senat.ro\/wp-content\/uploads\/2025\/07\/Religia-224x300.jpg 224w, https:\/\/sites.senat.ro\/wp-content\/uploads\/2025\/07\/Religia.jpg 294w\" sizes=\"auto, (max-width: 224px) 100vw, 224px\" \/>Partea a doua a Raportului parlamentar privind religia \u0219i credin\u021ba examineaz\u0103 rela\u021bia dintre parlamente, parlamentari, religie \u0219i credin\u021b\u0103, pentru promovarea unor societ\u0103\u021bi mai pa\u0219nice, mai juste \u0219i mai favorabile incluziunii. Publica\u021bia analizeaz\u0103 modul \u00een care dialogul dintre factorii de decizie politic\u0103 \u0219i autorit\u0103\u021bile religioase poate contribui la respectarea statului de drept, a drepturilor omului \u0219i a democra\u021biei, \u00een conformitate cu obiectivele \u0219i politicile UIP.<\/p>\n<p>Prima parte a Raportului, publicat\u0103 \u00een 2023, a pus accentul pe modul \u00een care parlamentele integreaz\u0103 religia \u0219i credin\u021ba la nivel institu\u021bional, prin legisla\u021bie, reprezentare, structuri parlamentare \u0219i mecanisme de consultare cu organiza\u021biile confesionale \u0219i cu publicul larg.<\/p>\n<p>Informa\u021biile complete ale\u00a0 raportului sunt disponibile <a href=\"https:\/\/www.ipu.org\/resources\/publications\/reports\/2025-06\/parliamentary-report-religion-and-belief-working-towards-more-peaceful-and-inclusive-societies\">aici<\/a>.<\/p>\n","protected":false},"excerpt":{"rendered":"<p>Partea a doua a Raportului parlamentar privind religia \u0219i credin\u021ba examineaz\u0103 rela\u021bia dintre parlamente, parlamentari, religie \u0219i credin\u021b\u0103, pentru promovarea unor societ\u0103\u021bi mai pa\u0219nice, mai juste \u0219i mai favorabile incluziunii. Publica\u021bia analizeaz\u0103 modul \u00een care dialogul dintre factorii de decizie politic\u0103 \u0219i autorit\u0103\u021bile religioase poate contribui la respectarea statului de drept, a drepturilor omului \u0219i [&hellip;]<\/p>\n","protected":false},"author":4,"featured_media":0,"comment_status":"closed","ping_status":"open","sticky":false,"template":"","format":"standard","meta":{"ngg_post_thumbnail":0,"footnotes":""},"categories":[6,2],"tags":[],"class_list":["post-2793","post","type-post","status-publish","format-standard","hentry","category-publicatii","category-repere"],"_links":{"self":[{"href":"https:\/\/sites.senat.ro\/index.php?rest_route=\/wp\/v2\/posts\/2793","targetHints":{"allow":["GET"]}}],"collection":[{"href":"https:\/\/sites.senat.ro\/index.php?rest_route=\/wp\/v2\/posts"}],"about":[{"href":"https:\/\/sites.senat.ro\/index.php?rest_route=\/wp\/v2\/types\/post"}],"author":[{"embeddable":true,"href":"https:\/\/sites.senat.ro\/index.php?rest_route=\/wp\/v2\/users\/4"}],"replies":[{"embeddable":true,"href":"https:\/\/sites.senat.ro\/index.php?rest_route=%2Fwp%2Fv2%2Fcomments&post=2793"}],"version-history":[{"count":2,"href":"https:\/\/sites.senat.ro\/index.php?rest_route=\/wp\/v2\/posts\/2793\/revisions"}],"predecessor-version":[{"id":2799,"href":"https:\/\/sites.senat.ro\/index.php?rest_route=\/wp\/v2\/posts\/2793\/revisions\/2799"}],"wp:attachment":[{"href":"https:\/\/sites.senat.ro\/index.php?rest_route=%2Fwp%2Fv2%2Fmedia&parent=2793"}],"wp:term":[{"taxonomy":"category","embeddable":true,"href":"https:\/\/sites.senat.ro\/index.php?rest_route=%2Fwp%2Fv2%2Fcategories&post=2793"},{"taxonomy":"post_tag","embeddable":true,"href":"https:\/\/sites.senat.ro\/index.php?rest_route=%2Fwp%2Fv2%2Ftags&post=2793"}],"curies":[{"name":"wp","href":"https:\/\/api.w.org\/{rel}","templated":true}]}}