{"id":2786,"date":"2025-06-28T06:36:28","date_gmt":"2025-06-28T06:36:28","guid":{"rendered":"https:\/\/sites.senat.ro\/?p=2786"},"modified":"2025-07-21T06:36:44","modified_gmt":"2025-07-21T06:36:44","slug":"segmentul-parlamentar-si-lucrarile-celui-de-al-20-lea-forum-al-natiunilor-unite-privind-guvernanta-internetului-lillestrom-norvegia-23-26-iunie-2025","status":"publish","type":"post","link":"https:\/\/sites.senat.ro\/?p=2786","title":{"rendered":"Segmentul parlamentar \u0219i lucr\u0103rile celui de-al 20-lea Forum al Na\u021biunilor Unite privind Guvernan\u021ba Internetului (Lillestr\u00f8m, Norvegia, 23-26 iunie 2025)"},"content":{"rendered":"<p>Sesiunea 2025 a\u00a0 Forumului Na\u021biunilor Unite privind Guvernan\u021ba Internetului (23-27 iunie a.c.) cu tema <em>Construind \u00eempreun\u0103 viitorul nostru digital, <\/em>a oferit principalilor actori \u00een domeniu &#8211; guverne, parlamente, organiza\u021bii interna\u021bionale, sectorul privat, comunitatea tehnic\u0103 \u0219i academic\u0103, societatea civil\u0103 &#8211; o platform\u0103 global\u0103 de dialog cu privire la domeniul digital \u0219i politicile referitoare la internet.<\/p>\n<p>Parlamentul Rom\u00e2niei a fost reprezentat de deputatele Laura Gherasim \u0219i Aurora-Tasica Simu, membre ale Comitetului Director al GRUI.<\/p>\n<p><img loading=\"lazy\" decoding=\"async\" class=\"size-medium wp-image-2789 aligncenter\" src=\"https:\/\/sites.senat.ro\/wp-content\/uploads\/2025\/07\/IGF_3-229x300.jpg\" alt=\"\" width=\"229\" height=\"300\" srcset=\"https:\/\/sites.senat.ro\/wp-content\/uploads\/2025\/07\/IGF_3-229x300.jpg 229w, https:\/\/sites.senat.ro\/wp-content\/uploads\/2025\/07\/IGF_3-780x1024.jpg 780w, https:\/\/sites.senat.ro\/wp-content\/uploads\/2025\/07\/IGF_3-768x1008.jpg 768w, https:\/\/sites.senat.ro\/wp-content\/uploads\/2025\/07\/IGF_3-1170x1536.jpg 1170w, https:\/\/sites.senat.ro\/wp-content\/uploads\/2025\/07\/IGF_3-732x961.jpg 732w, https:\/\/sites.senat.ro\/wp-content\/uploads\/2025\/07\/IGF_3-1140x1497.jpg 1140w, https:\/\/sites.senat.ro\/wp-content\/uploads\/2025\/07\/IGF_3.jpg 1560w\" sizes=\"auto, (max-width: 229px) 100vw, 229px\" \/><\/p>\n<p>Programul a inclus reuniuni plenare, ateliere, dezbateri interactive, forumuri deschise \u0219i paneluri pe teme precum: <em>rezilien\u021ba digital\u0103; inovare durabil\u0103 \u0219i responsabil\u0103; acces universal \u0219i drepturi digitale; cooperarea digital\u0103 global\u0103; inteligen\u021ba artificial\u0103 \u0219i viitorul muncii; siguran\u021ba copiilor \u00een era algoritmilor; WSIS+20 \u0219i rolul IGF.<\/em><\/p>\n<p>Segmentul parlamentar, component\u0103 esen\u021bial\u0103 a IGF, a fost organizat de UIP \u00een colaborare cu parlamentul \u021b\u0103rii gazd\u0103 \u0219i Departamentul ONU pentru Afaceri Economice \u0219i Sociale (UNDESA).<\/p>\n<p>Pe parcursul sesiunilor de dezbateri, parlamentarii au dialogat cu actorii cheie din domeniu pe subiecte privind: <em>frauda digital\u0103: impactul social al dezinform\u0103rii \u0219i erorilor online; asigurarea echilibrului: sus\u021binerea libert\u0103\u021bii de exprimare \u00een lupta \u00eempotriva criminalit\u0103\u021bii informatice; protejarea grupurilor vulnerabile \u00een mediul online; promovarea cooper\u0103rii digitale \u00eentre regiuni \u0219i actorii implica\u021bi; experien\u021be parlamentare: consolidarea practicilor \u00een domeniul politicilor digitale; protejarea democra\u021biei \u00een era digital\u0103: priorit\u0103\u021bi legislative \u0219i orient\u0103ri politice.<\/em><\/p>\n<p><img loading=\"lazy\" decoding=\"async\" class=\"alignnone size-medium wp-image-2788 aligncenter\" src=\"https:\/\/sites.senat.ro\/wp-content\/uploads\/2025\/07\/IGF_2-300x225.jpg\" alt=\"\" width=\"300\" height=\"225\" srcset=\"https:\/\/sites.senat.ro\/wp-content\/uploads\/2025\/07\/IGF_2-300x225.jpg 300w, https:\/\/sites.senat.ro\/wp-content\/uploads\/2025\/07\/IGF_2-1024x768.jpg 1024w, https:\/\/sites.senat.ro\/wp-content\/uploads\/2025\/07\/IGF_2-768x576.jpg 768w, https:\/\/sites.senat.ro\/wp-content\/uploads\/2025\/07\/IGF_2-1536x1152.jpg 1536w, https:\/\/sites.senat.ro\/wp-content\/uploads\/2025\/07\/IGF_2-732x549.jpg 732w, https:\/\/sites.senat.ro\/wp-content\/uploads\/2025\/07\/IGF_2-1140x855.jpg 1140w, https:\/\/sites.senat.ro\/wp-content\/uploads\/2025\/07\/IGF_2.jpg 2048w\" sizes=\"auto, (max-width: 300px) 100vw, 300px\" \/><\/p>\n<p><a href=\"https:\/\/www.ipu.org\/file\/21916\/download\"><em>Documentul final<\/em><\/a> al dezbaterilor reafirm\u0103 rolul esen\u021bial al unui internet deschis, liber \u0219i interoperabil \u0219i al tehnologiilor digitale \u00een promovarea dezvolt\u0103rii durabile, \u00eencurajarea inov\u0103rii, facilitarea transform\u0103rii digitale favorabile incluziunii \u0219i asigurarea emancip\u0103rii sociale, culturale \u0219i economice pentru to\u021bi. Totodat\u0103, reflect\u0103 angajamentul activ al parlamentarilor \u00een promovarea unei guvernan\u021be digitale eficiente prin stabilirea unor cadre juridice care protejeaz\u0103 cet\u0103\u021benii, precum \u0219i prin responsabilizarea guvernelor \u0219i a actorilor din domeniul digital \u00een fa\u021ba unor provoc\u0103ri tehnologice complexe \u0219i \u00een continu\u0103 evolu\u021bie.<\/p>\n<p style=\"text-align: center;\"><em>\u00a0<\/em><em>***<\/em><\/p>\n<p>Programul a inclus \u0219i o vizit\u0103 la parlamentul norvegian, ocazie cu care a avut loc o sesiune de dezbateri cu tema <em>Experien\u021ba parlamentului norvegian \u00een domeniul inteligen\u021bei artificiale<\/em>, \u00een deschiderea c\u0103reia s-a adresat participan\u021bilor prim-vicepre\u0219edintele parlamentului \u021b\u0103rii gazd\u0103, Svein Harberg.<\/p>\n<p><img loading=\"lazy\" decoding=\"async\" class=\"alignnone size-medium wp-image-2787 aligncenter\" src=\"https:\/\/sites.senat.ro\/wp-content\/uploads\/2025\/07\/IGF_1-225x300.jpg\" alt=\"\" width=\"225\" height=\"300\" srcset=\"https:\/\/sites.senat.ro\/wp-content\/uploads\/2025\/07\/IGF_1-225x300.jpg 225w, https:\/\/sites.senat.ro\/wp-content\/uploads\/2025\/07\/IGF_1-768x1024.jpg 768w, https:\/\/sites.senat.ro\/wp-content\/uploads\/2025\/07\/IGF_1-1152x1536.jpg 1152w, https:\/\/sites.senat.ro\/wp-content\/uploads\/2025\/07\/IGF_1-732x976.jpg 732w, https:\/\/sites.senat.ro\/wp-content\/uploads\/2025\/07\/IGF_1-1140x1520.jpg 1140w, https:\/\/sites.senat.ro\/wp-content\/uploads\/2025\/07\/IGF_1.jpg 1536w\" sizes=\"auto, (max-width: 225px) 100vw, 225px\" \/><\/p>\n","protected":false},"excerpt":{"rendered":"<p>Sesiunea 2025 a\u00a0 Forumului Na\u021biunilor Unite privind Guvernan\u021ba Internetului (23-27 iunie a.c.) cu tema Construind \u00eempreun\u0103 viitorul nostru digital, a oferit principalilor actori \u00een domeniu &#8211; guverne, parlamente, organiza\u021bii interna\u021bionale, sectorul privat, comunitatea tehnic\u0103 \u0219i academic\u0103, societatea civil\u0103 &#8211; o platform\u0103 global\u0103 de dialog cu privire la domeniul digital \u0219i politicile referitoare la internet. Parlamentul [&hellip;]<\/p>\n","protected":false},"author":4,"featured_media":0,"comment_status":"closed","ping_status":"open","sticky":false,"template":"","format":"standard","meta":{"ngg_post_thumbnail":0,"footnotes":""},"categories":[3],"tags":[],"class_list":["post-2786","post","type-post","status-publish","format-standard","hentry","category-participare"],"_links":{"self":[{"href":"https:\/\/sites.senat.ro\/index.php?rest_route=\/wp\/v2\/posts\/2786","targetHints":{"allow":["GET"]}}],"collection":[{"href":"https:\/\/sites.senat.ro\/index.php?rest_route=\/wp\/v2\/posts"}],"about":[{"href":"https:\/\/sites.senat.ro\/index.php?rest_route=\/wp\/v2\/types\/post"}],"author":[{"embeddable":true,"href":"https:\/\/sites.senat.ro\/index.php?rest_route=\/wp\/v2\/users\/4"}],"replies":[{"embeddable":true,"href":"https:\/\/sites.senat.ro\/index.php?rest_route=%2Fwp%2Fv2%2Fcomments&post=2786"}],"version-history":[{"count":2,"href":"https:\/\/sites.senat.ro\/index.php?rest_route=\/wp\/v2\/posts\/2786\/revisions"}],"predecessor-version":[{"id":2791,"href":"https:\/\/sites.senat.ro\/index.php?rest_route=\/wp\/v2\/posts\/2786\/revisions\/2791"}],"wp:attachment":[{"href":"https:\/\/sites.senat.ro\/index.php?rest_route=%2Fwp%2Fv2%2Fmedia&parent=2786"}],"wp:term":[{"taxonomy":"category","embeddable":true,"href":"https:\/\/sites.senat.ro\/index.php?rest_route=%2Fwp%2Fv2%2Fcategories&post=2786"},{"taxonomy":"post_tag","embeddable":true,"href":"https:\/\/sites.senat.ro\/index.php?rest_route=%2Fwp%2Fv2%2Ftags&post=2786"}],"curies":[{"name":"wp","href":"https:\/\/api.w.org\/{rel}","templated":true}]}}