{"id":2780,"date":"2025-06-21T09:37:01","date_gmt":"2025-06-21T09:37:01","guid":{"rendered":"https:\/\/sites.senat.ro\/?p=2780"},"modified":"2025-07-21T06:37:28","modified_gmt":"2025-07-21T06:37:28","slug":"cea-de-a-doua-conferinta-parlamentara-privind-dialogul-interconfesional-roma-19-21-iunie-2025","status":"publish","type":"post","link":"https:\/\/sites.senat.ro\/?p=2780","title":{"rendered":"Cea de-a doua Conferin\u021b\u0103 parlamentar\u0103 privind dialogul interconfesional (Roma, 19-21 iunie 2025)"},"content":{"rendered":"<p>Evenimentul a reunit sute de parlamentari, lideri religio\u0219i, oficiali ONU, reprezentan\u021bi ai societ\u0103\u021bii civile \u0219i exper\u021bi interna\u021bionali din 60 de \u021b\u0103ri.<\/p>\n<p>Din delega\u021bia GRUI condus\u0103 de senatorul Ioan Stan, pre\u0219edintele GRUI, au f\u0103cut parte senatorul Daniel-C\u0103t\u0103lin Zamfir, deputata Viorica Sandu\u00a0 \u0219i deputatul Ion-Marcel Vela, membri ai Comitetului Director al GRUI.<\/p>\n<p><img loading=\"lazy\" decoding=\"async\" class=\"size-medium wp-image-2781 aligncenter\" src=\"https:\/\/sites.senat.ro\/wp-content\/uploads\/2025\/07\/Foto-1-Roma-300x260.jpg\" alt=\"\" width=\"300\" height=\"260\" srcset=\"https:\/\/sites.senat.ro\/wp-content\/uploads\/2025\/07\/Foto-1-Roma-300x260.jpg 300w, https:\/\/sites.senat.ro\/wp-content\/uploads\/2025\/07\/Foto-1-Roma-1024x887.jpg 1024w, https:\/\/sites.senat.ro\/wp-content\/uploads\/2025\/07\/Foto-1-Roma-768x665.jpg 768w, https:\/\/sites.senat.ro\/wp-content\/uploads\/2025\/07\/Foto-1-Roma-1536x1330.jpg 1536w, https:\/\/sites.senat.ro\/wp-content\/uploads\/2025\/07\/Foto-1-Roma-2048x1774.jpg 2048w, https:\/\/sites.senat.ro\/wp-content\/uploads\/2025\/07\/Foto-1-Roma-732x634.jpg 732w, https:\/\/sites.senat.ro\/wp-content\/uploads\/2025\/07\/Foto-1-Roma-1140x987.jpg 1140w\" sizes=\"auto, (max-width: 300px) 100vw, 300px\" \/><\/p>\n<p>Programul a inclus o dezbatere general\u0103 cu tema <em>Parlamentarii \u00een dialog cu religia \u0219i credin\u021bele: Consolidarea \u00eencrederii \u0219i \u00eencurajarea speran\u021bei pentru viitorul nostru comun <\/em>\u0219i dezbateri-panel privind: <em>Promovarea coexisten\u021bei pa\u0219nice; <\/em><em>Lec\u021bii \u00eenv\u0103\u021bate din Declara\u021bia de la Marrakech: ap\u0103rarea drepturilor minorit\u0103\u021bilor religioase; Combaterea urii bazate pe religie sau credin\u021be; Consolidarea societ\u0103\u021bilor incluzive, asigurarea libert\u0103\u021bii religioase sau de credin\u021b\u0103<\/em>; <em>Promovarea conducerii etice la toate nivelurile, investi\u021bia \u00een educa\u021bia pentru pace<\/em>; <em>Dialogul interconfesional \u00een sprijinul integr\u0103rii femeilor \u00een via\u021ba public\u0103<\/em>; <em>Promovarea solidarit\u0103\u021bii pentru persoanele aflate \u00een situa\u021bii vulnerabile<\/em>.<\/p>\n<p>Pe parcursul celor dou\u0103 zile de dezbateri, au fost examinate principalele provoc\u0103ri care stau \u00een calea coexisten\u021bei durabile \u0219i au fost identificate posibile ac\u021biuni prin care parlamentarii, prin dialog \u0219i cooperare cu liderii religio\u0219i \u0219i cu al\u021bi actori relevan\u021bi, le pot \u00eentreprinde\u00a0 pentru dezvoltarea unor societ\u0103\u021bi pa\u0219nice \u0219i incluzive. Participan\u021bii au avut oportunitatea unui schimb de bune practici cu privire la modul \u00een care angajamentul parlamentar fa\u021b\u0103 de religie \u0219i credin\u021b\u0103 poate promova societ\u0103\u021bi mai pa\u0219nice, mai drepte \u0219i mai incluzive, prin consolidarea \u00eencrederii \u00eentre parlamente \u0219i societate \u00een general, prin consolidarea leg\u0103turilor sociale \u0219i prin promovarea speran\u021bei \u00een perioadele turbulente.<\/p>\n<p><img loading=\"lazy\" decoding=\"async\" class=\"alignnone size-medium wp-image-2782 aligncenter\" src=\"https:\/\/sites.senat.ro\/wp-content\/uploads\/2025\/07\/Foto-2-Roma-300x219.jpg\" alt=\"\" width=\"300\" height=\"219\" srcset=\"https:\/\/sites.senat.ro\/wp-content\/uploads\/2025\/07\/Foto-2-Roma-300x219.jpg 300w, https:\/\/sites.senat.ro\/wp-content\/uploads\/2025\/07\/Foto-2-Roma-1024x747.jpg 1024w, https:\/\/sites.senat.ro\/wp-content\/uploads\/2025\/07\/Foto-2-Roma-768x560.jpg 768w, https:\/\/sites.senat.ro\/wp-content\/uploads\/2025\/07\/Foto-2-Roma-1536x1120.jpg 1536w, https:\/\/sites.senat.ro\/wp-content\/uploads\/2025\/07\/Foto-2-Roma-2048x1494.jpg 2048w, https:\/\/sites.senat.ro\/wp-content\/uploads\/2025\/07\/Foto-2-Roma-732x534.jpg 732w, https:\/\/sites.senat.ro\/wp-content\/uploads\/2025\/07\/Foto-2-Roma-1140x831.jpg 1140w\" sizes=\"auto, (max-width: 300px) 100vw, 300px\" \/><\/p>\n<p>La finalul conferin\u021bei, participan\u021bii au adoptat <a href=\"https:\/\/www.ipu.org\/file\/21869\/download\"><em>Comunicatul de la Roma<\/em><\/a>, document care eviden\u021biaz\u0103 importan\u021ba dialogului interconfesional \u0219i a colabor\u0103rii dintre parlamentari \u0219i liderii religio\u0219i \u00een abordarea provoc\u0103rilor majore ale lumii contemporane.<\/p>\n<p>&nbsp;<\/p>\n<p><strong>\u00a0\u00a0\u00a0\u00a0\u00a0\u00a0\u00a0\u00a0\u00a0\u00a0\u00a0\u00a0\u00a0\u00a0\u00a0\u00a0\u00a0\u00a0\u00a0\u00a0\u00a0\u00a0\u00a0\u00a0\u00a0\u00a0\u00a0\u00a0\u00a0\u00a0\u00a0\u00a0\u00a0\u00a0\u00a0\u00a0\u00a0\u00a0\u00a0\u00a0\u00a0\u00a0\u00a0\u00a0\u00a0\u00a0\u00a0\u00a0\u00a0\u00a0\u00a0\u00a0\u00a0\u00a0\u00a0\u00a0\u00a0\u00a0\u00a0\u00a0\u00a0\u00a0\u00a0\u00a0\u00a0\u00a0\u00a0\u00a0\u00a0\u00a0\u00a0 ***<\/strong><\/p>\n<p>\u00cen ziua de 21 iunie a.c., participan\u021bii au fost primi\u021bi \u00een audien\u021b\u0103 la Vatican, de Sanctitatea Sa Papa Leon al XIV-lea. \u00cen discursul s\u0103u, Sanctitatea Sa a eviden\u021biat importan\u021ba urm\u0103ririi binelui comunit\u0103\u021bii, a binelui comun, inclusiv prin ap\u0103rarea categoriilor vulnerabile \u0219i a celor marginalizate \u0219i a subliniat importan\u021ba libert\u0103\u021bii religioase \u0219i a dialogului interreligios, pentru dezvoltarea unei rela\u021bii constructive \u0219i de respect, \u00eentre diferitele comunit\u0103\u021bi religioase. \u00cen \u00eencheierea interven\u021biei sale, Sanctitatea Sa a pus accent pe utilizarea inteligen\u021bei artificiale pentru promovarea unui stil de via\u021b\u0103 s\u0103n\u0103tos \u0219i corect, \u00een special pentru binele genera\u021biilor viitoare.\u201dNu trebuie uitat c\u0103 inteligen\u021ba artificial\u0103 func\u021bioneaz\u0103 ca un instrument pentru binele fiin\u021belor umane, nu pentru a le diminua, nu pentru a le \u00eenlocui. Este o provocare semnificativ\u0103, una care necesit\u0103 o mare aten\u021bie \u0219i previziune pentru a proiecta, inclusiv \u00een contextul unor scenarii noi, stiluri de via\u021b\u0103 s\u0103n\u0103toase, corecte \u0219i s\u0103n\u0103toase, \u00een special pentru binele genera\u021biilor tinere\u201d.<\/p>\n<p><img loading=\"lazy\" decoding=\"async\" class=\"alignnone size-medium wp-image-2783 aligncenter\" src=\"https:\/\/sites.senat.ro\/wp-content\/uploads\/2025\/07\/Foto-3-Roma-225x300.jpg\" alt=\"\" width=\"225\" height=\"300\" srcset=\"https:\/\/sites.senat.ro\/wp-content\/uploads\/2025\/07\/Foto-3-Roma-225x300.jpg 225w, https:\/\/sites.senat.ro\/wp-content\/uploads\/2025\/07\/Foto-3-Roma-768x1024.jpg 768w, https:\/\/sites.senat.ro\/wp-content\/uploads\/2025\/07\/Foto-3-Roma-1152x1536.jpg 1152w, https:\/\/sites.senat.ro\/wp-content\/uploads\/2025\/07\/Foto-3-Roma-1536x2048.jpg 1536w, https:\/\/sites.senat.ro\/wp-content\/uploads\/2025\/07\/Foto-3-Roma-732x976.jpg 732w, https:\/\/sites.senat.ro\/wp-content\/uploads\/2025\/07\/Foto-3-Roma-1140x1520.jpg 1140w, https:\/\/sites.senat.ro\/wp-content\/uploads\/2025\/07\/Foto-3-Roma-scaled.jpg 1920w\" sizes=\"auto, (max-width: 225px) 100vw, 225px\" \/><\/p>\n","protected":false},"excerpt":{"rendered":"<p>Evenimentul a reunit sute de parlamentari, lideri religio\u0219i, oficiali ONU, reprezentan\u021bi ai societ\u0103\u021bii civile \u0219i exper\u021bi interna\u021bionali din 60 de \u021b\u0103ri. Din delega\u021bia GRUI condus\u0103 de senatorul Ioan Stan, pre\u0219edintele GRUI, au f\u0103cut parte senatorul Daniel-C\u0103t\u0103lin Zamfir, deputata Viorica Sandu\u00a0 \u0219i deputatul Ion-Marcel Vela, membri ai Comitetului Director al GRUI. Programul a inclus o dezbatere [&hellip;]<\/p>\n","protected":false},"author":4,"featured_media":0,"comment_status":"closed","ping_status":"open","sticky":false,"template":"","format":"standard","meta":{"ngg_post_thumbnail":0,"footnotes":""},"categories":[3],"tags":[],"class_list":["post-2780","post","type-post","status-publish","format-standard","hentry","category-participare"],"_links":{"self":[{"href":"https:\/\/sites.senat.ro\/index.php?rest_route=\/wp\/v2\/posts\/2780","targetHints":{"allow":["GET"]}}],"collection":[{"href":"https:\/\/sites.senat.ro\/index.php?rest_route=\/wp\/v2\/posts"}],"about":[{"href":"https:\/\/sites.senat.ro\/index.php?rest_route=\/wp\/v2\/types\/post"}],"author":[{"embeddable":true,"href":"https:\/\/sites.senat.ro\/index.php?rest_route=\/wp\/v2\/users\/4"}],"replies":[{"embeddable":true,"href":"https:\/\/sites.senat.ro\/index.php?rest_route=%2Fwp%2Fv2%2Fcomments&post=2780"}],"version-history":[{"count":1,"href":"https:\/\/sites.senat.ro\/index.php?rest_route=\/wp\/v2\/posts\/2780\/revisions"}],"predecessor-version":[{"id":2784,"href":"https:\/\/sites.senat.ro\/index.php?rest_route=\/wp\/v2\/posts\/2780\/revisions\/2784"}],"wp:attachment":[{"href":"https:\/\/sites.senat.ro\/index.php?rest_route=%2Fwp%2Fv2%2Fmedia&parent=2780"}],"wp:term":[{"taxonomy":"category","embeddable":true,"href":"https:\/\/sites.senat.ro\/index.php?rest_route=%2Fwp%2Fv2%2Fcategories&post=2780"},{"taxonomy":"post_tag","embeddable":true,"href":"https:\/\/sites.senat.ro\/index.php?rest_route=%2Fwp%2Fv2%2Ftags&post=2780"}],"curies":[{"name":"wp","href":"https:\/\/api.w.org\/{rel}","templated":true}]}}