{"id":2759,"date":"2025-04-21T06:34:10","date_gmt":"2025-04-21T06:34:10","guid":{"rendered":"https:\/\/sites.senat.ro\/?p=2759"},"modified":"2025-07-21T07:09:23","modified_gmt":"2025-07-21T07:09:23","slug":"cea-de-a-150-a-adunare-a-uip-si-reuniunile-asociate-taskent-uzbekistan-4-9-aprilie-2025","status":"publish","type":"post","link":"https:\/\/sites.senat.ro\/?p=2759","title":{"rendered":"Cea de-a 150-a Adunare a UIP \u0219i reuniunile asociate (Ta\u0219kent, Uzbekistan, 4-9 aprilie 2025)"},"content":{"rendered":"<p><img loading=\"lazy\" decoding=\"async\" class=\"size-full wp-image-2762 alignleft\" src=\"https:\/\/sites.senat.ro\/wp-content\/uploads\/2025\/07\/150Adunare.jpg\" alt=\"\" width=\"236\" height=\"84\" \/>Sesiunea de prim\u0103var\u0103 a \u00eenregistrat un num\u0103r record de participan\u021bi, aproape 1400, \u00eentre care parlamentari \u0219i secretari generali de parlamente din 130 de \u021b\u0103ri, reprezentan\u021bi ai organiza\u021biilor parlamentare interna\u021bionale, ai ONU \u0219i ai altor organiza\u021bii \u0219i institu\u021bii interna\u021bionale, exper\u021bi, membri ai corpului diplomatic, ai societ\u0103\u021bii civile \u0219i ai mass-media. Potrivit statisticilor UIP, 37% dintre parlamentarii prezen\u021bi au fost femei.<\/p>\n<p>Din delega\u021bia GRUI, condus\u0103 de senatorul Ioan Stan, pre\u0219edintele GRUI, \u00a0au f\u0103cut parte: senatoarea Daniela \u0218tef\u0103nescu; deputatele Pollyanna-Hanellore Hangan, Andreea-Firu\u021ba Neac\u0219u; deputa\u021bii Adrian Solomon, Mikl\u00f3s Zolt\u00e1n \u0219i Mihai-Adrian \u021aiu, membri ai Comitetului Director al GRUI, \u0219i deputatul Varol Amet, membru al GRUI.<\/p>\n<p style=\"text-align: center;\">\u00a0 \u00a0<img loading=\"lazy\" decoding=\"async\" class=\"alignnone wp-image-2763\" src=\"https:\/\/sites.senat.ro\/wp-content\/uploads\/2025\/07\/150Adunare_foto1-300x145.jpg\" alt=\"\" width=\"372\" height=\"180\" srcset=\"https:\/\/sites.senat.ro\/wp-content\/uploads\/2025\/07\/150Adunare_foto1-300x145.jpg 300w, https:\/\/sites.senat.ro\/wp-content\/uploads\/2025\/07\/150Adunare_foto1.jpg 676w\" sizes=\"auto, (max-width: 372px) 100vw, 372px\" \/>\u00a0 \u00a0 \u00a0<img loading=\"lazy\" decoding=\"async\" class=\"alignnone wp-image-2764\" src=\"https:\/\/sites.senat.ro\/wp-content\/uploads\/2025\/07\/150Adunare_foto2-300x150.jpg\" alt=\"\" width=\"372\" height=\"186\" srcset=\"https:\/\/sites.senat.ro\/wp-content\/uploads\/2025\/07\/150Adunare_foto2-300x150.jpg 300w, https:\/\/sites.senat.ro\/wp-content\/uploads\/2025\/07\/150Adunare_foto2.jpg 651w\" sizes=\"auto, (max-width: 372px) 100vw, 372px\" \/><\/p>\n<p>\u00cen cadrul dezbaterii generale cu tema <em>Ac\u021biune parlamentar\u0103 pentru dezvoltare social\u0103 \u0219i justi\u021bie<\/em>, participan\u021bii au eviden\u021biat necesitatea re\u00eennoirii eforturilor pentru a r\u0103spunde provoc\u0103rilor sociale actuale \u0219i realiz\u0103rii agendei globale de dezvoltare durabil\u0103, adoptat\u0103 acum 30 de ani.<\/p>\n<p><img loading=\"lazy\" decoding=\"async\" class=\" wp-image-2765 alignleft\" src=\"https:\/\/sites.senat.ro\/wp-content\/uploads\/2025\/07\/150Adunare_foto3-300x225.jpg\" alt=\"\" width=\"263\" height=\"197\" srcset=\"https:\/\/sites.senat.ro\/wp-content\/uploads\/2025\/07\/150Adunare_foto3-300x225.jpg 300w, https:\/\/sites.senat.ro\/wp-content\/uploads\/2025\/07\/150Adunare_foto3.jpg 651w\" sizes=\"auto, (max-width: 263px) 100vw, 263px\" \/>\u00cen interven\u021bia sa din plenul Adun\u0103rii, deputata Pollyanna-Hanellore Hangan a f\u0103cut referire la demersurile legislativului rom\u00e2n \u00een sprijinul politicilor pentru protec\u021bia social\u0103 a grupurilor vulnerabile \u0219i la foaia de parcurs pentru locuri de munc\u0103 de calitate \u0219i tranzi\u021biile verde \u0219i digital\u0103. A prezentat avantajele Pilonului European al Drepturilor Sociale, destinat \u00eembun\u0103t\u0103\u021birii condi\u021biilor de trai \u0219i de munc\u0103 din \u00eentreaga Uniune, care include, printre altele, analiza impactului digitaliz\u0103rii \u0219i a inteligen\u021bei artificiale asupra pie\u021bei muncii. \u00cen contextul colabor\u0103rii cu partenerii europeni, a subliniat introducerea de c\u0103tre \u021bara noastr\u0103 a salariului minim european, \u00een completarea politicilor na\u021bionale deja existente, \u0219i a accentuat nevoia urgent\u0103 de formare profesional\u0103, adaptat\u0103 noii economii. \u00cen ceea ce prive\u0219te reformele la nivel na\u021bional, a dat exemplu Hub-ul pentru servicii digitale \u00een domeniul asisten\u021bei sociale, care va asigura interoperabilitatea sistemelor informatice la toate nivelurile. \u201eAceste reforme, sprijinite de parlament, vor contribui la modernizarea asisten\u021bei sociale, av\u00e2nd ca scop \u00eembun\u0103t\u0103\u021birea calit\u0103\u021bii vie\u021bii, reducerea s\u0103r\u0103ciei \u0219i promovarea incluziunii sociale\u201d, a transmis parlamentarul rom\u00e2n. Totodat\u0103, reprezentanta GRUI s-a referit la politicile na\u021bionale destinate grupurilor vulnerabile, preciz\u00e2nd c\u0103 se acord\u0103 o aten\u021bie sporit\u0103 combaterii s\u0103r\u0103ciei, prin strategii \u0219i planuri de ac\u021biune care vizeaz\u0103 \u00eembun\u0103t\u0103\u021birea accesului la locuin\u021be \u0219i sprijinirea persoanelor f\u0103r\u0103 ad\u0103post sau care se confrunt\u0103 cu condi\u021bii de munc\u0103 precare: \u201eaceste instrumente, al\u0103turi de reformele \u0219i strategiile deja incluse \u00een Planul Na\u021bional de Redresare \u0219i Rezilien\u021b\u0103 (PNRR), vor consolida serviciile publice \u0219i vor contribui la reducerea s\u0103r\u0103ciei \u0219i a excluziunii sociale\u201d, a subliniat deputata Pollyanna-Hanellore Hangan.<\/p>\n<p>Principalele recomand\u0103ri \u0219i concluzii ale dezbaterii generale au fost sintetizate \u00een <a href=\"https:\/\/www.ipu.org\/file\/21429\/download\"><em>Declara\u021bia de la Ta\u0219kent<\/em><\/a><em>, <\/em>adoptat\u0103 la finalul sesiunii.<\/p>\n<p>Adunarea a adoptat, de asemenea, dou\u0103 rezolu\u021bii privind <a href=\"https:\/\/www.ipu.org\/file\/21431\/download\"><em>Rolul parlamentelor \u00een promovarea solu\u021biei celor dou\u0103 state \u00een Palestina<\/em><\/a><em>, <\/em>respectiv, <a href=\"https:\/\/www.ipu.org\/file\/21433\/download\"><em>Strategii parlamentare pentru atenuarea efectelor de durat\u0103 ale conflictelor asupra dezvolt\u0103rii durabile<\/em><\/a>.<\/p>\n<p>Consiliul Director a examinat raportul de activitate al pre\u0219edintelui UIP, raportul privind impactul UIP \u00een anul 2024<em>,<\/em> raportul financiar \u0219i situa\u021bia financiar\u0103 pentru anul 2024. A fost informat cu privire la stadiul consult\u0103rilor \u00een vederea \u00eenfiin\u021b\u0103rii de birouri regionale ale UIP \u00een Uruguay \u0219i R.A. Egipt \u0219i a aprobat calendarul activit\u0103\u021bilor viitoare \u0219i aderarea la UIP a Parlamentului din Belize.<\/p>\n<p>La propunerea Comisiei UIP pentru drepturile omului ale parlamentarilor, Consiliul a adoptat decizii referitoare la 225 de parlamentari, din 13 \u021b\u0103ri, ale c\u0103ror drepturi au fost \u00eenc\u0103lcate.<\/p>\n<p>Comisia pentru pace \u0219i securitate interna\u021bional\u0103 a dezb\u0103tut \u0219i finalizat proiectul de rezolu\u021bie intitulat <em>Rolul parlamentelor \u00een promovarea solu\u021biei celor dou\u0103 state \u00een Palestina.<\/em><\/p>\n<p>La r\u00e2ndul s\u0103u, Comisia pentru dezvoltare durabil\u0103 a dezb\u0103tut \u0219i finalizat proiectul de rezolu\u021bie cu tema <em>Strategii parlamentare pentru atenuarea efectelor de durat\u0103 ale conflictelor asupra dezvolt\u0103rii durabile<\/em>.<\/p>\n<p>Membrii Comisiei pentru democra\u021bie \u0219i drepturile omului au dezb\u0103tut tema <em>Recunoa\u0219terea \u0219i sprijinirea victimelor adop\u021biei interna\u021bionale ilegale<\/em> <em>\u0219i m\u0103suri pentru prevenirea acestei practici<\/em>, \u00een preg\u0103tirea unei viitoare rezolu\u021bii.<\/p>\n<p><img loading=\"lazy\" decoding=\"async\" class=\"size-medium wp-image-2832 alignleft\" src=\"https:\/\/sites.senat.ro\/wp-content\/uploads\/2025\/04\/150Adunare_foto6-300x246.jpg\" alt=\"\" width=\"300\" height=\"246\" srcset=\"https:\/\/sites.senat.ro\/wp-content\/uploads\/2025\/04\/150Adunare_foto6-300x246.jpg 300w, https:\/\/sites.senat.ro\/wp-content\/uploads\/2025\/04\/150Adunare_foto6-1024x838.jpg 1024w, https:\/\/sites.senat.ro\/wp-content\/uploads\/2025\/04\/150Adunare_foto6-768x629.jpg 768w, https:\/\/sites.senat.ro\/wp-content\/uploads\/2025\/04\/150Adunare_foto6-732x599.jpg 732w, https:\/\/sites.senat.ro\/wp-content\/uploads\/2025\/04\/150Adunare_foto6-1140x933.jpg 1140w, https:\/\/sites.senat.ro\/wp-content\/uploads\/2025\/04\/150Adunare_foto6.jpg 1335w\" sizes=\"auto, (max-width: 300px) 100vw, 300px\" \/>\u00cen interven\u021bia sa, deputatul Adrian Solomon a evocat cadrul de reglementare al adop\u021biei \u00een Rom\u00e2nia, context \u00een care a subliniat angajamentul \u021b\u0103rii noastre fa\u021b\u0103 de respectarea \u0219i promovarea drepturilor copilului, at\u00e2t la nivel na\u021bional, c\u00e2t \u0219i interna\u021bional. A f\u0103cut referire la pachetul legislativ adoptat de Rom\u00e2nia \u00een 2004, \u00een conformitate cu standardele interna\u021bionale, care a inclus introducerea planului individualizat de protec\u021bie, centrat pe interesul superior al copilului. Deputatul rom\u00e2n a subliniat nevoia continu\u0103 de consolidare a legisla\u021biei \u0219i a cooper\u0103rii interna\u021bionale pentru a preveni traficul de minori \u0219i orice form\u0103 de exploatare a acestora.<\/p>\n<p>\u00cen partea a doua a lucr\u0103rilor, membrii au examinat progresele \u0219i m\u0103surile adoptate de parlamente pentru implementarea rezolu\u021biilor elaborate de comisie \u00een ultimii doi ani, referitoare la <em>Combaterea traficului de copii din orfelinate: rolul parlamentelor <\/em>(2023) \u0219i<em> Impactul inteligen\u021bei artificiale asupra democra\u021biei, drepturilor omului \u0219i statului de drept<\/em> (2024).<\/p>\n<p>Forumul Femeilor Parlamentare a examinat, din perspectiva egalit\u0103\u021bii de gen, proiectele de rezolu\u021bie cu tema <em>R<\/em><em>olul parlamentelor \u00een promovarea solu\u021biei celor dou\u0103 state \u00een Palestina, <\/em>respectiv,<em> Strategii parlamentare pentru reducerea impactului pe termen lung al conflictelor, inclusiv al conflictelor armate, asupra dezvolt\u0103rii durabile.<\/em><\/p>\n<p><img loading=\"lazy\" decoding=\"async\" class=\" wp-image-2767 alignleft\" src=\"https:\/\/sites.senat.ro\/wp-content\/uploads\/2025\/07\/150Adunare_foto5-300x300.jpg\" alt=\"\" width=\"229\" height=\"229\" srcset=\"https:\/\/sites.senat.ro\/wp-content\/uploads\/2025\/07\/150Adunare_foto5-300x300.jpg 300w, https:\/\/sites.senat.ro\/wp-content\/uploads\/2025\/07\/150Adunare_foto5-150x150.jpg 150w, https:\/\/sites.senat.ro\/wp-content\/uploads\/2025\/07\/150Adunare_foto5.jpg 646w\" sizes=\"auto, (max-width: 229px) 100vw, 229px\" \/>\u00cen interven\u021bia sa din cadrul dezbaterilor privind <em>Strategii parlamentare pentru reducerea impactului pe termen lung al conflictelor, inclusiv al conflictelor armate, asupra dezvolt\u0103rii durabile<\/em>, senatoarea Daniela \u0218tef\u0103nescu a prezentat amendamentele delega\u021biei GRUI din perspectiva egalit\u0103\u021bii de \u0219anse, subliniind faptul c\u0103 este nevoie ca textul s\u0103 recunoasc\u0103 explicit faptul c\u0103, de\u0219i femeile sunt factori cheie ai p\u0103cii durabile, ele r\u0103m\u00e2n slab reprezentate \u00een procesele de pace \u0219i \u00een luarea deciziilor post-conflict. Totodat\u0103, a ar\u0103tat c\u0103 o pace durabil\u0103 trebuie s\u0103 recunoasc\u0103 \u0219i s\u0103 r\u0103spund\u0103 \u00een mod egal nevoilor \u0219i preocup\u0103rilor b\u0103rba\u021bilor \u0219i femeilor. Mai mult, nevoile femeilor sunt \u00eempletite cu nevoile copiilor lor, ale familiilor lor \u0219i, foarte adesea, ale comunit\u0103\u021bilor \u00een care tr\u0103iesc. Femeile sunt parteneri esen\u021biali \u00een realizarea redres\u0103rii economice \u0219i \u00een consolidarea coeziunii sociale. Concluzion\u00e2nd, parlamentarul rom\u00e2n a accentuat c\u0103 participarea femeilor la procesele de pace este o garan\u021bie puternic\u0103 c\u0103 eforturile pentru pace \u0219i realizarea ODD integreaz\u0103 perspectiva egalit\u0103\u021bii de \u0219anse.<\/p>\n<p>Pe agenda Forumului s-a aflat \u0219i o dezbatere-panel cu tema <em>Femeile \u00een politic\u0103: re\u021bele globale, <\/em>precum \u0219i un eveniment special de marcare a celei de-a 40-a anivers\u0103ri a Forumului, ocazie cu care a fost realizat\u0103 expozi\u021bia intitulat\u0103 <em>40 de ani de ac\u021biune, 40 de femei de ac\u021biune<\/em>.<\/p>\n<p>Forumul Tinerilor Parlamentari a examinat, din perspectiva tinerilor, tema general\u0103 a Adun\u0103rii precum \u0219i temele proiectelor de rezolu\u021bie aflate pe agenda celor dou\u0103 comisii de specialitate.<\/p>\n<p style=\"text-align: center;\">***<\/p>\n<p>Programul sesiunii UIP a mai inclus mese rotunde, ateliere \u0219i dezbateri privind: <em>rolul BRICS \u00een rela\u021biile interna\u021bionale; combaterea armelor de distrugere \u00een mas\u0103; reducerea emisiilor de metan: o cale critic\u0103 pentru abordarea crizei climatice; credin\u021bele \u0219i normele sociale: impactul asupra s\u0103n\u0103t\u0103\u021bii femeilor; \u00eembun\u0103t\u0103\u021birea comunic\u0103rii parlamentare \u0219i advocacy pentru ac\u021biunile climatice; diploma\u021bie \u0219i mediere parlamentar\u0103; valorile religioase \u0219i etice pentru a promova dialogul parlamentar \u0219i coexisten\u021ba pa\u0219nic\u0103.<\/em><\/p>\n<p><strong>\u00a0<\/strong><\/p>\n","protected":false},"excerpt":{"rendered":"<p>Sesiunea de prim\u0103var\u0103 a \u00eenregistrat un num\u0103r record de participan\u021bi, aproape 1400, \u00eentre care parlamentari \u0219i secretari generali de parlamente din 130 de \u021b\u0103ri, reprezentan\u021bi ai organiza\u021biilor parlamentare interna\u021bionale, ai ONU \u0219i ai altor organiza\u021bii \u0219i institu\u021bii interna\u021bionale, exper\u021bi, membri ai corpului diplomatic, ai societ\u0103\u021bii civile \u0219i ai mass-media. Potrivit statisticilor UIP, 37% dintre parlamentarii [&hellip;]<\/p>\n","protected":false},"author":4,"featured_media":0,"comment_status":"closed","ping_status":"open","sticky":false,"template":"","format":"standard","meta":{"ngg_post_thumbnail":0,"footnotes":""},"categories":[3],"tags":[],"class_list":["post-2759","post","type-post","status-publish","format-standard","hentry","category-participare"],"_links":{"self":[{"href":"https:\/\/sites.senat.ro\/index.php?rest_route=\/wp\/v2\/posts\/2759","targetHints":{"allow":["GET"]}}],"collection":[{"href":"https:\/\/sites.senat.ro\/index.php?rest_route=\/wp\/v2\/posts"}],"about":[{"href":"https:\/\/sites.senat.ro\/index.php?rest_route=\/wp\/v2\/types\/post"}],"author":[{"embeddable":true,"href":"https:\/\/sites.senat.ro\/index.php?rest_route=\/wp\/v2\/users\/4"}],"replies":[{"embeddable":true,"href":"https:\/\/sites.senat.ro\/index.php?rest_route=%2Fwp%2Fv2%2Fcomments&post=2759"}],"version-history":[{"count":15,"href":"https:\/\/sites.senat.ro\/index.php?rest_route=\/wp\/v2\/posts\/2759\/revisions"}],"predecessor-version":[{"id":2833,"href":"https:\/\/sites.senat.ro\/index.php?rest_route=\/wp\/v2\/posts\/2759\/revisions\/2833"}],"wp:attachment":[{"href":"https:\/\/sites.senat.ro\/index.php?rest_route=%2Fwp%2Fv2%2Fmedia&parent=2759"}],"wp:term":[{"taxonomy":"category","embeddable":true,"href":"https:\/\/sites.senat.ro\/index.php?rest_route=%2Fwp%2Fv2%2Fcategories&post=2759"},{"taxonomy":"post_tag","embeddable":true,"href":"https:\/\/sites.senat.ro\/index.php?rest_route=%2Fwp%2Fv2%2Ftags&post=2759"}],"curies":[{"name":"wp","href":"https:\/\/api.w.org\/{rel}","templated":true}]}}