{"id":2712,"date":"2025-01-06T11:23:15","date_gmt":"2025-01-06T11:23:15","guid":{"rendered":"https:\/\/sites.senat.ro\/?p=2712"},"modified":"2025-05-08T11:23:37","modified_gmt":"2025-05-08T11:23:37","slug":"cea-de-a-zecea-conferinta-mondiala-a-tinerilor-parlamentari-erevan-12-14-septembrie-2024","status":"publish","type":"post","link":"https:\/\/sites.senat.ro\/?p=2712","title":{"rendered":"Cea de-a zecea Conferin\u021b\u0103 mondial\u0103 a tinerilor parlamentari (Erevan, 12-14 septembrie 2024)"},"content":{"rendered":"<p><img loading=\"lazy\" decoding=\"async\" class=\"size-full wp-image-2714 alignleft\" src=\"https:\/\/sites.senat.ro\/wp-content\/uploads\/2025\/02\/logo.jpg\" alt=\"\" width=\"227\" height=\"140\" \/>Organizat\u0103 de UIP \u00een cooperare cu Adunarea Na\u021bional\u0103 (parlamentul) din Armenia, conferin\u021ba a avut tema <em>Evitarea unor genera\u021bii pierdute: asigurarea, \u00een toate circumstan\u021bele, a accesului la educa\u021bie \u0219i munc\u0103<\/em>.<\/p>\n<p>Parlamentul Rom\u00e2niei a fost reprezentat de deputata Alexandra Hu\u021bu, membr\u0103 a GRUI.<\/p>\n<p>Programul a inclus dezbateri pe urm\u0103toarele teme: <em>Num\u0103r\u0103toarea invers\u0103 p\u00e2n\u0103 \u00een 2030: unde suntem \u00een ceea ce prive\u0219te educa\u021bia \u0219i accesul la munc\u0103 pentru tineri?; Vie\u021bi tinere bulversate: impactul crizelor asupra drepturilor socio-economice \u0219i emancip\u0103rii tinerilor; S\u0103 nu l\u0103s\u0103m pe nimeni \u00een urm\u0103: accesul la educa\u021bie \u0219i la munc\u0103 pentru cei mai vulnerabili \u0219i marginaliza\u021bi; Ap\u0103rarea intereselor tinerilor \u00een perioade de criz\u0103: rolul tinerilor parlamentari.<\/em><\/p>\n<p>\u00cen deschiderea lucr\u0103rilor s-au adresat participan\u021bilor: Alen Simonyan, pre\u0219edintele parlamentului armean; Tulia Ackson, pre\u0219edinta UIP; Nikol Pashinyan, prim ministrul Armeniei; Martin Chungong, secretarul general al UIP.<\/p>\n<p>\u00cen interven\u021biile sale,\u00a0 reprezentanta GRUI a subliniat c\u0103 educa\u021bia \u0219i locurile de munc\u0103 decente sunt pilonii pe care tinerii \u00ee\u0219i pot cl\u0103di vie\u021bi prospere, prezent\u00e2nd, \u00een context, programele pe care autorit\u0103\u021bile rom\u00e2ne le pun la dispozi\u021bia tinerilor \u00een vederea form\u0103rii profesionale \u0219i a ocup\u0103rii unui loc de munc\u0103. Totodat\u0103, a detaliat m\u0103surile adoptate de executiv \u00een sprijinul tinerilor, precum primele de activare, de inser\u021bie sau de mobilitate, sau programul <em>Student Invest<\/em>. Parlamentarul rom\u00e2n a\u00a0 ad\u0103ugat c\u0103 partidele \u0219i oamenii politici au responsabilitatea unor angajamente pe termen lung pentru asigurarea unei educa\u021bii sigure, incluzive \u0219i de calitate, care s\u0103 preg\u0103teasc\u0103 tineri califica\u021bi pentru noile realit\u0103\u021bi de pe pia\u021ba muncii.<\/p>\n<p>Principalele concluzii \u0219i recomand\u0103ri care au rezultat \u00een urma dezbaterilor au fost sintetizate \u00een <a href=\"https:\/\/www.ipu.org\/file\/19662\/download\">documentul final <\/a>al evenimentului.<\/p>\n","protected":false},"excerpt":{"rendered":"<p>Organizat\u0103 de UIP \u00een cooperare cu Adunarea Na\u021bional\u0103 (parlamentul) din Armenia, conferin\u021ba a avut tema Evitarea unor genera\u021bii pierdute: asigurarea, \u00een toate circumstan\u021bele, a accesului la educa\u021bie \u0219i munc\u0103. Parlamentul Rom\u00e2niei a fost reprezentat de deputata Alexandra Hu\u021bu, membr\u0103 a GRUI. Programul a inclus dezbateri pe urm\u0103toarele teme: Num\u0103r\u0103toarea invers\u0103 p\u00e2n\u0103 \u00een 2030: unde suntem [&hellip;]<\/p>\n","protected":false},"author":4,"featured_media":0,"comment_status":"closed","ping_status":"open","sticky":false,"template":"","format":"standard","meta":{"ngg_post_thumbnail":0,"footnotes":""},"categories":[3],"tags":[],"class_list":["post-2712","post","type-post","status-publish","format-standard","hentry","category-participare"],"_links":{"self":[{"href":"https:\/\/sites.senat.ro\/index.php?rest_route=\/wp\/v2\/posts\/2712","targetHints":{"allow":["GET"]}}],"collection":[{"href":"https:\/\/sites.senat.ro\/index.php?rest_route=\/wp\/v2\/posts"}],"about":[{"href":"https:\/\/sites.senat.ro\/index.php?rest_route=\/wp\/v2\/types\/post"}],"author":[{"embeddable":true,"href":"https:\/\/sites.senat.ro\/index.php?rest_route=\/wp\/v2\/users\/4"}],"replies":[{"embeddable":true,"href":"https:\/\/sites.senat.ro\/index.php?rest_route=%2Fwp%2Fv2%2Fcomments&post=2712"}],"version-history":[{"count":2,"href":"https:\/\/sites.senat.ro\/index.php?rest_route=\/wp\/v2\/posts\/2712\/revisions"}],"predecessor-version":[{"id":2715,"href":"https:\/\/sites.senat.ro\/index.php?rest_route=\/wp\/v2\/posts\/2712\/revisions\/2715"}],"wp:attachment":[{"href":"https:\/\/sites.senat.ro\/index.php?rest_route=%2Fwp%2Fv2%2Fmedia&parent=2712"}],"wp:term":[{"taxonomy":"category","embeddable":true,"href":"https:\/\/sites.senat.ro\/index.php?rest_route=%2Fwp%2Fv2%2Fcategories&post=2712"},{"taxonomy":"post_tag","embeddable":true,"href":"https:\/\/sites.senat.ro\/index.php?rest_route=%2Fwp%2Fv2%2Ftags&post=2712"}],"curies":[{"name":"wp","href":"https:\/\/api.w.org\/{rel}","templated":true}]}}