{"id":2709,"date":"2025-01-08T11:21:11","date_gmt":"2025-01-08T11:21:11","guid":{"rendered":"https:\/\/sites.senat.ro\/?p=2709"},"modified":"2025-05-08T11:22:23","modified_gmt":"2025-05-08T11:22:23","slug":"cea-de-a-149-a-adunare-a-uip-si-reuniunile-asociate-geneva-12-17-octombrie-2024","status":"publish","type":"post","link":"https:\/\/sites.senat.ro\/?p=2709","title":{"rendered":"Cea de-a 149-a Adunare a UIP \u0219i reuniunile asociate (Geneva, 12-17 octombrie 2024)"},"content":{"rendered":"<p>La sesiune au fost prezen\u021bi 1500 de participan\u021bi, \u00eentre care parlamentari \u0219i func\u021bionari parlamentari din 135 de \u021b\u0103ri (inclusiv 54 de pre\u0219edin\u021bi de parlamente \u0219i camere parlamentare), reprezentan\u021bi ai unor adun\u0103ri parlamentare interna\u021bionale, ai ONU \u0219i ai altor organiza\u021bii \u0219i institu\u021bii interna\u021bionale, exper\u021bi, membri ai corpului diplomatic, ai societ\u0103\u021bii civile \u0219i ai mass-media. Potrivit statisticilor UIP, dintre parlamentarii prezen\u021bi 36% au fost femei \u015fi 25%, tineri parlamentari.<\/p>\n<p style=\"text-align: left\">Din delega\u021bia GRUI au f\u0103cut parte deputatul Ioan Cup\u0219a, membru al Comitetului Director al GRUI, \u0219i senatorii Liliana Sb\u00eernea \u0219i Laura-Mihaela Moagher, membre ale GRUI.<\/p>\n<p><img loading=\"lazy\" decoding=\"async\" class=\"size-medium wp-image-2732 aligncenter\" src=\"https:\/\/sites.senat.ro\/wp-content\/uploads\/2025\/02\/5adc5c53-acd1-481e-bfa0-5db71e8ba751-300x225.jpg\" alt=\"\" width=\"300\" height=\"225\" srcset=\"https:\/\/sites.senat.ro\/wp-content\/uploads\/2025\/02\/5adc5c53-acd1-481e-bfa0-5db71e8ba751-300x225.jpg 300w, https:\/\/sites.senat.ro\/wp-content\/uploads\/2025\/02\/5adc5c53-acd1-481e-bfa0-5db71e8ba751-1024x768.jpg 1024w, https:\/\/sites.senat.ro\/wp-content\/uploads\/2025\/02\/5adc5c53-acd1-481e-bfa0-5db71e8ba751-768x576.jpg 768w, https:\/\/sites.senat.ro\/wp-content\/uploads\/2025\/02\/5adc5c53-acd1-481e-bfa0-5db71e8ba751-1536x1152.jpg 1536w, https:\/\/sites.senat.ro\/wp-content\/uploads\/2025\/02\/5adc5c53-acd1-481e-bfa0-5db71e8ba751-732x549.jpg 732w, https:\/\/sites.senat.ro\/wp-content\/uploads\/2025\/02\/5adc5c53-acd1-481e-bfa0-5db71e8ba751-1140x855.jpg 1140w, https:\/\/sites.senat.ro\/wp-content\/uploads\/2025\/02\/5adc5c53-acd1-481e-bfa0-5db71e8ba751.jpg 1600w\" sizes=\"auto, (max-width: 300px) 100vw, 300px\" \/><\/p>\n<p><img loading=\"lazy\" decoding=\"async\" class=\"size-medium wp-image-2733 aligncenter\" src=\"https:\/\/sites.senat.ro\/wp-content\/uploads\/2025\/02\/c887889c-5e46-4d0e-b1b3-1c4e64e385bc-300x225.jpg\" alt=\"\" width=\"300\" height=\"225\" srcset=\"https:\/\/sites.senat.ro\/wp-content\/uploads\/2025\/02\/c887889c-5e46-4d0e-b1b3-1c4e64e385bc-300x225.jpg 300w, https:\/\/sites.senat.ro\/wp-content\/uploads\/2025\/02\/c887889c-5e46-4d0e-b1b3-1c4e64e385bc-1024x768.jpg 1024w, https:\/\/sites.senat.ro\/wp-content\/uploads\/2025\/02\/c887889c-5e46-4d0e-b1b3-1c4e64e385bc-768x576.jpg 768w, https:\/\/sites.senat.ro\/wp-content\/uploads\/2025\/02\/c887889c-5e46-4d0e-b1b3-1c4e64e385bc-1536x1152.jpg 1536w, https:\/\/sites.senat.ro\/wp-content\/uploads\/2025\/02\/c887889c-5e46-4d0e-b1b3-1c4e64e385bc-732x549.jpg 732w, https:\/\/sites.senat.ro\/wp-content\/uploads\/2025\/02\/c887889c-5e46-4d0e-b1b3-1c4e64e385bc-1140x855.jpg 1140w, https:\/\/sites.senat.ro\/wp-content\/uploads\/2025\/02\/c887889c-5e46-4d0e-b1b3-1c4e64e385bc.jpg 2000w\" sizes=\"auto, (max-width: 300px) 100vw, 300px\" \/><\/p>\n<p>\u00cen cadrul dezbaterii generale din plenul Adun\u0103rii, cu tema <em>Rolul parlamentarilor \u00een valorificarea \u0219tiin\u021bei, tehnologiei \u0219i inov\u0103rii \u00een sprijinul p\u0103cii \u0219i dezvolt\u0103rii durabile, <\/em>vorbitorii \u0219i-au reafirmat angajamentul de a reglementa \u0219tiin\u021ba, tehnologia \u0219i inova\u021bia \u00een beneficiul umanit\u0103\u021bii, subliniind importan\u021ba protej\u0103rii drepturilor omului, reducerii decalajelor digitale \u0219i cre\u0219terii cooper\u0103rii interna\u021bionale.<\/p>\n<p>\u00cen deschidere, s-a adresat membrilor Adun\u0103rii psihiatrul \u0219i exploratorul elve\u021bian Bertrand Piccard, cel care a realizat primul ocol ne\u00eentrerupt al P\u0103m\u00e2ntului \u00een balon, dar \u0219i proiectul primului avion alimentat cu energie solar\u0103.<\/p>\n<p>Din partea delega\u021biei rom\u00e2ne a luat cuv\u00e2ntul deputatul Ioan Cup\u0219a, care a precizat c\u0103 modul \u00een care folosim instrumentele inteligen\u021bei artificiale (IA) va dicta direc\u021bia \u00een care ne vom \u00eendrepta: fie spre o lume pa\u0219nic\u0103, durabil\u0103 \u0219i echitabil\u0103, fie spre una care ad\u00e2nce\u0219te diviziunile \u0219i conflictele. Reprezentantul GRUI a men\u021bionat principalele riscuri generate de folosirea lipsit\u0103 de \u00een\u021belepciune a IA, precum afectarea securit\u0103\u021bii personale, na\u021bionale \u0219i interna\u021bionale, pierderea locurilor de munc\u0103, instabilitatea economic\u0103 \u0219i politic\u0103 sau cre\u0219terea activit\u0103\u021bii infrac\u021bionale. Totodat\u0103, s-a referit la strategia na\u021bional\u0103 \u00een materie adoptat\u0103 de Rom\u00e2nia, ar\u0103t\u00e2nd c\u0103 progresele din sfera IA aplicate \u00een arii precum energia regenerabil\u0103 \u0219i biotehnologia pot contribui la rezolvarea unor provoc\u0103ri globale precum schimb\u0103rile climatice \u0219i eradicarea bolilor \u0219i a s\u0103r\u0103ciei. \u00cen finalul discursului, a subliniat c\u0103 parlamentarii au un rol esen\u021bial \u00een crearea unei legisla\u021bii care s\u0103 pun\u0103 accent pe practicile etice, incluzive \u0219i durabile \u00een domeniul \u0219tiin\u021bei, tehnologiei \u0219i inova\u021biei, un prim pas, absolut indispensabil, fiind asigurarea accesului deplin al legiuitorilor \u0219i tuturor deciden\u021bilor politici la informa\u021bii corecte \u0219i complete.<\/p>\n<p><img loading=\"lazy\" decoding=\"async\" class=\"size-medium wp-image-2734 aligncenter\" src=\"https:\/\/sites.senat.ro\/wp-content\/uploads\/2025\/02\/Cupsa_dezbatere-225x300.jpg\" alt=\"\" width=\"225\" height=\"300\" srcset=\"https:\/\/sites.senat.ro\/wp-content\/uploads\/2025\/02\/Cupsa_dezbatere-225x300.jpg 225w, https:\/\/sites.senat.ro\/wp-content\/uploads\/2025\/02\/Cupsa_dezbatere-768x1024.jpg 768w, https:\/\/sites.senat.ro\/wp-content\/uploads\/2025\/02\/Cupsa_dezbatere-1152x1536.jpg 1152w, https:\/\/sites.senat.ro\/wp-content\/uploads\/2025\/02\/Cupsa_dezbatere-732x976.jpg 732w, https:\/\/sites.senat.ro\/wp-content\/uploads\/2025\/02\/Cupsa_dezbatere-1140x1520.jpg 1140w, https:\/\/sites.senat.ro\/wp-content\/uploads\/2025\/02\/Cupsa_dezbatere.jpg 1200w\" sizes=\"auto, (max-width: 225px) 100vw, 225px\" \/><\/p>\n<p>Constat\u0103rile \u0219i recomand\u0103rile formulate de vorbitori au fost sintetizate \u00een <a href=\"https:\/\/www.ipu.org\/file\/20059\/download\"><em>Declara\u021bia de la Geneva<\/em><\/a><em>, <\/em>documentul final al dezbaterii generale.<\/p>\n<p>Adunarea a aprobat rezolu\u021bia <a href=\"https:\/\/www.ipu.org\/file\/20061\/download\"><em>Impactul inteligen\u021bei artificiale asupra democra\u021biei, drepturilor omului \u0219i statului de drept<\/em><\/a> (elaborat\u0103 de Comisia UIP pentru democra\u021bie \u0219i drepturile omului) \u0219i rezolu\u021bia <a href=\"https:\/\/www.ipu.org\/file\/20063\/download\"><em>R\u0103spunsul parlamentarilor la apelul urgent al Secretarului general al ONU de re\u00eennoire a angajamentului \u00een sprijinul multilateralismului, pentru pace, justi\u021bie \u0219i dezvoltare durabil\u0103 la nivel mondial<\/em><\/a> (punct de urgen\u021b\u0103).<\/p>\n<p>Consiliul Director al UIP a examinat rapoartele de activitate ale pre\u0219edintelui \u0219i secretarului general ai UIP \u0219i a aprobat reafilierea la UIP a parlamentului din Jamaica. La propunerea Comitetului pentru drepturile omului ale parlamentarilor, Consiliul a adoptat 15 decizii referitoare la 380 de parlamentari din 10 \u021b\u0103ri, ale c\u0103ror drepturi au fost \u00eenc\u0103lcate.<\/p>\n<p>Totodat\u0103, Consiliul a adoptat <em>Carta UIP privind etica \u00een \u0219tiin\u021b\u0103 \u0219i tehnologie<\/em>, document elaborat de Grupul UIP pentru \u0219tiin\u021b\u0103 \u0219i tehnologie, alc\u0103tuit dintr-un grup restr\u00e2ns de \u021b\u0103ri, inclusiv Rom\u00e2nia.<\/p>\n<p>Consiliul a decis ca premiul Premiul Cremer-Passy al UIP s\u0103-i fie decernat \u00een acest an lui Haroun Kabaddi, fost pre\u0219edinte al Adun\u0103rii Na\u021bionale din Ciad (2011-2021), \u00een semn de recunoa\u0219tere a contribu\u021biei excep\u021bionale la promovarea p\u0103cii, securit\u0103\u021bii \u0219i stabilit\u0103\u021bii sociale \u0219i politice \u00een \u021bara sa, \u00een regiunea Sahelului \u0219i la nivel interna\u021bional.<\/p>\n<p>\u00cen cadrul Comisiei UIP pentru democra\u021bie \u0219i drepturile omului, care a dezb\u0103tut \u0219i finalizat proiectul de rezolu\u021bie <em>Impactul inteligen\u021bei artificiale asupra democra\u021biei, drepturilor omului \u0219i statului de drept<\/em>, deputatul Ioan Cup\u0219a a prezentat argumente \u0219i informa\u021bii de suport \u00een favoarea amendamentelor propuse de Rom\u00e2nia. Astfel, la propunerea GRUI, rezolu\u021bia: eviden\u021biaz\u0103 impactul pozitiv pe care tehnologiile IA, dezvoltate \u0219i gestionate \u00een mod responsabil, le pot avea asupra proceselor democratice; cere m\u0103suri urgente pentru reducerea decalajelor digitale la nivel na\u021bional \u0219i global; atrage aten\u021bia asupra riscului asociat IA generativ\u0103, de creare, perpetuare \u0219i amplificare a inegalit\u0103\u021bilor, discrimin\u0103rii \u0219i violen\u021bei pe criterii de gen, \u0219i cere integrarea dimensiunii de gen \u00een dezvoltarea tehnologiilor IA, inclusiv promovarea accesului femeilor \u0219i fetelor la educa\u021bie, cariere \u0219i pozi\u021bii de decizie \u00een \u0219tiin\u021b\u0103, tehnologie, inginerie \u0219i matematic\u0103 (STEM); subliniaz\u0103 rolul educa\u021biei continue, al form\u0103rii\u00a0 profesionale \u0219i al sensibiliz\u0103rii publicului larg cu privire la oportunit\u0103\u021bile \u0219i riscurile asociate tehnologiilor IA; face apel la parlamente s\u0103-\u0219i consolideze capacitatea de ac\u021biune \u00een domeniul IA, prin crearea unor structuri parlamentare \u0219i administrative specializate, programe de formare pentru parlamentari \u0219i staff, consult\u0103ri to\u021bi actorii relevan\u021bi din societate, cooperare interparlamentar\u0103; invit\u0103 UIP s\u0103 \u00eencurajeze implicarea parlamentelor \u00een procesele relevante din cadrul ONU \u0219i al altor organiza\u021bii multilaterale.<\/p>\n<p><img loading=\"lazy\" decoding=\"async\" class=\"alignnone size-medium wp-image-2735 aligncenter\" src=\"https:\/\/sites.senat.ro\/wp-content\/uploads\/2025\/02\/Cupsa_Comisie-300x225.jpg\" alt=\"\" width=\"300\" height=\"225\" srcset=\"https:\/\/sites.senat.ro\/wp-content\/uploads\/2025\/02\/Cupsa_Comisie-300x225.jpg 300w, https:\/\/sites.senat.ro\/wp-content\/uploads\/2025\/02\/Cupsa_Comisie-1024x768.jpg 1024w, https:\/\/sites.senat.ro\/wp-content\/uploads\/2025\/02\/Cupsa_Comisie-768x576.jpg 768w, https:\/\/sites.senat.ro\/wp-content\/uploads\/2025\/02\/Cupsa_Comisie-732x549.jpg 732w, https:\/\/sites.senat.ro\/wp-content\/uploads\/2025\/02\/Cupsa_Comisie-1140x855.jpg 1140w, https:\/\/sites.senat.ro\/wp-content\/uploads\/2025\/02\/Cupsa_Comisie.jpg 1215w\" sizes=\"auto, (max-width: 300px) 100vw, 300px\" \/><\/p>\n<p>Comisia UIP pentru dezvoltare durabil\u0103 a organizat dezbateri privind rolul parlamentelor \u00een <em>reducerea impactului pe termen lung al conflictelor asupra dezvolt\u0103rii durabile <\/em>(\u00een preg\u0103tirea unei rezolu\u021bii pe aceast\u0103 tem\u0103) \u0219i \u00een <em>prevenirea evaziunii fiscale \u0219i realizarea dezvolt\u0103rii durabile.<\/em><\/p>\n<p>\u00cen preg\u0103tirea Conferin\u021bei ONU privind schimb\u0103rile climatice-COP29 (Baku,11-22 noiembrie 2024), membrii comisiei au dezb\u0103tut proiectul documentului final al reuniunii parlamentare din marja COP29. \u00cen calitate de raportor, Soltan Mammadov, membru al parlamentului azer, a prezentat documentul \u0219i a mul\u021bumit celor cinci \u021b\u0103ri, inclusiv Rom\u00e2nia, care au contribuit la elaborarea textului. Contribu\u021biile GRUI eviden\u021biaz\u0103: importan\u021ba particip\u0103rii tinerilor la ac\u021biunea climatic\u0103; necesitatea respect\u0103rii principiului echit\u0103\u021bii intergenera\u021bionale, consacrat de Acordul de la Paris; impactul dispropor\u021bionat, economic, social \u0219i de mediu, pe care schimb\u0103rile climatice \u00eel au asupra persoanelor marginalizate \u0219i vulnerabile; rolul esen\u021bial al parlamentelor \u00een adoptarea legisla\u021biei privind ac\u021biunea climatic\u0103; nevoia de predictibilitate \u00een asigurarea finan\u021b\u0103rii climatice; importan\u021ba educa\u021biei, la toate nivelele \u0219i v\u00e2rstele, \u00een promovare cuno\u0219tin\u021belor, abilit\u0103\u021bilor, valorilor \u0219i comportamentelor necesare pentru \u00een\u021belegerea \u0219i sus\u021binerea rezilien\u021bei climatice.<\/p>\n<p>Forumul Femeilor Parlamentare (RFP) a examinat, din perspectiva egalit\u0103\u021bii de gen, proiectul de rezolu\u021bie privind <em>impactul IA asupra democra\u021biei, drepturilor omului \u0219i statului de drept<\/em>, a formulat amendamente proprii la proiectul de rezolu\u021bie \u0219i a decis s\u0103 sus\u021bin\u0103 patru amendamente ale delega\u021biilor na\u021bionale, inclusiv ale Rom\u00e2niei, apreciind c\u0103 acestea reflect\u0103 opiniile \u0219i preocup\u0103rile femeilor parlamentare.<\/p>\n<p><img loading=\"lazy\" decoding=\"async\" class=\"alignnone size-medium wp-image-2727 aligncenter\" src=\"https:\/\/sites.senat.ro\/wp-content\/uploads\/2025\/02\/e07c3cb5-5b8e-4d75-8f27-fa526a66e175-300x225.jpg\" alt=\"\" width=\"300\" height=\"225\" srcset=\"https:\/\/sites.senat.ro\/wp-content\/uploads\/2025\/02\/e07c3cb5-5b8e-4d75-8f27-fa526a66e175-300x225.jpg 300w, https:\/\/sites.senat.ro\/wp-content\/uploads\/2025\/02\/e07c3cb5-5b8e-4d75-8f27-fa526a66e175-1024x768.jpg 1024w, https:\/\/sites.senat.ro\/wp-content\/uploads\/2025\/02\/e07c3cb5-5b8e-4d75-8f27-fa526a66e175-768x576.jpg 768w, https:\/\/sites.senat.ro\/wp-content\/uploads\/2025\/02\/e07c3cb5-5b8e-4d75-8f27-fa526a66e175-1536x1152.jpg 1536w, https:\/\/sites.senat.ro\/wp-content\/uploads\/2025\/02\/e07c3cb5-5b8e-4d75-8f27-fa526a66e175-732x549.jpg 732w, https:\/\/sites.senat.ro\/wp-content\/uploads\/2025\/02\/e07c3cb5-5b8e-4d75-8f27-fa526a66e175-1140x855.jpg 1140w, https:\/\/sites.senat.ro\/wp-content\/uploads\/2025\/02\/e07c3cb5-5b8e-4d75-8f27-fa526a66e175.jpg 1600w\" sizes=\"auto, (max-width: 300px) 100vw, 300px\" \/><\/p>\n<p>\u00cen cadrul dezbaterii-panel privind <em>promovarea p\u0103cii \u0219i justi\u021biei \u0219i <\/em><em>ap\u0103rarea drepturilor femeilor \u00een situa\u021bii de conflict \u0219i post-conflict<\/em>, senatoarea Laura-Mihaela Moagher a atras atentia asupra impactului umanitar al r\u0103zboiului de agresiune al Rusiei \u00eempotriva Ucrainei \u0219i a prezentat c\u00e2teva dintre m\u0103surile luate de autorit\u0103\u021bile rom\u00e2ne, \u00een colaborare cu societatea civil\u0103 \u0219i organiza\u021biile interna\u021bionale, \u00een sprijinul refugia\u021bilor ucraineni, femei \u0219i copii, \u00eentre care asigurarea accesului la servicii de s\u0103n\u0103tate, inclusiv s\u0103n\u0103tate sexual\u0103 \u0219i reproductiv\u0103, \u0219i m\u0103surile de protec\u021bie \u00eempotriva traficului de persoane. Senatoarea a eviden\u021biat rolul comisiilor parlamentare de specialitate \u00een asigurarea cadrului legislativ adecvat \u0219i a unui raspuns na\u021bional coerent \u0219i eficient pentru refugia\u021bii din Ucraina. De asemenea, a subliniat importan\u021ba Agendei ONU <em>Femei, pace \u0219i securitate<\/em>, ar\u0103t\u00e2nd c\u0103 femeile parlamentare pot \u0219i trebuie s\u0103 joace un rol major \u00een implementarea acesteia. \u201cPretutindeni \u00een lume, conflictele au efecte devastatoare asupra femeilor. De aceea, participarea femeilor \u00een toate etapele proceselor de pace nu poate fi nicidecum un deziderat de rangul al doilea, ci prima noastr\u0103 prioritate. Realitatea atest\u0103 c\u0103 asigurarea egalit\u0103\u021bii \u00eentre b\u0103rba\u021bi \u0219i femei este esen\u021bial\u0103 pentru o pace durabil\u0103\u201d, a subliniat reprezentanta GRUI.<\/p>\n<p style=\"text-align: center\">***<\/p>\n<p>Cu ocazia reuniunii Grupului francofon, un format informal de consult\u0103ri \u00eentre delega\u021biile \u021b\u0103rilor care au \u00een comun limba francez\u0103, deputatul Ioan Cup\u0219a a subliniat importan\u021ba dialogului dintre parlamente, ca instrument util pentru identificarea unor solu\u021bii \u0219i promovarea p\u0103cii \u00een perioadele marcate de crize \u0219i conflicte, \u0219i a reconfirmat sprijinul Parlamentului Rom\u00e2niei pentru obiectivele \u0219i misiunea Adun\u0103rii Parlamentare a Francofoniei (AFP). \u00cen acela\u0219i context, a precizat c\u0103 \u201ede\u0219i limba francez\u0103 nu este limb\u0103 oficial\u0103 \u00een Rom\u00e2nia, pentru noi, de peste 180 de ani, franceza a fost \u0219i r\u0103m\u00e2ne o limb\u0103 a culturii, a \u0219tiin\u021bei \u0219i a artei\u201d.<\/p>\n<p><img loading=\"lazy\" decoding=\"async\" class=\"size-medium wp-image-2736 aligncenter\" src=\"https:\/\/sites.senat.ro\/wp-content\/uploads\/2025\/02\/bcd40abe-642c-4cf9-af05-cc9289cd50c5-225x300.jpg\" alt=\"\" width=\"225\" height=\"300\" srcset=\"https:\/\/sites.senat.ro\/wp-content\/uploads\/2025\/02\/bcd40abe-642c-4cf9-af05-cc9289cd50c5-225x300.jpg 225w, https:\/\/sites.senat.ro\/wp-content\/uploads\/2025\/02\/bcd40abe-642c-4cf9-af05-cc9289cd50c5-768x1024.jpg 768w, https:\/\/sites.senat.ro\/wp-content\/uploads\/2025\/02\/bcd40abe-642c-4cf9-af05-cc9289cd50c5-1152x1536.jpg 1152w, https:\/\/sites.senat.ro\/wp-content\/uploads\/2025\/02\/bcd40abe-642c-4cf9-af05-cc9289cd50c5-732x976.jpg 732w, https:\/\/sites.senat.ro\/wp-content\/uploads\/2025\/02\/bcd40abe-642c-4cf9-af05-cc9289cd50c5-1140x1520.jpg 1140w, https:\/\/sites.senat.ro\/wp-content\/uploads\/2025\/02\/bcd40abe-642c-4cf9-af05-cc9289cd50c5.jpg 1200w\" sizes=\"auto, (max-width: 225px) 100vw, 225px\" \/><\/p>\n","protected":false},"excerpt":{"rendered":"<p>La sesiune au fost prezen\u021bi 1500 de participan\u021bi, \u00eentre care parlamentari \u0219i func\u021bionari parlamentari din 135 de \u021b\u0103ri (inclusiv 54 de pre\u0219edin\u021bi de parlamente \u0219i camere parlamentare), reprezentan\u021bi ai unor adun\u0103ri parlamentare interna\u021bionale, ai ONU \u0219i ai altor organiza\u021bii \u0219i institu\u021bii interna\u021bionale, exper\u021bi, membri ai corpului diplomatic, ai societ\u0103\u021bii civile \u0219i ai mass-media. Potrivit statisticilor [&hellip;]<\/p>\n","protected":false},"author":4,"featured_media":0,"comment_status":"closed","ping_status":"open","sticky":false,"template":"","format":"standard","meta":{"ngg_post_thumbnail":0,"footnotes":""},"categories":[3],"tags":[],"class_list":["post-2709","post","type-post","status-publish","format-standard","hentry","category-participare"],"_links":{"self":[{"href":"https:\/\/sites.senat.ro\/index.php?rest_route=\/wp\/v2\/posts\/2709","targetHints":{"allow":["GET"]}}],"collection":[{"href":"https:\/\/sites.senat.ro\/index.php?rest_route=\/wp\/v2\/posts"}],"about":[{"href":"https:\/\/sites.senat.ro\/index.php?rest_route=\/wp\/v2\/types\/post"}],"author":[{"embeddable":true,"href":"https:\/\/sites.senat.ro\/index.php?rest_route=\/wp\/v2\/users\/4"}],"replies":[{"embeddable":true,"href":"https:\/\/sites.senat.ro\/index.php?rest_route=%2Fwp%2Fv2%2Fcomments&post=2709"}],"version-history":[{"count":10,"href":"https:\/\/sites.senat.ro\/index.php?rest_route=\/wp\/v2\/posts\/2709\/revisions"}],"predecessor-version":[{"id":2745,"href":"https:\/\/sites.senat.ro\/index.php?rest_route=\/wp\/v2\/posts\/2709\/revisions\/2745"}],"wp:attachment":[{"href":"https:\/\/sites.senat.ro\/index.php?rest_route=%2Fwp%2Fv2%2Fmedia&parent=2709"}],"wp:term":[{"taxonomy":"category","embeddable":true,"href":"https:\/\/sites.senat.ro\/index.php?rest_route=%2Fwp%2Fv2%2Fcategories&post=2709"},{"taxonomy":"post_tag","embeddable":true,"href":"https:\/\/sites.senat.ro\/index.php?rest_route=%2Fwp%2Fv2%2Ftags&post=2709"}],"curies":[{"name":"wp","href":"https:\/\/api.w.org\/{rel}","templated":true}]}}