{"id":2703,"date":"2025-01-10T09:20:06","date_gmt":"2025-01-10T09:20:06","guid":{"rendered":"https:\/\/sites.senat.ro\/?p=2703"},"modified":"2025-05-08T11:24:44","modified_gmt":"2025-05-08T11:24:44","slug":"forumul-onu-pentru-guvernanta-internetului-igf2024","status":"publish","type":"post","link":"https:\/\/sites.senat.ro\/?p=2703","title":{"rendered":"Forumul ONU pentru guvernan\u021ba internetului \u2013  IGF2024"},"content":{"rendered":"<p>Din delega\u021bia GRUI la sesiunea anual\u0103 a<strong> Forumului ONU pentru Guvernan\u021ba Internetului \u2013 IGF2024<\/strong> (Riad, 15-19 decembrie) au f\u0103cut parte senatorii Silvia-Monica Dinic\u0103, vicepre\u0219edint\u0103 a GRUI, pre\u0219edinta Comisiei pentru \u0219tiin\u021b\u0103, inovare \u0219i tehnologie, Gheorghi\u021b\u0103 M\u00eendru\u021b\u0103, secretar al Comisiei pentru ap\u0103rare, ordine public\u0103 \u0219i siguran\u021b\u0103 na\u021bional\u0103, \u0219i Nicu\u0219or Cionoiu, membru al Comisiei pentru comunica\u021bii, tehnologia informa\u021biei \u0219i inteligen\u021b\u0103 artificial\u0103.<\/p>\n<p><img loading=\"lazy\" decoding=\"async\" class=\"size-medium wp-image-2706 aligncenter\" src=\"https:\/\/sites.senat.ro\/wp-content\/uploads\/2025\/02\/a2678993-03c1-46a9-a4c1-a40e29edbe6b-300x225.jpg\" alt=\"\" width=\"300\" height=\"225\" srcset=\"https:\/\/sites.senat.ro\/wp-content\/uploads\/2025\/02\/a2678993-03c1-46a9-a4c1-a40e29edbe6b-300x225.jpg 300w, https:\/\/sites.senat.ro\/wp-content\/uploads\/2025\/02\/a2678993-03c1-46a9-a4c1-a40e29edbe6b-1024x768.jpg 1024w, https:\/\/sites.senat.ro\/wp-content\/uploads\/2025\/02\/a2678993-03c1-46a9-a4c1-a40e29edbe6b-768x576.jpg 768w, https:\/\/sites.senat.ro\/wp-content\/uploads\/2025\/02\/a2678993-03c1-46a9-a4c1-a40e29edbe6b-1536x1152.jpg 1536w, https:\/\/sites.senat.ro\/wp-content\/uploads\/2025\/02\/a2678993-03c1-46a9-a4c1-a40e29edbe6b-732x549.jpg 732w, https:\/\/sites.senat.ro\/wp-content\/uploads\/2025\/02\/a2678993-03c1-46a9-a4c1-a40e29edbe6b-1140x855.jpg 1140w, https:\/\/sites.senat.ro\/wp-content\/uploads\/2025\/02\/a2678993-03c1-46a9-a4c1-a40e29edbe6b.jpg 1600w\" sizes=\"auto, (max-width: 300px) 100vw, 300px\" \/><\/p>\n<p>Evenimentul, cu tema general\u0103 <em>Construind viitorul nostru digital multipartit<\/em>, a reunit c\u00e2teva mii de participan\u021bi din peste 175 de \u021b\u0103ri &#8211; reprezentan\u021bi ai guvernelor \u0219i parlamentelor, ai organiza\u021biilor interna\u021bionale, societ\u0103\u021bii civile, comunit\u0103\u021bii academice \u0219i companiilor din domeniul digital. Ace\u0219tia au participat la sesiuni la nivel \u00eenalt, sesiuni plenare, ateliere, paneluri \u0219i forumuri deschise, \u00een cadrul c\u0103rora au examinat, din diferite perspective, aspecte referitoare la:\u00a0\u00a0<em>valorificarea inova\u021biei \u0219i gestionarea riscurilor \u00een spa\u021biul digital; contribu\u021bia digitaliz\u0103rii la pace, dezvoltare \u0219i sustenabilitate; drepturile omului \u0219i incluziunea \u00een era digital\u0103; \u00eembun\u0103t\u0103\u021birea guvernan\u021bei digitale.<\/em><\/p>\n<p>Segmentul parlamentar, care reprezint\u0103 o component\u0103 major\u0103 a IGF, a fost organizat de UIP \u00een colaborare cu parlamentul \u021b\u0103rii gazd\u0103 \u0219i Departamentul ONU pentru Afaceri Economice \u0219i Sociale (UNDESA). \u00cen deschidere, au luat cuv\u00e2ntul: Junhua Li, sub-secretar general, UNDESA; Mishal F. Al-Sulami, vicepre\u0219edinte al Consiliului Shura (parlamentul) din Regatul Arabiei Saudite; Martin Chungong, secretarul general al UIP. Pe parcursul lucr\u0103rilor, membrii legislativelor au dialogat cu actori-cheie din sfera digital\u0103, abord\u00e2nd subiecte precum:\u00a0<em>cooperarea la nivelul ONU \u00een domeniul digital; perspectivele sectorului privat cu privire la dezvoltarea sistemelor de inteligen\u021b\u0103 artificial\u0103; promovarea inov\u0103rii \u0219i transform\u0103rii digitale incluzive; parteneriate pentru combaterea pericolelor online; rolul tinerilor lideri \u00een procesul de transformare digital\u0103.\u00a0<\/em><\/p>\n<p>Modalit\u0103\u021bile de consolidare a capacit\u0103\u021bii de ac\u021biune a parlamentelor \u00een sfera digital\u0103 au ocupat un loc important pe agenda discu\u021biilor. \u00cen acest context, a fost eviden\u021biat\u0103 relevan\u021ba unor documente \u0219i instrumente adoptate recent de UIP: rezolu\u021bia\u00a0<em>Impactul inteligen\u021bei artificiale asupra democra\u021biei, drepturilor omului \u0219i statului de drept;<\/em>\u00a0Declara\u021bia de la Geneva\u00a0<em>Valorificarea \u0219tiin\u021bei, tehnologiei \u0219i inova\u021biei pentru un viitor mai pa\u0219nic \u0219i mai durabil; Liniile directoare pentru inteligen\u021ba artificial\u0103 \u00een parlamente\u00a0<\/em>\u0219i\u00a0<em>Carta UIP privind etica \u00een \u0219tiin\u021b\u0103 \u0219i tehnologie<\/em>.<\/p>\n<p>\u00cen interven\u021bia sa, senatoarea Silvia-Monica Dinic\u0103 a confirmat c\u0103 nevoia de cuno\u0219tin\u021be \u0219i expertiz\u0103 \u00een domeniul \u0219tiin\u021bei \u0219i tehnologiei se manifest\u0103 acut la nivel parlamentar, prezent\u00e2nd, \u00een context, c\u00e2teva ini\u021biative \u0219i subiecte de interes abordate de Comisia pentru \u0219tiin\u021b\u0103, inovare \u0219i tehnologie a Senatului. \u00cen continuare, vicepre\u0219edinta GRUI a subliniat c\u0103: inovarea este un element indispensabil al progresului social, dar ritmul rapid al dezvolt\u0103rii tehnologice vine cu numeroase riscuri \u0219i provoc\u0103ri care impun revizuirea \u0219i actualizarea permanent\u0103 a legisla\u021biei, fie c\u0103 vorbim despre drepturile omului, pia\u021ba for\u021bei de munc\u0103 sau educa\u021bie; diversele modele de inteligen\u021b\u0103 artificial\u0103, spre exemplu, trebuie evaluate atent prin prisma influen\u021bei lor asupra vie\u021bii de zi cu zi \u0219i a impactului lor pe termen lung, \u00een plan economic \u0219i social; sectorul privat este un partener indispensabil al parlamentelor \u0219i guvernelor \u00een crearea cadrului \u0219i condi\u021biilor necesare pentru valorificarea inteligen\u021bei artificiale \u00een beneficiul genera\u021biilor prezente \u0219i viitoare.<\/p>\n<p>Principalele mesaje ale dezbaterilor parlamentare au fost consemnate \u00een <a href=\"https:\/\/www.ipu.org\/file\/20764\/download\"><strong>documentul final<\/strong><\/a> al Segmentului parlamentar \u0219i fac parte din ansamblul rezultatelor generale ale IGF2024.<\/p>\n","protected":false},"excerpt":{"rendered":"<p>Din delega\u021bia GRUI la sesiunea anual\u0103 a Forumului ONU pentru Guvernan\u021ba Internetului \u2013 IGF2024 (Riad, 15-19 decembrie) au f\u0103cut parte senatorii Silvia-Monica Dinic\u0103, vicepre\u0219edint\u0103 a GRUI, pre\u0219edinta Comisiei pentru \u0219tiin\u021b\u0103, inovare \u0219i tehnologie, Gheorghi\u021b\u0103 M\u00eendru\u021b\u0103, secretar al Comisiei pentru ap\u0103rare, ordine public\u0103 \u0219i siguran\u021b\u0103 na\u021bional\u0103, \u0219i Nicu\u0219or Cionoiu, membru al Comisiei pentru comunica\u021bii, tehnologia informa\u021biei [&hellip;]<\/p>\n","protected":false},"author":4,"featured_media":0,"comment_status":"closed","ping_status":"open","sticky":false,"template":"","format":"standard","meta":{"ngg_post_thumbnail":0,"footnotes":""},"categories":[3],"tags":[],"class_list":["post-2703","post","type-post","status-publish","format-standard","hentry","category-participare"],"_links":{"self":[{"href":"https:\/\/sites.senat.ro\/index.php?rest_route=\/wp\/v2\/posts\/2703","targetHints":{"allow":["GET"]}}],"collection":[{"href":"https:\/\/sites.senat.ro\/index.php?rest_route=\/wp\/v2\/posts"}],"about":[{"href":"https:\/\/sites.senat.ro\/index.php?rest_route=\/wp\/v2\/types\/post"}],"author":[{"embeddable":true,"href":"https:\/\/sites.senat.ro\/index.php?rest_route=\/wp\/v2\/users\/4"}],"replies":[{"embeddable":true,"href":"https:\/\/sites.senat.ro\/index.php?rest_route=%2Fwp%2Fv2%2Fcomments&post=2703"}],"version-history":[{"count":3,"href":"https:\/\/sites.senat.ro\/index.php?rest_route=\/wp\/v2\/posts\/2703\/revisions"}],"predecessor-version":[{"id":2707,"href":"https:\/\/sites.senat.ro\/index.php?rest_route=\/wp\/v2\/posts\/2703\/revisions\/2707"}],"wp:attachment":[{"href":"https:\/\/sites.senat.ro\/index.php?rest_route=%2Fwp%2Fv2%2Fmedia&parent=2703"}],"wp:term":[{"taxonomy":"category","embeddable":true,"href":"https:\/\/sites.senat.ro\/index.php?rest_route=%2Fwp%2Fv2%2Fcategories&post=2703"},{"taxonomy":"post_tag","embeddable":true,"href":"https:\/\/sites.senat.ro\/index.php?rest_route=%2Fwp%2Fv2%2Ftags&post=2703"}],"curies":[{"name":"wp","href":"https:\/\/api.w.org\/{rel}","templated":true}]}}