{"id":2607,"date":"2024-10-03T09:30:24","date_gmt":"2024-10-03T09:30:24","guid":{"rendered":"http:\/\/sites.senat.ro\/?p=2607"},"modified":"2024-10-03T11:26:17","modified_gmt":"2024-10-03T11:26:17","slug":"vizita-oficiala-in-indonezia-a-delegatiei-grupului-parlamentar-de-prietenie-romania-republica-indonezia-18-23-iunie-2024","status":"publish","type":"post","link":"https:\/\/sites.senat.ro\/?p=2607","title":{"rendered":"Vizita oficial\u0103 \u00een Indonezia a delega\u021biei Grupului parlamentar de prietenie Rom\u00e2nia &#8211; Republica Indonezia (18-23 iunie 2024)"},"content":{"rendered":"<p><img loading=\"lazy\" decoding=\"async\" class=\"size-full wp-image-2073 alignleft\" src=\"https:\/\/sites.senat.ro\/wp-content\/uploads\/sites\/2\/2022\/07\/indonezia.gif\" alt=\"\" width=\"123\" height=\"82\">Din delega\u021bia condus\u0103 de deputatul \u0218tefan Mu\u0219oiu, pre\u0219edintele Grupului, au f\u0103cut parte deputa\u021bii Christine Thellmann, membr\u0103 a Grupului, \u0219i Ben-Oni Ardelean, membru al Comisiei pentru politic\u0103 extern\u0103.<\/p>\n<p>La nivel parlamentar, programul a inclus convorbiri cu Rachmat Gobel, vicepre\u0219edintele Camerei Reprezentan\u021bilor, \u0219i dr H. Sukamta, vicepre\u0219edintele Comitetului pentru cooperare interparlamentar\u0103 din Camera Reprezentan\u021bilor. Interlocutorii au discutat despre cooperarea politic\u0103 \u0219i sectorial\u0103 dintre Rom\u00e2nia \u0219i Indonezia, eviden\u021biind importan\u021ba colabor\u0103rii \u0219i vizitelor la nivel parlamentar \u0219i necesitatea cre\u0219terii schimburilor economice. Delega\u021bia rom\u00e2n\u0103 a informat cu privire la aderarea Rom\u00e2niei la spa\u021biul Schengen cu frontierele maritime \u0219i aeriene, subliniind relevan\u021ba strategic\u0103 a portului Constan\u021ba, inclusiv pentru exportatorii \u0219i importatorii indonezieni.<\/p>\n<p><img loading=\"lazy\" decoding=\"async\" class=\" wp-image-2653 aligncenter\" src=\"https:\/\/sites.senat.ro\/wp-content\/uploads\/sites\/2\/2024\/09\/Foto_Indonezia-300x200.jpg\" alt=\"\" width=\"341\" height=\"227\" srcset=\"https:\/\/sites.senat.ro\/wp-content\/uploads\/2024\/09\/Foto_Indonezia-300x200.jpg 300w, https:\/\/sites.senat.ro\/wp-content\/uploads\/2024\/09\/Foto_Indonezia-768x512.jpg 768w, https:\/\/sites.senat.ro\/wp-content\/uploads\/2024\/09\/Foto_Indonezia.jpg 1024w, https:\/\/sites.senat.ro\/wp-content\/uploads\/2024\/09\/Foto_Indonezia-732x488.jpg 732w\" sizes=\"auto, (max-width: 341px) 100vw, 341px\" \/><\/p>\n<p>\u00cen cadrul \u00eentrevederii cu dr. Kao Kim Hourn, secretarul general al Asocia\u021biei Na\u021biunilor din Sud-Estul Asiei (ASEAN), oaspe\u021bii \u0219i-au exprimat dorin\u021ba de consolidare a cooper\u0103rii dintre Rom\u00e2nia \u0219i ASEAN \u00een domeniile economic \u0219i al educa\u021biei. Au fost abordate \u0219i aspecte referitoare la cooperarea dintre ASEAN \u0219i Uniunea European\u0103 \u0219i evolu\u021biile politice \u0219i de securitate din Asia de Sud-Est \u0219i Europa.<\/p>\n<p>Programul vizitei a inclus o \u00eentrevedere la Camera de Comer\u021b \u0219i Industrie a Indoneziei, prilej cu care s-a discutat despre oportunit\u0103\u021bile de afaceri din cele dou\u0103 \u021b\u0103ri, inclusiv \u00een contextul rolului strategic al portului Constan\u021ba dup\u0103 aderarea Rom\u00e2niei la Schengen cu grani\u021bele maritime. Totodat\u0103, \u00een cadrul \u00eent\u00e2lnirii cu Sang Made Mahendra Jaya, guvernatorul provinciei Bali, \u0219i al discu\u021biilor organizate la Camera de Comer\u021b \u0219i Industrie din Bali, au fost analizate posibilit\u0103\u021bile de cooperare \u00eentre aceast\u0103 provincie \u0219i diverse jude\u021be ale Rom\u00e2niei, \u00een domenii precum cel administrativ, turistic, economic, cultural sau academic.<\/p>\n","protected":false},"excerpt":{"rendered":"<p>Din delega\u021bia condus\u0103 de deputatul \u0218tefan Mu\u0219oiu, pre\u0219edintele Grupului, au f\u0103cut parte deputa\u021bii Christine Thellmann, membr\u0103 a Grupului, \u0219i Ben-Oni Ardelean, membru al Comisiei pentru politic\u0103 extern\u0103. La nivel parlamentar, programul a inclus convorbiri cu Rachmat Gobel, vicepre\u0219edintele Camerei Reprezentan\u021bilor, \u0219i dr H. Sukamta, vicepre\u0219edintele Comitetului pentru cooperare interparlamentar\u0103 din Camera Reprezentan\u021bilor. Interlocutorii au discutat [&hellip;]<\/p>\n","protected":false},"author":2,"featured_media":0,"comment_status":"closed","ping_status":"open","sticky":false,"template":"","format":"standard","meta":{"ngg_post_thumbnail":0,"footnotes":""},"categories":[1,7],"tags":[],"class_list":["post-2607","post","type-post","status-publish","format-standard","hentry","category-prietenie","category-viziteoficiale"],"_links":{"self":[{"href":"https:\/\/sites.senat.ro\/index.php?rest_route=\/wp\/v2\/posts\/2607","targetHints":{"allow":["GET"]}}],"collection":[{"href":"https:\/\/sites.senat.ro\/index.php?rest_route=\/wp\/v2\/posts"}],"about":[{"href":"https:\/\/sites.senat.ro\/index.php?rest_route=\/wp\/v2\/types\/post"}],"author":[{"embeddable":true,"href":"https:\/\/sites.senat.ro\/index.php?rest_route=\/wp\/v2\/users\/2"}],"replies":[{"embeddable":true,"href":"https:\/\/sites.senat.ro\/index.php?rest_route=%2Fwp%2Fv2%2Fcomments&post=2607"}],"version-history":[{"count":0,"href":"https:\/\/sites.senat.ro\/index.php?rest_route=\/wp\/v2\/posts\/2607\/revisions"}],"wp:attachment":[{"href":"https:\/\/sites.senat.ro\/index.php?rest_route=%2Fwp%2Fv2%2Fmedia&parent=2607"}],"wp:term":[{"taxonomy":"category","embeddable":true,"href":"https:\/\/sites.senat.ro\/index.php?rest_route=%2Fwp%2Fv2%2Fcategories&post=2607"},{"taxonomy":"post_tag","embeddable":true,"href":"https:\/\/sites.senat.ro\/index.php?rest_route=%2Fwp%2Fv2%2Ftags&post=2607"}],"curies":[{"name":"wp","href":"https:\/\/api.w.org\/{rel}","templated":true}]}}