{"id":2587,"date":"2024-10-03T08:45:29","date_gmt":"2024-10-03T08:45:29","guid":{"rendered":"http:\/\/sites.senat.ro\/?p=2587"},"modified":"2024-10-03T11:06:15","modified_gmt":"2024-10-03T11:06:15","slug":"seminarul-regional-al-uip-privind-realizarea-obiectivelor-dezvoltarii-durabile-paris-18-19-ianuarie-2024","status":"publish","type":"post","link":"https:\/\/sites.senat.ro\/?p=2587","title":{"rendered":"Seminarul regional al UIP privind realizarea Obiectivelor Dezvolt\u0103rii Durabile (Paris, 18-19 ianuarie 2024)"},"content":{"rendered":"<p><img loading=\"lazy\" decoding=\"async\" class=\" wp-image-1227 alignleft\" src=\"https:\/\/sites.senat.ro\/wp-content\/uploads\/sites\/2\/2020\/06\/ipu_english_logo_colours_rgb-300x209.jpg\" alt=\"\" width=\"215\" height=\"150\" srcset=\"https:\/\/sites.senat.ro\/wp-content\/uploads\/2020\/06\/ipu_english_logo_colours_rgb-300x209.jpg 300w, https:\/\/sites.senat.ro\/wp-content\/uploads\/2020\/06\/ipu_english_logo_colours_rgb-768x535.jpg 768w, https:\/\/sites.senat.ro\/wp-content\/uploads\/2020\/06\/ipu_english_logo_colours_rgb-1024x714.jpg 1024w, https:\/\/sites.senat.ro\/wp-content\/uploads\/2020\/06\/ipu_english_logo_colours_rgb-732x510.jpg 732w, https:\/\/sites.senat.ro\/wp-content\/uploads\/2020\/06\/ipu_english_logo_colours_rgb-1140x794.jpg 1140w, https:\/\/sites.senat.ro\/wp-content\/uploads\/2020\/06\/ipu_english_logo_colours_rgb.jpg 1300w\" sizes=\"auto, (max-width: 215px) 100vw, 215px\" \/>Reuniunea, cu tema <em>Realizarea Obiectivelor Dezvolt\u0103rii Durabile (ODD) prin \u00eent\u0103rirea spiritului de comunitate la nivel na\u021bional, regional \u0219i global<\/em>, a fost organizat\u0103 de UIP \u00een colaborare cu Senatul Fran\u021bei \u0219i s-a adresat \u021b\u0103rilor membre ale Grupului geopolitic 12 Plus.<\/p>\n<p>Parlamentul Rom\u00e2niei a fost reprezentat de deputatul Ioan Cup\u0219a, vicepre\u0219edinte al Comisiei juridice, de disciplin\u0103 \u015fi imunit\u0103\u021bi, membru al Comitetului Director al GRUI, \u0219i senatoarea Laura-Mihaela Moagher, secretar al Comisiei juridice, de numiri, disciplin\u0103, imunit\u0103\u021bi \u0219i valid\u0103ri.<\/p>\n<p>Dezbaterile au pus accentul pe: <em>stadiul implement\u0103rii ODD \u00een \u021b\u0103rile Grupului geopolitic 12 Plus \u0219i ini\u021biative parlamentare \u00een sprijinul dezvolt\u0103rii durabile \u0219i al tranzi\u021biei ecologice, \u00een special din perspectiva ac\u021biunii climatice; contracararea riscurilor sanitare prin consolidarea rezilien\u021bei sistemelor de s\u0103n\u0103tate, cu luarea \u00een considerare a aspectelor referitoare la \u00eemb\u0103tr\u00e2nirea demografic\u0103, imigrare, egalitatea de gen \u0219i protec\u021bia persoanelor cu dizabilit\u0103\u021bi; parlamentele deschise \u0219i inova\u021bia.<\/em><\/p>\n<p>\u00cen interven\u021bia sa la dezbaterile privind <em>promovarea dezvolt\u0103rii durabile \u0219i a tranzi\u021biei ecologice<\/em>, deputatul Ioan Cup\u0219a a reafirmat angajamentul ferm al \u021b\u0103rii noastre fa\u021b\u0103 de \u00eendeplinirea ODD. Amintind c\u0103 au mai r\u0103mas doar \u0219apte ani p\u00e2n\u0103 la termenul final 2030, reprezentantul GRUI a remarcat c\u0103 \u021bintele propuse nu sunt pe deplin realiste \u0219i realizabile, context \u00een care a ridicat o serie de \u00eentreb\u0103ri, dup\u0103 cum urmeaz\u0103:<\/p>\n<ul>\n<li>\u00eent\u00e2rzierile \u00een realizarea ODD se datoreaz\u0103 faptului c\u0103 mijloacele folosite \u0219i ac\u021biunile realizate p\u00e2n\u0103 acum nu sunt eficiente sau potrivite? Sau faptului c\u0103 nu exist\u0103 suficient\u0103 voin\u021b\u0103 din partea \u021b\u0103rilor? Sau reducerii sprijinului statelor pentru Agenda 2030?<\/li>\n<li>costul efectiv al energiei, al bunurilor de larg consum, cheltuielile cu locuin\u021ba au crescut pentru c\u0103 nu au fost implementate o parte dintre \u021bintele Agendei 2030, pre\u021bul fiind pl\u0103tit de cet\u0103\u021benii no\u0219tri. Cum vom putea \u021bine pre\u021burile sub control?<\/li>\n<li>unele dintre drepturile noastre au fost restr\u00e2nse, un exemplu fiind exercitarea dreptului de proprietate asupra terenurilor (agricole, p\u0103duri, terenuri pentru construc\u021bii). Cum compens\u0103m \u00een mod echitabil aceste restric\u021bion\u0103ri ale exercit\u0103rii unor drepturi?<\/li>\n<li>este o realitate faptul c\u0103 multe afaceri s-au mutat (\u0219i se mut\u0103) din Europa. Care este cauza? Sunt mai multe motive, dar unul dintre ele este chiar obliga\u021bia de implementare a unor m\u0103suri de reducere a polu\u0103rii industriale, care pot avea ca rezultat afaceri nerentabile din punct de vedere comercial. Efectul imediat, \u00een \u021b\u0103rile UE, al acestei ,,externaliz\u0103ri\u201d a afacerilor este cre\u0219terea \u0219omajului, o balan\u021b\u0103 comercial\u0103 dezechilibrat\u0103, mai pu\u021bine fonduri colectate din taxe la bugetele na\u021bionale \u0219i mai pu\u021bini bani pentru s\u0103n\u0103tate \u0219i educa\u021bie. Cum solu\u021bion\u0103m aceast\u0103 problem\u0103?<\/li>\n<\/ul>\n<p>\u00cen continuare, deputatul Cup\u0219a a f\u0103cut apel la parlamente s\u0103 r\u0103m\u00e2n\u0103 unite \u00een g\u0103sirea de solu\u021bii urgente \u0219i a men\u021bionat c\u0103 sprijinul popula\u021biei este foarte important. Totodat\u0103, a ar\u0103tat c\u0103 \u201dpentru ca cele 17 Obiective ale Agendei 2030 s\u0103 fie \u00eendeplinite la termen, asigur\u00e2nd astfel o via\u021b\u0103 mai bun\u0103 pentru noi \u0219i urma\u0219ii no\u0219tri, este necesar\u0103 o abordare holistic\u0103, pragmatic\u0103 \u0219i \u00een mod obiectiv critic\u0103 a \u021bintelor propuse\u201d.<\/p>\n<p>Principalele concluzii ale celor dou\u0103 zile de dezbateri eviden\u021biaz\u0103 c\u0103:<\/p>\n<ul>\n<li>la patru ani de la debutul pandemiei de COVID-19, consolidarea sistemelor de s\u0103n\u0103tate \u0219i rezilien\u021ba acestora este o prioritate mai mult ca oric\u00e2nd, pentru a face fa\u021b\u0103 viitoarelor crize de s\u0103n\u0103tate, pentru a asigura accesul tuturor la asisten\u021ba medical\u0103 \u0219i pentru a reduce inegalit\u0103\u021bile;<\/li>\n<li>\u00een ciuda progreselor incontestabile \u00eenregistrate \u00een ultimii ani \u00een \u00eembun\u0103t\u0103\u021birea s\u0103n\u0103t\u0103\u021bii globale, persist\u0103 totu\u0219i provoc\u0103ri majore. Potrivit datelor furnizate de Organiza\u021bia Mondial\u0103 a S\u0103n\u0103t\u0103\u021bii, cinci miliarde de oameni din \u00eentreaga lume \u00eenc\u0103 nu au acces la \u00eengrijiri medicale de baz\u0103;<\/li>\n<li>inteligen\u021ba artificial\u0103 ofer\u0103 oportunit\u0103\u021bi de \u00eembun\u0103t\u0103\u021bire a accesului la sistemele de s\u0103n\u0103tate \u0219i de cre\u0219tere a eficacit\u0103\u021bii anumitor interven\u021bii medicale, cu condi\u021bia ca utilizarea ei s\u0103 fie bine reglementat\u0103;<\/li>\n<li>implicarea comunit\u0103\u021bilor \u0219i a celorlal\u021bi actori relevan\u021bi este esen\u021bial\u0103 pentru a construi sisteme de s\u0103n\u0103tate mai incluzive, care s\u0103 protejeze nevoile \u0219i drepturile tuturor popula\u021biilor. Egalitatea de gen, este, de asemenea, un principiu cheie al proceselor de luare a deciziilor. Parlamentele trebuie s\u0103 adopte m\u0103surile legislative necesare pentru extinderea accesului la servicii de s\u0103n\u0103tate, \u00een special pentru grupurile vulnerabile \u0219i marginalizate;<\/li>\n<li>sunt necesare cre\u0219terea colabor\u0103rii \u00eentre sectorul educa\u021biei \u0219i cel al s\u0103n\u0103t\u0103\u021bii \u0219i punerea \u00een aplicare a unor sisteme de prevenire \u0219i protec\u021bie care s\u0103 includ\u0103 \u0219i m\u0103suri de verificare a informa\u021biilor care sunt transmise cet\u0103\u021benilor, pentru a se evita r\u0103sp\u00e2ndirea \u0219tirilor false;<\/li>\n<li>pe fondul cre\u0219terii ne\u00eencrederii popula\u021biei \u00een institu\u021biile publice \u0219i al repunerii \u00een discu\u021bie a democra\u021biei reprezentative, instrumentele inovatoare de implicare a cet\u0103\u021benilor \u00een activitatea parlamentar\u0103 sunt o solu\u021bie pentru ca ace\u0219tia s\u0103 r\u0103m\u00e2n\u0103 informa\u021bi, dar \u0219i pentru ca parlamentele s\u0103 acumuleze experien\u021b\u0103 \u0219i expertiz\u0103;<\/li>\n<li>numeroase parlamente au creat platforme de date deschise, care pun la dispozi\u021bie informa\u021bii privind \u00eendeplinirea, de c\u0103tre parlament, a sarcinilor sale constitu\u021bionale. \u00cen plus, pentru a contribui la restabilirea \u00eencrederii cet\u0103\u021benilor \u00een reprezentan\u021bii lor ale\u0219i, \u00een mai multe parlamente au fost ini\u021biate politici proactive \u00een materie de transparen\u021b\u0103 \u0219i etic\u0103 (ex. numirea unui ofi\u021ber de etic\u0103 sau a unui organism de etic\u0103, elaborarea codurilor de conduit\u0103, etc);<\/li>\n<li>transformarea digital\u0103 a societ\u0103\u021bilor d\u0103 na\u0219tere multor provoc\u0103ri, \u00een special \u00een ceea ce prive\u0219te \u00een\u021belegerea impactului inteligen\u021bei artificiale \u0219i nevoia de a reglementa utilizarea acesteia. Pe de alt\u0103 parte, aceast\u0103 transformare digital\u0103 este un instrument valoros de modernizare a activit\u0103\u021bii parlamentare. \u00cen context au fost prezentate exemple de practici, precum audierile publice, consult\u0103rile cu privire la proiectele legislative \u0219i gestionarea peti\u021biilor, cu ajutorul platformelor digitale. \u00cen acest sens, principiul de \u201ca nu l\u0103sa pe nimeni \u00een urm\u0103\u201d, care se afl\u0103 \u00een centrul ODD, poate fi dus la un alt nivel. Parlamentul trebuie s\u0103 aud\u0103 toate vocile, inclusiv pe cele ale tinerilor \u0219i ale celor mai marginaliza\u021bi. Prin urmare, progresele tehnologice pot fi folosite pentru a reduce distan\u021ba dintre societate \u0219i institu\u021bii.<\/li>\n<\/ul>\n<p>Programul seminarului a inclus \u0219i o dezbatere-panel privind promovarea dezvolt\u0103rii durabile prin sport \u0219i dou\u0103 vizite pe teren, la Satul Atle\u021bilor Jocurilor Olimpice \u0219i Paralimpice Paris 2024 \u0219i la Centrul Acvatic Olimpic.<\/p>\n<p><strong>&nbsp;<\/strong><\/p>\n","protected":false},"excerpt":{"rendered":"<p>Reuniunea, cu tema Realizarea Obiectivelor Dezvolt\u0103rii Durabile (ODD) prin \u00eent\u0103rirea spiritului de comunitate la nivel na\u021bional, regional \u0219i global, a fost organizat\u0103 de UIP \u00een colaborare cu Senatul Fran\u021bei \u0219i s-a adresat \u021b\u0103rilor membre ale Grupului geopolitic 12 Plus. Parlamentul Rom\u00e2niei a fost reprezentat de deputatul Ioan Cup\u0219a, vicepre\u0219edinte al Comisiei juridice, de disciplin\u0103 \u015fi [&hellip;]<\/p>\n","protected":false},"author":2,"featured_media":0,"comment_status":"closed","ping_status":"open","sticky":false,"template":"","format":"standard","meta":{"ngg_post_thumbnail":0,"footnotes":""},"categories":[3],"tags":[],"class_list":["post-2587","post","type-post","status-publish","format-standard","hentry","category-participare"],"_links":{"self":[{"href":"https:\/\/sites.senat.ro\/index.php?rest_route=\/wp\/v2\/posts\/2587","targetHints":{"allow":["GET"]}}],"collection":[{"href":"https:\/\/sites.senat.ro\/index.php?rest_route=\/wp\/v2\/posts"}],"about":[{"href":"https:\/\/sites.senat.ro\/index.php?rest_route=\/wp\/v2\/types\/post"}],"author":[{"embeddable":true,"href":"https:\/\/sites.senat.ro\/index.php?rest_route=\/wp\/v2\/users\/2"}],"replies":[{"embeddable":true,"href":"https:\/\/sites.senat.ro\/index.php?rest_route=%2Fwp%2Fv2%2Fcomments&post=2587"}],"version-history":[{"count":0,"href":"https:\/\/sites.senat.ro\/index.php?rest_route=\/wp\/v2\/posts\/2587\/revisions"}],"wp:attachment":[{"href":"https:\/\/sites.senat.ro\/index.php?rest_route=%2Fwp%2Fv2%2Fmedia&parent=2587"}],"wp:term":[{"taxonomy":"category","embeddable":true,"href":"https:\/\/sites.senat.ro\/index.php?rest_route=%2Fwp%2Fv2%2Fcategories&post=2587"},{"taxonomy":"post_tag","embeddable":true,"href":"https:\/\/sites.senat.ro\/index.php?rest_route=%2Fwp%2Fv2%2Ftags&post=2587"}],"curies":[{"name":"wp","href":"https:\/\/api.w.org\/{rel}","templated":true}]}}