{"id":2575,"date":"2024-10-03T08:50:10","date_gmt":"2024-10-03T08:50:10","guid":{"rendered":"http:\/\/sites.senat.ro\/?p=2575"},"modified":"2024-10-03T11:08:03","modified_gmt":"2024-10-03T11:08:03","slug":"reuniunea-uip-si-evenimentele-asociate-cu-ocazia-celei-de-a-68-a-sesiuni-a-comisiei-onu-pentru-statutul-femeilor-new-york-11-14-martie-2024","status":"publish","type":"post","link":"https:\/\/sites.senat.ro\/?p=2575","title":{"rendered":"Reuniunea UIP \u0219i evenimentele asociate cu ocazia celei de-a 68-a sesiuni a Comisiei ONU pentru Statutul Femeilor (New York, 11 &#8211; 14 martie 2024)"},"content":{"rendered":"<p><img loading=\"lazy\" decoding=\"async\" class=\"size-full wp-image-2576 alignleft\" src=\"https:\/\/sites.senat.ro\/wp-content\/uploads\/sites\/2\/2024\/09\/Logo.png\" alt=\"\" width=\"212\" height=\"98\">Cea de-a 68-a sesiune a Comisiei ONU pentru Statutul Femeilor (CSF), cu tema <em>Accelerarea realiz\u0103rii egalit\u0103\u021bii de gen \u0219i a emancip\u0103rii femeilor \u0219i fetelor prin combaterea s\u0103r\u0103ciei, consolidarea institu\u021biilor \u0219i finan\u021barea din perspectiva egalit\u0103\u021bii de gen<\/em>, a avut loc la New York, \u00een perioada 11-22 martie 2024<em>. <\/em>\u00cen cadrul dimensiunii parlamentare, UIP a organizat, \u00een intervalul 11-14 martie, reuniunea sa parlamentar\u0103 anual\u0103 \u015fi mai multe evenimente asociate.<\/p>\n<p>Din partea GRUI au participat deputatele Laura-C\u0103t\u0103lina Vicol-Ciorb\u0103 \u0219i Oana Murariu.<\/p>\n<p>Tema reuniunii parlamentare, organizat\u0103 \u00een ziua de 12 martie, \u00een colaborare cu Divizia ONU pentru Egalitate de Gen \u015fi Consolidarea Statutului Femeii (UN WOMEN), s-a intitulat <em>Parlamentele \u00een sprijinul femeilor \u0219i fetelor din mediul rural<\/em>.&nbsp;<\/p>\n<p>Programul a inclus dou\u0103 sesiuni de dezbateri privind <em>Prioritizarea reducerii s\u0103r\u0103ciei \u00een scopul realiz\u0103rii egalit\u0103\u021bii de gen<\/em>, respectiv, <em>Institu\u021bii sensibile la dimensiunea de gen, angajate s\u0103 \u00eentrerup\u0103 lan\u021bul s\u0103r\u0103ciei<\/em>, precum \u0219i segmentul special tema <em>Bugetarea sensibil\u0103 la dimensiunea de gen: un instrument pentru reducerea s\u0103r\u0103ciei<\/em>.<\/p>\n<p>\u00cen deschidere au luat cuv\u00e2ntul Tulia Ackson, pre\u0219edinta UIP \u0219i Sarah Hendriks, director executiv adjunct al UN WOMEN.<\/p>\n<p>\u00cen cadrul dezbaterilor, care au fost moderate de V\u00e9ronique Riotton, membr\u0103 a Biroului Forumului Femeilor Parlamentare al UIP, membr\u0103 a Parlamentului din Fran\u021ba, participan\u021bii au discutat despre rolul legislativelor \u00een promovarea emancip\u0103rii femeilor \u0219i fetelor din mediul rural. S-a pus accent pe modul \u00een care pot fi adaptate legisla\u021bia \u0219i politicile pentru a r\u0103spunde nevoilor femeilor \u0219i fetelor care tr\u0103iesc \u00een s\u0103r\u0103cie \u0219i au fost prezentate exemple de bune practici privind anularea legilor discriminatorii \u0219i combaterea inegalit\u0103\u021bilor de gen care conduc la s\u0103r\u0103cie.<\/p>\n<p>Concluziile reuniunii UIP au fost transmise Comisiei ONU pentru Statutul Femeilor, cu titlu de contribu\u021bie parlamentar\u0103 la lucr\u0103rile celei de-a 68-a sesiuni.<\/p>\n<p>\u00cen marja sesiunii CSF, UIP a organizat, \u00een zilele de 13 \u0219i14 martie, alte dou\u0103 evenimente destinate parlamentarilor, pe temele <em>Participare egal\u0103 \u0219i leadership pentru o lume mai pa\u0219nic\u0103 <\/em>\u0219i <em>Rolul femeilor \u0219i tinerilor \u00een consolidarea democra\u021biei<\/em>.<\/p>\n","protected":false},"excerpt":{"rendered":"<p>Cea de-a 68-a sesiune a Comisiei ONU pentru Statutul Femeilor (CSF), cu tema Accelerarea realiz\u0103rii egalit\u0103\u021bii de gen \u0219i a emancip\u0103rii femeilor \u0219i fetelor prin combaterea s\u0103r\u0103ciei, consolidarea institu\u021biilor \u0219i finan\u021barea din perspectiva egalit\u0103\u021bii de gen, a avut loc la New York, \u00een perioada 11-22 martie 2024. \u00cen cadrul dimensiunii parlamentare, UIP a organizat, \u00een [&hellip;]<\/p>\n","protected":false},"author":2,"featured_media":0,"comment_status":"closed","ping_status":"open","sticky":false,"template":"","format":"standard","meta":{"ngg_post_thumbnail":0,"footnotes":""},"categories":[3],"tags":[],"class_list":["post-2575","post","type-post","status-publish","format-standard","hentry","category-participare"],"_links":{"self":[{"href":"https:\/\/sites.senat.ro\/index.php?rest_route=\/wp\/v2\/posts\/2575","targetHints":{"allow":["GET"]}}],"collection":[{"href":"https:\/\/sites.senat.ro\/index.php?rest_route=\/wp\/v2\/posts"}],"about":[{"href":"https:\/\/sites.senat.ro\/index.php?rest_route=\/wp\/v2\/types\/post"}],"author":[{"embeddable":true,"href":"https:\/\/sites.senat.ro\/index.php?rest_route=\/wp\/v2\/users\/2"}],"replies":[{"embeddable":true,"href":"https:\/\/sites.senat.ro\/index.php?rest_route=%2Fwp%2Fv2%2Fcomments&post=2575"}],"version-history":[{"count":0,"href":"https:\/\/sites.senat.ro\/index.php?rest_route=\/wp\/v2\/posts\/2575\/revisions"}],"wp:attachment":[{"href":"https:\/\/sites.senat.ro\/index.php?rest_route=%2Fwp%2Fv2%2Fmedia&parent=2575"}],"wp:term":[{"taxonomy":"category","embeddable":true,"href":"https:\/\/sites.senat.ro\/index.php?rest_route=%2Fwp%2Fv2%2Fcategories&post=2575"},{"taxonomy":"post_tag","embeddable":true,"href":"https:\/\/sites.senat.ro\/index.php?rest_route=%2Fwp%2Fv2%2Ftags&post=2575"}],"curies":[{"name":"wp","href":"https:\/\/api.w.org\/{rel}","templated":true}]}}