{"id":2561,"date":"2024-10-03T08:47:35","date_gmt":"2024-10-03T08:47:35","guid":{"rendered":"http:\/\/sites.senat.ro\/?p=2561"},"modified":"2024-10-03T11:06:57","modified_gmt":"2024-10-03T11:06:57","slug":"audierile-parlamentare-la-natiunile-unite-new-york-8-9-februarie-2024","status":"publish","type":"post","link":"https:\/\/sites.senat.ro\/?p=2561","title":{"rendered":"Audierile Parlamentare la Na\u021biunile Unite (New York, 8-9 februarie 2024)"},"content":{"rendered":"<p>Edi\u021bia 2024 a Audierilor a avut tema <em>S\u0103 punem cap\u0103t conflictelor: direc\u021bii de ac\u021biune pentru un viitor pa\u0219nic<\/em><em>.&nbsp;<\/em><\/p>\n<p>La eveniment au participat delega\u021bii parlamentare din peste 70 de \u021b\u0103ri, oficiali ai Na\u021biunilor Unite, membri ai corpului diplomatic, reprezentan\u021bi ai societ\u0103\u021bii civile \u0219i ai mediului academic. Parlamentul Rom\u00e2nei a fost reprezentat de: senatoarea Silvia-Monica Dinic\u0103, vicepre\u0219edint\u0103 a GRUI; deputa\u021bii Mara-Daniela Calista \u0219i Adrian-Miroslav Merka, secretari ai Biroului Executiv al GRUI; senatorul Ion Marcel Vela, membru al Comitetului Director al GRUI; deputa\u021bii Ciprian-Constantin \u0218erban \u0219i \u0218tefan-Ovidiu Popa, membri ai GRUI.<\/p>\n<p><img loading=\"lazy\" decoding=\"async\" class=\"size-medium wp-image-2564 aligncenter\" src=\"https:\/\/sites.senat.ro\/wp-content\/uploads\/sites\/2\/2024\/09\/Foto2-300x170.jpeg\" alt=\"\" width=\"300\" height=\"170\" srcset=\"https:\/\/sites.senat.ro\/wp-content\/uploads\/2024\/09\/Foto2-300x170.jpeg 300w, https:\/\/sites.senat.ro\/wp-content\/uploads\/2024\/09\/Foto2-768x436.jpeg 768w, https:\/\/sites.senat.ro\/wp-content\/uploads\/2024\/09\/Foto2-1024x581.jpeg 1024w, https:\/\/sites.senat.ro\/wp-content\/uploads\/2024\/09\/Foto2-732x415.jpeg 732w, https:\/\/sites.senat.ro\/wp-content\/uploads\/2024\/09\/Foto2-1140x647.jpeg 1140w, https:\/\/sites.senat.ro\/wp-content\/uploads\/2024\/09\/Foto2.jpeg 1557w\" sizes=\"auto, (max-width: 300px) 100vw, 300px\" \/><\/p>\n<p>Pe parcursul reuniunii, au fost abordate subiecte referitoare la: <em>consolidarea ordinii interna\u021bionale bazat\u0103 pe reguli; reformarea sistemului multilateral;&nbsp; implicarea femeilor \u0219i tinerilor \u00een prevenirea \u0219i solu\u021bionarea conflictelor; rela\u021bia de cauzalitate dintre schimb\u0103rile climatice \u0219i conflicte; contracararea impactului negativ asupra p\u0103cii pe care \u00eel pot avea tehnologiile emergente<\/em>. \u00cen deschidere, s-au adresat participan\u021bilor pre\u0219edintele Adun\u0103rii Generale a Na\u021biunilor Unite, Dennis Francis (Trinidad \u0219i Tobago), \u0219i pre\u0219edinta UIP, Tulia Ackson (Tanzania).<\/p>\n<p>Programul a inclus \u0219i sesiunea special\u0103 <em>Diploma\u021bia parlamentar\u0103 \u00een sprijinul p\u0103cii: bune practici \u0219i provoc\u0103ri comune<\/em>, \u00een cadrul c\u0103reia au fost prezentate exemple concrete din activitatea UIP.<\/p>\n<p><img loading=\"lazy\" decoding=\"async\" class=\" wp-image-2565 alignleft\" src=\"https:\/\/sites.senat.ro\/wp-content\/uploads\/sites\/2\/2024\/09\/Foto3-121x300.jpeg\" alt=\"\" width=\"155\" height=\"384\" srcset=\"https:\/\/sites.senat.ro\/wp-content\/uploads\/2024\/09\/Foto3-121x300.jpeg 121w, https:\/\/sites.senat.ro\/wp-content\/uploads\/2024\/09\/Foto3-412x1024.jpeg 412w, https:\/\/sites.senat.ro\/wp-content\/uploads\/2024\/09\/Foto3.jpeg 644w\" sizes=\"auto, (max-width: 155px) 100vw, 155px\" \/>Senatoarea Silvia-Monica Dinic\u0103 a subliniat, \u00een interven\u021bia sa, c\u0103, \u00een absen\u021ba unui sistem eficient de guvernare global\u0103 bazat pe statul de drept, nu putem avea pace \u0219i securitate. &#8222;Rom\u00e2nia sus\u021bine Carta ONU, valorile \u0219i principiile acesteia, ordinea interna\u021bional\u0103 bazat\u0103 pe reguli \u0219i multilateralismul eficient \u0219i incluziv, \u0219i va continua s\u0103-\u0219i asume un rol activ \u00een promovarea drepturilor omului, care reprezint\u0103 fundamentul unei p\u0103ci durabile\u201d. Reprezentanta Senatului a eviden\u021biat contribu\u021bia esen\u021bial\u0103 a parlamentelor la prevenirea conflictelor, rolul \u0219i responsabilitatea ce le revin \u00een combaterea inegalit\u0103\u021bilor \u0219i inechit\u0103\u021bilor din societate, \u00een transpunerea Obiectivelor Dezvolt\u0103rii Durabile \u00een realit\u0103\u021bi na\u021bionale, \u00een implicarea cet\u0103\u021benilor \u00een procesele decizionale \u0219i \u00een facilitarea, inclusiv prin intermediul diploma\u021biei parlamentare, a dialogului \u0219i cooper\u0103rii \u00eentre state. \u00cen acela\u0219i context, a atras aten\u021bia asupra implica\u021biilor noilor tehnologii \u00een domeniul p\u0103cii \u0219i securit\u0103\u021bii \u0219i a pledat pentru consolidarea leg\u0103turilor dintre parlamentari \u0219i comunitatea \u0219tiin\u021bific\u0103, ar\u0103t\u00e2nd c\u0103 parlamentele trebuie s\u0103 aib\u0103 capacitatea de a anticipa impactul dezvolt\u0103rilor tehnologice, \u0219i nu doar de a reac\u021biona la acestea.<\/p>\n<p>\u00cen marja Audierilor, membrii delega\u021biei GRUI au avut convorbiri cu Alyn Ware, coordonator global al re\u021belei <em>Parlamentari pentru neproliferare \u0219i dezarmare nuclear\u0103<\/em> (PNND), \u00een preg\u0103tirea mesei rotunde cu tema <em>Combaterea amenin\u021b\u0103rilor strategice prin ordine de drept \u0219i securitate comun\u0103 <\/em>(organizat\u0103 de PNND \u00een marja sesiunii de prim\u0103var\u0103 a UIP, din luna martie), menit\u0103 s\u0103 aduc\u0103 \u00een aten\u021bie unul dintre principalele mecanisme de securitate comun\u0103 &#8211; Curtea Interna\u021bional\u0103 de Justi\u021bie (CIJ). \u00cen context, au fost men\u021bionate demersurile \u00eentreprinse la CIJ de Rom\u00e2nia \u00een sus\u021binerea Ucrainei, ca urmare a r\u0103zboiului ilegal de agresiune declan\u0219at de Federa\u021bia Rus\u0103.<\/p>\n","protected":false},"excerpt":{"rendered":"<p>Edi\u021bia 2024 a Audierilor a avut tema S\u0103 punem cap\u0103t conflictelor: direc\u021bii de ac\u021biune pentru un viitor pa\u0219nic.&nbsp; La eveniment au participat delega\u021bii parlamentare din peste 70 de \u021b\u0103ri, oficiali ai Na\u021biunilor Unite, membri ai corpului diplomatic, reprezentan\u021bi ai societ\u0103\u021bii civile \u0219i ai mediului academic. Parlamentul Rom\u00e2nei a fost reprezentat de: senatoarea Silvia-Monica Dinic\u0103, vicepre\u0219edint\u0103 [&hellip;]<\/p>\n","protected":false},"author":2,"featured_media":0,"comment_status":"closed","ping_status":"open","sticky":false,"template":"","format":"standard","meta":{"ngg_post_thumbnail":0,"footnotes":""},"categories":[3],"tags":[],"class_list":["post-2561","post","type-post","status-publish","format-standard","hentry","category-participare"],"_links":{"self":[{"href":"https:\/\/sites.senat.ro\/index.php?rest_route=\/wp\/v2\/posts\/2561","targetHints":{"allow":["GET"]}}],"collection":[{"href":"https:\/\/sites.senat.ro\/index.php?rest_route=\/wp\/v2\/posts"}],"about":[{"href":"https:\/\/sites.senat.ro\/index.php?rest_route=\/wp\/v2\/types\/post"}],"author":[{"embeddable":true,"href":"https:\/\/sites.senat.ro\/index.php?rest_route=\/wp\/v2\/users\/2"}],"replies":[{"embeddable":true,"href":"https:\/\/sites.senat.ro\/index.php?rest_route=%2Fwp%2Fv2%2Fcomments&post=2561"}],"version-history":[{"count":0,"href":"https:\/\/sites.senat.ro\/index.php?rest_route=\/wp\/v2\/posts\/2561\/revisions"}],"wp:attachment":[{"href":"https:\/\/sites.senat.ro\/index.php?rest_route=%2Fwp%2Fv2%2Fmedia&parent=2561"}],"wp:term":[{"taxonomy":"category","embeddable":true,"href":"https:\/\/sites.senat.ro\/index.php?rest_route=%2Fwp%2Fv2%2Fcategories&post=2561"},{"taxonomy":"post_tag","embeddable":true,"href":"https:\/\/sites.senat.ro\/index.php?rest_route=%2Fwp%2Fv2%2Ftags&post=2561"}],"curies":[{"name":"wp","href":"https:\/\/api.w.org\/{rel}","templated":true}]}}