{"id":2520,"date":"2024-10-03T08:52:35","date_gmt":"2024-10-03T08:52:35","guid":{"rendered":"http:\/\/sites.senat.ro\/?p=2520"},"modified":"2024-10-03T11:08:46","modified_gmt":"2024-10-03T11:08:46","slug":"cea-de-a-148-a-adunare-a-uip-si-reuniunile-asociate-geneva-22-27-martie-2024","status":"publish","type":"post","link":"https:\/\/sites.senat.ro\/?p=2520","title":{"rendered":"Cea de-a 148-a Adunare a UIP \u0219i reuniunile asociate (Geneva, 22-27 martie 2024)"},"content":{"rendered":"<p><img loading=\"lazy\" decoding=\"async\" class=\" wp-image-2554 alignleft\" src=\"https:\/\/sites.senat.ro\/wp-content\/uploads\/sites\/2\/2024\/09\/LOGO_148.jpg\" alt=\"\" width=\"250\" height=\"82\">Sesiunea de prim\u0103var\u0103 a UIP a \u00eenregistrat un num\u0103r record de 1500 de participan\u021bi, \u00eentre care parlamentari \u0219i secretari generali de parlamente din 144 de \u021b\u0103ri, inclusiv 51 de pre\u0219edin\u021bi de parlamente \u0219i camere parlamentare, reprezentan\u021bi ai organiza\u021biilor parlamentare interna\u021bionale, ai ONU \u0219i ai altor organiza\u021bii \u0219i institu\u021bii interna\u021bionale, exper\u021bi, membri ai corpului diplomatic, ai societ\u0103\u021bii civile \u0219i ai mass-media.<\/p>\n<p>Din delega\u021bia GRUI, condus\u0103 de senatoarea Silvia-Monica Dinic\u0103, vicepre\u0219edint\u0103 a GRUI, au f\u0103cut parte: deputa\u021bii Mara-Daniela Calista \u0219i Zakarias Zolt\u00e1n, membri ai Biroului Executiv al GRUI; senatorii Ion Marcel Vela \u0219i Sorin-Cristian Mateescu, membri ai Comitetului Director al GRUI; senatorul Ionel-D\u0103nu\u021b Cristescu \u0219i deputa\u021bii Marian-Iulian Rasaliu \u0219i Claudiu-Augustin Ili\u0219anu, membri ai GRUI.<\/p>\n<p><img loading=\"lazy\" decoding=\"async\" class=\"alignnone size-medium wp-image-2529\" src=\"https:\/\/sites.senat.ro\/wp-content\/uploads\/sites\/2\/2024\/09\/WhatsApp-Image-2024-09-12-at-13.44.09-1-300x225.jpeg\" alt=\"\" width=\"300\" height=\"225\" srcset=\"https:\/\/sites.senat.ro\/wp-content\/uploads\/2024\/09\/WhatsApp-Image-2024-09-12-at-13.44.09-1-300x225.jpeg 300w, https:\/\/sites.senat.ro\/wp-content\/uploads\/2024\/09\/WhatsApp-Image-2024-09-12-at-13.44.09-1-768x576.jpeg 768w, https:\/\/sites.senat.ro\/wp-content\/uploads\/2024\/09\/WhatsApp-Image-2024-09-12-at-13.44.09-1-1024x768.jpeg 1024w, https:\/\/sites.senat.ro\/wp-content\/uploads\/2024\/09\/WhatsApp-Image-2024-09-12-at-13.44.09-1-732x549.jpeg 732w, https:\/\/sites.senat.ro\/wp-content\/uploads\/2024\/09\/WhatsApp-Image-2024-09-12-at-13.44.09-1-1140x855.jpeg 1140w, https:\/\/sites.senat.ro\/wp-content\/uploads\/2024\/09\/WhatsApp-Image-2024-09-12-at-13.44.09-1.jpeg 1600w\" sizes=\"auto, (max-width: 300px) 100vw, 300px\" \/>&nbsp;<img loading=\"lazy\" decoding=\"async\" class=\"alignnone size-medium wp-image-2536\" src=\"https:\/\/sites.senat.ro\/wp-content\/uploads\/sites\/2\/2024\/09\/WhatsApp-Image-2024-09-12-at-13.44.10-3-300x225.jpeg\" alt=\"\" width=\"300\" height=\"225\" srcset=\"https:\/\/sites.senat.ro\/wp-content\/uploads\/2024\/09\/WhatsApp-Image-2024-09-12-at-13.44.10-3-300x225.jpeg 300w, https:\/\/sites.senat.ro\/wp-content\/uploads\/2024\/09\/WhatsApp-Image-2024-09-12-at-13.44.10-3-768x576.jpeg 768w, https:\/\/sites.senat.ro\/wp-content\/uploads\/2024\/09\/WhatsApp-Image-2024-09-12-at-13.44.10-3-1024x768.jpeg 1024w, https:\/\/sites.senat.ro\/wp-content\/uploads\/2024\/09\/WhatsApp-Image-2024-09-12-at-13.44.10-3-732x549.jpeg 732w, https:\/\/sites.senat.ro\/wp-content\/uploads\/2024\/09\/WhatsApp-Image-2024-09-12-at-13.44.10-3-1140x855.jpeg 1140w, https:\/\/sites.senat.ro\/wp-content\/uploads\/2024\/09\/WhatsApp-Image-2024-09-12-at-13.44.10-3.jpeg 1600w\" sizes=\"auto, (max-width: 300px) 100vw, 300px\" \/>&nbsp;<img loading=\"lazy\" decoding=\"async\" class=\"alignnone wp-image-2533\" src=\"https:\/\/sites.senat.ro\/wp-content\/uploads\/sites\/2\/2024\/09\/WhatsApp-Image-2024-09-12-at-13.44.09-300x207.jpeg\" alt=\"\" width=\"322\" height=\"222\" srcset=\"https:\/\/sites.senat.ro\/wp-content\/uploads\/2024\/09\/WhatsApp-Image-2024-09-12-at-13.44.09-300x207.jpeg 300w, https:\/\/sites.senat.ro\/wp-content\/uploads\/2024\/09\/WhatsApp-Image-2024-09-12-at-13.44.09-768x529.jpeg 768w, https:\/\/sites.senat.ro\/wp-content\/uploads\/2024\/09\/WhatsApp-Image-2024-09-12-at-13.44.09-1024x705.jpeg 1024w, https:\/\/sites.senat.ro\/wp-content\/uploads\/2024\/09\/WhatsApp-Image-2024-09-12-at-13.44.09-732x504.jpeg 732w, https:\/\/sites.senat.ro\/wp-content\/uploads\/2024\/09\/WhatsApp-Image-2024-09-12-at-13.44.09-1140x785.jpeg 1140w, https:\/\/sites.senat.ro\/wp-content\/uploads\/2024\/09\/WhatsApp-Image-2024-09-12-at-13.44.09.jpeg 1600w\" sizes=\"auto, (max-width: 322px) 100vw, 322px\" \/>&nbsp; &nbsp; &nbsp; &nbsp; &nbsp;&nbsp;<img loading=\"lazy\" decoding=\"async\" class=\"alignnone wp-image-2539\" src=\"https:\/\/sites.senat.ro\/wp-content\/uploads\/sites\/2\/2024\/09\/WhatsApp-Image-2024-09-12-at-13.44.09-5-300x284.jpeg\" alt=\"\" width=\"234\" height=\"222\" srcset=\"https:\/\/sites.senat.ro\/wp-content\/uploads\/2024\/09\/WhatsApp-Image-2024-09-12-at-13.44.09-5-300x284.jpeg 300w, https:\/\/sites.senat.ro\/wp-content\/uploads\/2024\/09\/WhatsApp-Image-2024-09-12-at-13.44.09-5-768x728.jpeg 768w, https:\/\/sites.senat.ro\/wp-content\/uploads\/2024\/09\/WhatsApp-Image-2024-09-12-at-13.44.09-5-1024x970.jpeg 1024w, https:\/\/sites.senat.ro\/wp-content\/uploads\/2024\/09\/WhatsApp-Image-2024-09-12-at-13.44.09-5-732x694.jpeg 732w, https:\/\/sites.senat.ro\/wp-content\/uploads\/2024\/09\/WhatsApp-Image-2024-09-12-at-13.44.09-5-1140x1080.jpeg 1140w, https:\/\/sites.senat.ro\/wp-content\/uploads\/2024\/09\/WhatsApp-Image-2024-09-12-at-13.44.09-5.jpeg 1142w\" sizes=\"auto, (max-width: 234px) 100vw, 234px\" \/><\/p>\n<p>\u00cen cadrul dezbaterii generale cu tema <em>Diploma\u021bia parlamentar\u0103: construirea de pun\u021bi \u00een sprijinul p\u0103cii \u0219i \u00een\u021belegerii, <\/em>participan\u021bii au eviden\u021biat importan\u021ba cooper\u0103rii interparlamentare \u00een actualul context interna\u021bional marcat de peste 50 de conflicte \u00een curs la nivel global.<\/p>\n<p><img loading=\"lazy\" decoding=\"async\" class=\"size-medium wp-image-2537 alignleft\" src=\"https:\/\/sites.senat.ro\/wp-content\/uploads\/sites\/2\/2024\/09\/WhatsApp-Image-2024-09-12-at-13.44.10-300x225.jpeg\" alt=\"\" width=\"300\" height=\"225\" srcset=\"https:\/\/sites.senat.ro\/wp-content\/uploads\/2024\/09\/WhatsApp-Image-2024-09-12-at-13.44.10-300x225.jpeg 300w, https:\/\/sites.senat.ro\/wp-content\/uploads\/2024\/09\/WhatsApp-Image-2024-09-12-at-13.44.10-768x576.jpeg 768w, https:\/\/sites.senat.ro\/wp-content\/uploads\/2024\/09\/WhatsApp-Image-2024-09-12-at-13.44.10-1024x768.jpeg 1024w, https:\/\/sites.senat.ro\/wp-content\/uploads\/2024\/09\/WhatsApp-Image-2024-09-12-at-13.44.10-732x549.jpeg 732w, https:\/\/sites.senat.ro\/wp-content\/uploads\/2024\/09\/WhatsApp-Image-2024-09-12-at-13.44.10-1140x855.jpeg 1140w, https:\/\/sites.senat.ro\/wp-content\/uploads\/2024\/09\/WhatsApp-Image-2024-09-12-at-13.44.10.jpeg 1600w\" sizes=\"auto, (max-width: 300px) 100vw, 300px\" \/>\u00cen interven\u021bia sa, senatoarea Silvia-Monica Dinic\u0103 a subliniat c\u0103 rolul esen\u021bial al parlamentelor \u00een prevenirea conflictelor este recunoscut \u0219i confirmat nu doar \u00een sfera parlamentar\u0103, ci \u0219i de c\u0103tre ONU, prin rezolu\u021biile Adun\u0103rii Generale privind <em>cooperarea dintre Na\u021biunile Unite, parlamentele na\u021bionale \u0219i UIP<\/em>. Acest rol const\u0103 \u00een abordarea cauzelor profunde ale conflictelor, a inechit\u0103\u021bilor \u0219i injusti\u021biei, \u00een integrarea Obiectivelor Dezvolt\u0103rii Durabile \u00een legisla\u021bia \u0219i politicile sectoriale, dar \u0219i \u00een promovarea dialogului \u0219i cooper\u0103rii interna\u021bionale. Vicepre\u0219edinta GRUI a eviden\u021biat implicarea activ\u0103 a parlamentarilor rom\u00e2ni \u00een diferitele formate de cooperare bilateral\u0103, regional\u0103 \u0219i multilateral\u0103, men\u021bion\u00e2nd c\u0103 Rom\u00e2nia va g\u0103zdui \u00een cur\u00e2nd sesiunea anual\u0103 a Adun\u0103rii Parlamentare a OSCE, la care parlamentari din peste 50 de \u021b\u0103ri de pe trei continente vor dezbate subiecte de interes major pentru securitatea spa\u021biului transatlantic. A ad\u0103ugat c\u0103 diploma\u021bia parlamentar\u0103 faciliteaz\u0103 schimbul de informa\u021bii \u0219i experien\u021b\u0103 \u00eentre forurile legislative, ajut\u00e2ndu-le s\u0103 monitorizeze mai eficient activitatea guvernului \u00een domeniul politicii externe \u0219i transpunerea \u00een practic\u0103 a acordurilor interna\u021bionale, s\u0103 reprezinte mai bine interesele cet\u0103\u021benilor \u0219i, astfel, s\u0103 combat\u0103 cauzele profunde ale conflictelor. &#8222;Diversitatea crizelor \u0219i conflictelor cu care ne confrunt\u0103m ne oblig\u0103 s\u0103 apel\u0103m la noi formate de cooperare care sunt necesare, dar pe care nu ni le-am fi dorit, precum Platforma Crimeea \u0219i dimensiunea sa parlamentar\u0103 sau grupurile de sprijin pentru Ucraina din Adun\u0103rile Parlamentare ale NATO \u0219i OSCE \u0219i grupul special \u00eenfiin\u021bat de UIP ca urmare a agresiunii Rusiei \u00eempotriva Ucrainei. Din p\u0103cate, parlamentele continu\u0103 s\u0103 aloce timp \u0219i resurse importante pentru a aborda conflictele \u0219i consecin\u021bele acestora, c\u00e2nd, de fapt, poten\u021bialul diploma\u021biei parlamentare ar trebui valorificat integral pentru promovarea dezvolt\u0103rii durabile la scar\u0103 global\u0103, pentru \u00eembun\u0103t\u0103\u021birea vie\u021bii oamenilor, abordarea amenin\u021b\u0103rilor asociate noilor tehnologii, combaterea schimb\u0103rilor climatice \u0219i p\u0103strarea integrit\u0103\u021bii planetei pentru genera\u021biile care vor veni&#8221;. Vicepre\u0219edinta GRUI a subliniat c\u0103 diploma\u021bia parlamentar\u0103 este \u00een beneficiul cet\u0103\u021benilor doar atunci c\u00e2nd sus\u021bine \u0219i promoveaz\u0103 principiile \u0219i valorile pe care se fundamenteaz\u0103 democra\u021bia, statul de drept \u0219i drepturile omului \u0219i a reiterat angajamentul Parlamentului Rom\u00e2niei de a coopera cu parlamente din \u00eentreaga lume pentru ap\u0103rarea acestor principii \u0219i valori care reprezint\u0103 pilonii unei p\u0103ci durabile.<\/p>\n<p><a href=\"https:\/\/www.ipu.org\/file\/18873\/download\"><em>Declara\u021bia de la Geneva<\/em><\/a>, adoptat\u0103 la finalul sesiunii, sintetizeaz\u0103 principalele recomand\u0103ri \u0219i concluzii ale dezbaterii generale. Adunarea a adoptat \u0219i dou\u0103 rezolu\u021bii privind <a href=\"https:\/\/www.ipu.org\/file\/18875\/download\"><em>Impactul social \u0219i umanitar al sistemelor de arme autonome \u0219i al inteligen\u021bei artificiale&nbsp;<\/em><\/a>(elaborat\u0103 de Comisia UIP pentru pace \u0219i securitate interna\u021bional\u0103) \u0219i <a href=\"https:\/\/www.ipu.org\/file\/18877\/download\"><em>Parteneriate pentru ac\u021biune climatic\u0103; promovarea accesului la energie verde la pre\u021buri accesibile \u0219i \u00eencurajarea inova\u021biei, responsabilit\u0103\u021bii \u0219i echit\u0103\u021bii<\/em><\/a> (elaborat\u0103 de Comisia UIP pentru dezvoltare durabil\u0103). Totodat\u0103, \u00een plenul Adun\u0103rii a fost prezentat\u0103&nbsp;<a href=\"https:\/\/www.ipu.org\/file\/18882\/download\"><em>Declara\u021bia conducerii UIP&nbsp;<\/em><em>privind situa\u021bia din F\u00e2\u0219ia Gaza<\/em><\/a><em>.<\/em><\/p>\n<p>Consiliul Director a examinat rapoartele de activitate ale pre\u0219edintelui, Comitetului Executiv \u0219i secretarului general ai UIP \u0219i a aprobat acordarea statutului de observator la UIP pentru Organiza\u021bia pentru legisla\u021bia interna\u021bional\u0103 \u00een domeniul dezvolt\u0103rii (IDLO) \u0219i Conferin\u021ba permanent\u0103 a partidelor politice din America Latin\u0103 \u0219i Caraibi (COPPAL). La propunerea Comitetului UIP pentru drepturile omului ale parlamentarilor, Consiliul a adoptat decizii referitoare la 268 de parlamentari din 14 \u021b\u0103ri, ale c\u0103ror drepturi au fost \u00eenc\u0103lcate.<\/p>\n<p>Comisia UIP pentru democra\u021bie \u0219i drepturile omului a organizat dou\u0103 dezbateri privind <em>impactul inteligen\u021bei artificiale asupra democra\u021biei, drepturilor omului \u0219i statului de drept<\/em> \u0219i, respectiv, <em>ameliorarea condi\u021biilor de via\u021b\u0103 ale persoanelor cu handicap, inclusiv accesul la educa\u021bie \u0219i locuri de munc\u0103<\/em>, iar Comisia UIP pentru Na\u021biunile Unite a discutat despre rolul \u0219i activitatea Biroului ONU pentru tineri \u0219i a adoptat o mo\u021biune referitoare la <em>reforma Consiliului de Securitate al ONU.<\/em><\/p>\n<p><img loading=\"lazy\" decoding=\"async\" class=\"size-medium wp-image-2557 alignleft\" src=\"https:\/\/sites.senat.ro\/wp-content\/uploads\/sites\/2\/2024\/09\/27cefb6c-290d-460a-ad6b-717897bf4c9a-300x225.jpg\" alt=\"\" width=\"300\" height=\"225\" srcset=\"https:\/\/sites.senat.ro\/wp-content\/uploads\/2024\/09\/27cefb6c-290d-460a-ad6b-717897bf4c9a-300x225.jpg 300w, https:\/\/sites.senat.ro\/wp-content\/uploads\/2024\/09\/27cefb6c-290d-460a-ad6b-717897bf4c9a-768x576.jpg 768w, https:\/\/sites.senat.ro\/wp-content\/uploads\/2024\/09\/27cefb6c-290d-460a-ad6b-717897bf4c9a-1024x768.jpg 1024w, https:\/\/sites.senat.ro\/wp-content\/uploads\/2024\/09\/27cefb6c-290d-460a-ad6b-717897bf4c9a-732x549.jpg 732w, https:\/\/sites.senat.ro\/wp-content\/uploads\/2024\/09\/27cefb6c-290d-460a-ad6b-717897bf4c9a-1140x855.jpg 1140w, https:\/\/sites.senat.ro\/wp-content\/uploads\/2024\/09\/27cefb6c-290d-460a-ad6b-717897bf4c9a.jpg 1600w\" sizes=\"auto, (max-width: 300px) 100vw, 300px\" \/>Forumul femeilor parlamentare a examinat, din perspectiva egalit\u0103\u021bii \u00eentre femei \u0219i b\u0103rba\u021bi, proiectul de rezolu\u021bie privind <em><a href=\"https:\/\/www.ipu.org\/file\/18875\/download\">Impactul social \u0219i umanitar al sistemelor de arme autonome \u0219i al inteligen\u021bei artificiale<\/a>. <\/em>Programul a inclus \u0219i o dezbatere cu tema <em>Femeile, pacea \u0219i securitatea<\/em>, \u00een cadrul c\u0103reia senatoarea Silvia-Monica Dinic\u0103 a prezentat obiectivele strategiei na\u021bionale a Rom\u00e2niei \u00een domeniu.&nbsp; Vicepre\u0219edinta GRUI a men\u021bionat c\u0103 femeile din Rom\u00e2nia care particip\u0103 la misiunile interna\u021bionale ale ONU, NATO, OSCE \u0219i UE au o contribu\u021bie major\u0103 \u00een \u00een\u021belegerea nevoilor \u0219i provoc\u0103rilor cu care se confrunt\u0103 comunit\u0103\u021bile locale. &#8222;Experien\u021ba noastr\u0103 confirm\u0103 c\u0103 participarea deplin\u0103 \u0219i egal\u0103 \u0219i leadership-ul femeilor pe parcursul \u00eentregului ciclu al conflictelor, inclusiv protec\u021bia \u0219i preven\u021bia, guvernarea pe principii democratice \u0219i redresarea post-conflict, sunt de ne\u00eenlocuit&#8221;. Senatoarea Dinic\u0103 a amintit c\u0103 Rom\u00e2nia a exercitat, \u00een 2023, co-pre\u0219edin\u021bia Re\u021belei globale a punctelor focale na\u021bionale pentru <em>Femei, pace \u0219i securitate, <\/em>mandat care s-a bucurat de un sprijin substan\u021bial din partea parlamentului. &#8222;Pornind de la experien\u021ba noastr\u0103, recomand\u0103m o c\u00e2t mai str\u00e2ns\u0103 interac\u021biune a femeilor parlamentare \u0219i a comisiilor parlamentare de resort cu punctele focale na\u021bionale pentru <em>Femei, pace \u0219i securitate<\/em>, \u00een scopul promov\u0103rii Agendei FPS. Iar \u00een \u021b\u0103rile \u00een care nu exist\u0103 \u00eenc\u0103 puncte focale, parlamentele pot avea \u00een vedere promovarea acestora&#8221;, a subliniat reprezentanta GRUI.<\/p>\n<p>Forumul tinerilor parlamentari au examinat, din perspectiva tinerilor, tema general\u0103 a Adun\u0103rii &nbsp;\u0219i temele proiectelor de rezolu\u021bie ale comisiilor pentru pace \u0219i securitate interna\u021bional\u0103 \u0219i dezvoltare durabil\u0103. Pe agend\u0103 a figurat \u0219i o sesiune de \u00eentreb\u0103ri \u0219i r\u0103spunsuri privind campania UIP \u201d<em>Spun DA tinerilor \u00een parlament!<\/em>\u201d.<\/p>\n<p>Grupul de lucru pentru \u0219tiin\u021b\u0103 \u0219i tehnologie a trecut \u00een revist\u0103 progresele \u00eenregistrate \u00een elaborarea <em>Cartei UIP privind etica \u00een \u0219tiin\u021b\u0103 \u0219i tehnologie<\/em> \u0219i a decis ca proiectul preliminar al Cartei s\u0103 fie distribuit membrilor UIP, spre consultare, \u0219i, \u00eentr-o etap\u0103 ulterioar\u0103, s\u0103 fie transmis UNESCO \u0219i altor structuri ale ONU cu competen\u021be \u00een domeniu.<\/p>\n<p><img loading=\"lazy\" decoding=\"async\" class=\"size-medium wp-image-2559 alignleft\" src=\"https:\/\/sites.senat.ro\/wp-content\/uploads\/sites\/2\/2024\/09\/ecad2f12-acd1-421c-ba69-a696b1fbfd69-176x300.jpg\" alt=\"\" width=\"176\" height=\"300\" srcset=\"https:\/\/sites.senat.ro\/wp-content\/uploads\/2024\/09\/ecad2f12-acd1-421c-ba69-a696b1fbfd69-176x300.jpg 176w, https:\/\/sites.senat.ro\/wp-content\/uploads\/2024\/09\/ecad2f12-acd1-421c-ba69-a696b1fbfd69-768x1311.jpg 768w, https:\/\/sites.senat.ro\/wp-content\/uploads\/2024\/09\/ecad2f12-acd1-421c-ba69-a696b1fbfd69-600x1024.jpg 600w, https:\/\/sites.senat.ro\/wp-content\/uploads\/2024\/09\/ecad2f12-acd1-421c-ba69-a696b1fbfd69-732x1250.jpg 732w, https:\/\/sites.senat.ro\/wp-content\/uploads\/2024\/09\/ecad2f12-acd1-421c-ba69-a696b1fbfd69.jpg 937w\" sizes=\"auto, (max-width: 176px) 100vw, 176px\" \/>Senatoarea Silvia-Monica Dinic\u0103, membr\u0103 a Grupului, a avut mai multe interven\u021bii \u00een care a prezentat obiectivele, mandatul \u0219i priorit\u0103\u021bile Comisiei pentru \u0219tiin\u021b\u0103, inovare \u0219i tehnologie a Senatului, pe care o prezideaz\u0103. La solicitarea membrilor Grupului, a oferit detalii \u0219i exemple privind colaborarea cu reprezentan\u021bii comunit\u0103\u021bii \u0219tiin\u021bifice \u0219i rezultatele concrete \u00een plan legislativ, locul \u0219i rolul comisiei \u00een ansamblul structurilor specializate ale parlamentului \u0219i modul de interac\u021biune cu celelalte comisii permanente.<\/p>\n<p style=\"text-align: center\">***<\/p>\n<p>Deputatul Zakarias Zolt\u00e1n a participat la <strong>masa rotund\u0103 cu tema <em>De la Luanda la Summit-ul viitorului ONU: abordarea amenin\u021b\u0103rilor strategice \u0219i existen\u021biale prin securitate comun\u0103 \u0219i stat de drept<\/em><\/strong>, ocazie cu care a precizat c\u0103 Rom\u00e2nia este un sus\u021bin\u0103tor puternic al Cur\u021bii Interna\u021bionale de Justi\u021bie (CIJ), ca garant al suprema\u021biei legii \u00een rela\u021biile interna\u021bionale. Totodat\u0103 a men\u021bionat, cu titlu de exemplu, solu\u021bionarea, \u00een anul 2019, a cererii privind delimitarea spa\u021biilor maritime ale Rom\u00e2niei \u0219i Ucrainei \u00een Marea Neagr\u0103, cauz\u0103 sesizat\u0103 de Rom\u00e2nia, \u0219i a f\u0103cut apel la state s\u0103 accepte jurisdic\u021bia Cur\u021bii, \u00een scopul promov\u0103rii stabilit\u0103\u021bii prin aplicarea legii, \u00een climatul actual extrem de volatil.<\/p>\n<p><img loading=\"lazy\" decoding=\"async\" class=\"size-medium wp-image-2546 aligncenter\" src=\"https:\/\/sites.senat.ro\/wp-content\/uploads\/sites\/2\/2024\/09\/WhatsApp-Image-2024-09-12-at-14.30.12-225x300.jpeg\" alt=\"\" width=\"225\" height=\"300\" srcset=\"https:\/\/sites.senat.ro\/wp-content\/uploads\/2024\/09\/WhatsApp-Image-2024-09-12-at-14.30.12-225x300.jpeg 225w, https:\/\/sites.senat.ro\/wp-content\/uploads\/2024\/09\/WhatsApp-Image-2024-09-12-at-14.30.12-768x1024.jpeg 768w, https:\/\/sites.senat.ro\/wp-content\/uploads\/2024\/09\/WhatsApp-Image-2024-09-12-at-14.30.12-732x976.jpeg 732w, https:\/\/sites.senat.ro\/wp-content\/uploads\/2024\/09\/WhatsApp-Image-2024-09-12-at-14.30.12-1140x1520.jpeg 1140w, https:\/\/sites.senat.ro\/wp-content\/uploads\/2024\/09\/WhatsApp-Image-2024-09-12-at-14.30.12.jpeg 1200w\" sizes=\"auto, (max-width: 225px) 100vw, 225px\" \/><\/p>\n<p style=\"text-align: center\">***<\/p>\n<p>Deputata Mara-Daniela Calista a avut o interven\u021bie la <strong>dezbaterea paritar\u0103 <em>Eliminarea discrimin\u0103rii, transformarea pierderilor economice \u00een c\u00e2\u0219tiguri<\/em><\/strong>, prilej cu care a amintit c\u0103 procentul femeilor parlamentare este redus (26,9%) \u0219i a pledat pentru o reprezentare corect\u0103 a femeilor \u00een legislativ \u0219i \u00een func\u021biile de decizie. De asemenea, a adresat tuturor femeilor parlamentare apelul de a lua decizii prin care femeile s\u0103 beneficieze de un echilibru \u00eentre via\u021ba de familie \u0219i cea profesional\u0103, s\u0103 fie independente financiar \u0219i s\u0103 se poat\u0103 implica \u00een societate. \u201eAm lucrat intens \u00een Parlamentul Rom\u00e2niei pentru a adopta mai multe legi menite s\u0103 reduc\u0103 disparit\u0103\u021bile dintre b\u0103rba\u021bi \u0219i femei \u0219i s\u0103 combat\u0103 violen\u021ba \u00eempotriva femeilor, pentru a oferi \u0219anse reale tuturor femeilor s\u0103 avanseze \u00een carier\u0103, reu\u0219ind s\u0103 echilibreze via\u021ba de familie cu cea personal\u0103. Am \u00eencurajat parteneriatul egal dintre so\u021bi, iar \u00een prezent ne str\u0103duim s\u0103 introducem cotele de gen pentru a facilita accesul femeilor \u00een politic\u0103. Am \u00eencredere c\u0103 vom primi \u0219i pe viitor sus\u021binerea necesar\u0103 pentru a corecta aceste dezechilibre\u201d.<\/p>\n<p><img loading=\"lazy\" decoding=\"async\" class=\"size-medium wp-image-2547 aligncenter\" src=\"https:\/\/sites.senat.ro\/wp-content\/uploads\/sites\/2\/2024\/09\/WhatsApp-Image-2024-09-12-at-14.34.26-236x300.jpeg\" alt=\"\" width=\"236\" height=\"300\" srcset=\"https:\/\/sites.senat.ro\/wp-content\/uploads\/2024\/09\/WhatsApp-Image-2024-09-12-at-14.34.26-236x300.jpeg 236w, https:\/\/sites.senat.ro\/wp-content\/uploads\/2024\/09\/WhatsApp-Image-2024-09-12-at-14.34.26-768x975.jpeg 768w, https:\/\/sites.senat.ro\/wp-content\/uploads\/2024\/09\/WhatsApp-Image-2024-09-12-at-14.34.26-807x1024.jpeg 807w, https:\/\/sites.senat.ro\/wp-content\/uploads\/2024\/09\/WhatsApp-Image-2024-09-12-at-14.34.26-732x929.jpeg 732w, https:\/\/sites.senat.ro\/wp-content\/uploads\/2024\/09\/WhatsApp-Image-2024-09-12-at-14.34.26-1140x1447.jpeg 1140w, https:\/\/sites.senat.ro\/wp-content\/uploads\/2024\/09\/WhatsApp-Image-2024-09-12-at-14.34.26.jpeg 1144w\" sizes=\"auto, (max-width: 236px) 100vw, 236px\" \/><\/p>\n<p style=\"text-align: center\">***<\/p>\n<p>Programul sesiunii UIP a mai inclus mese rotunde, ateliere \u0219i dezbateri dedicate unor teme precum: <em>crizele multilateralismului &#8211; cauze \u0219i posibile solu\u021bii<\/em>; <em>consolidarea legisla\u021biei \u00een domeniul climatic; dialogul interconfesional; securitatea uman\u0103; Inteligen\u021ba Artificial\u0103<\/em>; <em>protejarea drepturilor minorit\u0103\u021bilor prin legisla\u021bie<\/em>; <em>s\u0103n\u0103tatea \u00een situa\u021bii de criz\u0103<\/em>.<\/p>\n<p>&nbsp;<\/p>\n","protected":false},"excerpt":{"rendered":"<p>Sesiunea de prim\u0103var\u0103 a UIP a \u00eenregistrat un num\u0103r record de 1500 de participan\u021bi, \u00eentre care parlamentari \u0219i secretari generali de parlamente din 144 de \u021b\u0103ri, inclusiv 51 de pre\u0219edin\u021bi de parlamente \u0219i camere parlamentare, reprezentan\u021bi ai organiza\u021biilor parlamentare interna\u021bionale, ai ONU \u0219i ai altor organiza\u021bii \u0219i institu\u021bii interna\u021bionale, exper\u021bi, membri ai corpului diplomatic, ai [&hellip;]<\/p>\n","protected":false},"author":2,"featured_media":0,"comment_status":"closed","ping_status":"open","sticky":false,"template":"","format":"standard","meta":{"ngg_post_thumbnail":0,"footnotes":""},"categories":[3],"tags":[],"class_list":["post-2520","post","type-post","status-publish","format-standard","hentry","category-participare"],"_links":{"self":[{"href":"https:\/\/sites.senat.ro\/index.php?rest_route=\/wp\/v2\/posts\/2520","targetHints":{"allow":["GET"]}}],"collection":[{"href":"https:\/\/sites.senat.ro\/index.php?rest_route=\/wp\/v2\/posts"}],"about":[{"href":"https:\/\/sites.senat.ro\/index.php?rest_route=\/wp\/v2\/types\/post"}],"author":[{"embeddable":true,"href":"https:\/\/sites.senat.ro\/index.php?rest_route=\/wp\/v2\/users\/2"}],"replies":[{"embeddable":true,"href":"https:\/\/sites.senat.ro\/index.php?rest_route=%2Fwp%2Fv2%2Fcomments&post=2520"}],"version-history":[{"count":0,"href":"https:\/\/sites.senat.ro\/index.php?rest_route=\/wp\/v2\/posts\/2520\/revisions"}],"wp:attachment":[{"href":"https:\/\/sites.senat.ro\/index.php?rest_route=%2Fwp%2Fv2%2Fmedia&parent=2520"}],"wp:term":[{"taxonomy":"category","embeddable":true,"href":"https:\/\/sites.senat.ro\/index.php?rest_route=%2Fwp%2Fv2%2Fcategories&post=2520"},{"taxonomy":"post_tag","embeddable":true,"href":"https:\/\/sites.senat.ro\/index.php?rest_route=%2Fwp%2Fv2%2Ftags&post=2520"}],"curies":[{"name":"wp","href":"https:\/\/api.w.org\/{rel}","templated":true}]}}