{"id":250,"date":"2018-07-07T08:25:57","date_gmt":"2018-07-07T08:25:57","guid":{"rendered":"http:\/\/sites.senat.ro\/?p=250"},"modified":"2019-01-23T10:10:58","modified_gmt":"2019-01-23T10:10:58","slug":"cea-de-a-42-a-sesiune-a-comitetului-patrimoniului-mondial-al-unesco-manama-regatul-bahrain-28-iunie-4-iulie","status":"publish","type":"post","link":"https:\/\/sites.senat.ro\/?p=250","title":{"rendered":"Cea de-a 42-a sesiune a Comitetului Patrimoniului Mondial al UNESCO (Manama, 28 iunie &#8211; 4 iulie 2018)"},"content":{"rendered":"<p style=\"text-align: justify\"><img loading=\"lazy\" decoding=\"async\" class=\"alignleft wp-image-141\" src=\"https:\/\/sites.senat.ro\/wp-content\/uploads\/sites\/2\/2018\/07\/unesco.png\" alt=\"\" width=\"110\" height=\"82\">\u00cen perioada 28 iunie &#8211; 4 iulie a.c., o delega\u021bie a Comisiei permanente comune a Camerei Deputa\u0163ilor \u015fi Senatului pentru rela\u0163ia cu UNESCO, condus\u0103 de dl <strong>deputat Ionel Pal\u0103r<\/strong>, pre\u0219edintele Comisiei, a participat, la Manama, la&nbsp; <span style=\"color: #000000\"><em><strong>cea de-a 42-a sesiune a Comitetului Patrimoniului Mondial al UNESCO<\/strong><\/em><\/span>. Din delega\u021bie au f\u0103cut parte: dl<strong> senator Vlad-Tudor Alexandrescu<\/strong>, secretar al Comisiei; dnii <strong>deputa\u021bi \u0218tefan-Alexandru B\u0103i\u0219anu<\/strong>, <strong>Sorin Laz\u0103r<\/strong> \u0219i <strong>Lucian-Eduard Simion<\/strong>, membri.<\/p>\n<p style=\"text-align: justify\">Pe agenda Comitetului au figurat mai multe rapoarte, \u00eentre care cele referitoare la: activit\u0103\u021bile Centrului Patrimoniului Mondial; stadiul de conservare a bunurilor incluse pe listele Patrimoniului Mondial \u0219i Patrimoniului Mondial \u00een pericol; nominaliz\u0103ri \u0219i actualizarea respectivelor liste; Strategia global\u0103 pentru o List\u0103 a Patrimoniului Mondial reprezentativ\u0103, echilibrat\u0103 \u0219i credibil\u0103.&nbsp;La solicitarea Guvernului Rom\u00e2niei, Comitetul a decis \u00een unanimitate am\u00e2narea \u00eenscrierii \u00een Lista Patrimoniului Mondial UNESCO a Peisajului Cultural Minier de la Ro\u0219ia Montan\u0103. \u00cen r\u00e2ndul membrilor delega\u021biei parlamentare rom\u00e2ne s-au exprimat opinii at\u00e2t&nbsp; \u00een sus\u021binerea, c\u00e2t \u0219i contrare acestui demers.&nbsp;19&nbsp; noi situri (13 culturale, trei naturale \u0219i trei mixte) au fost \u00eenscrise \u00een Lista Patrimoniului Mondial, care num\u0103r\u0103 \u00een prezent 1092 de situri din 167 de \u021b\u0103ri<strong>.<\/strong><\/p>\n<table style=\"width: 100%;border-collapse: collapse\" border=\"0\">\n<tbody>\n<tr>\n<td style=\"width: 28.0276%\"><img loading=\"lazy\" decoding=\"async\" class=\"aligncenter wp-image-145 size-medium\" src=\"https:\/\/sites.senat.ro\/wp-content\/uploads\/sites\/2\/2018\/07\/foto-1-UNESCO-300x225.jpg\" alt=\"\" width=\"300\" height=\"225\" srcset=\"https:\/\/sites.senat.ro\/wp-content\/uploads\/2018\/07\/foto-1-UNESCO-300x225.jpg 300w, https:\/\/sites.senat.ro\/wp-content\/uploads\/2018\/07\/foto-1-UNESCO.jpg 640w\" sizes=\"auto, (max-width: 300px) 100vw, 300px\" \/><\/td>\n<td style=\"width: 40.9703%\"><img loading=\"lazy\" decoding=\"async\" class=\"aligncenter wp-image-146 size-medium\" src=\"https:\/\/sites.senat.ro\/wp-content\/uploads\/sites\/2\/2018\/07\/foto-2-UNESCO-300x225.jpg\" alt=\"\" width=\"300\" height=\"225\" srcset=\"https:\/\/sites.senat.ro\/wp-content\/uploads\/2018\/07\/foto-2-UNESCO-300x225.jpg 300w, https:\/\/sites.senat.ro\/wp-content\/uploads\/2018\/07\/foto-2-UNESCO.jpg 640w\" sizes=\"auto, (max-width: 300px) 100vw, 300px\" \/><\/td>\n<\/tr>\n<\/tbody>\n<\/table>\n<p>&nbsp;<\/p>\n","protected":false},"excerpt":{"rendered":"<p>\u00cen perioada 28 iunie &#8211; 4 iulie a.c., o delega\u021bie a Comisiei permanente comune a Camerei Deputa\u0163ilor \u015fi Senatului pentru rela\u0163ia cu UNESCO, condus\u0103 de dl deputat Ionel Pal\u0103r, pre\u0219edintele Comisiei, a participat, la Manama, la&nbsp; cea de-a 42-a sesiune a Comitetului Patrimoniului Mondial al UNESCO. Din delega\u021bie au f\u0103cut parte: dl senator Vlad-Tudor Alexandrescu, [&hellip;]<\/p>\n","protected":false},"author":2,"featured_media":0,"comment_status":"closed","ping_status":"open","sticky":false,"template":"","format":"standard","meta":{"ngg_post_thumbnail":0,"footnotes":""},"categories":[4],"tags":[],"class_list":["post-250","post","type-post","status-publish","format-standard","hentry","category-onu"],"_links":{"self":[{"href":"https:\/\/sites.senat.ro\/index.php?rest_route=\/wp\/v2\/posts\/250","targetHints":{"allow":["GET"]}}],"collection":[{"href":"https:\/\/sites.senat.ro\/index.php?rest_route=\/wp\/v2\/posts"}],"about":[{"href":"https:\/\/sites.senat.ro\/index.php?rest_route=\/wp\/v2\/types\/post"}],"author":[{"embeddable":true,"href":"https:\/\/sites.senat.ro\/index.php?rest_route=\/wp\/v2\/users\/2"}],"replies":[{"embeddable":true,"href":"https:\/\/sites.senat.ro\/index.php?rest_route=%2Fwp%2Fv2%2Fcomments&post=250"}],"version-history":[{"count":0,"href":"https:\/\/sites.senat.ro\/index.php?rest_route=\/wp\/v2\/posts\/250\/revisions"}],"wp:attachment":[{"href":"https:\/\/sites.senat.ro\/index.php?rest_route=%2Fwp%2Fv2%2Fmedia&parent=250"}],"wp:term":[{"taxonomy":"category","embeddable":true,"href":"https:\/\/sites.senat.ro\/index.php?rest_route=%2Fwp%2Fv2%2Fcategories&post=250"},{"taxonomy":"post_tag","embeddable":true,"href":"https:\/\/sites.senat.ro\/index.php?rest_route=%2Fwp%2Fv2%2Ftags&post=250"}],"curies":[{"name":"wp","href":"https:\/\/api.w.org\/{rel}","templated":true}]}}