{"id":2494,"date":"2024-07-15T10:35:45","date_gmt":"2024-07-15T10:35:45","guid":{"rendered":"http:\/\/sites.senat.ro\/?p=2494"},"modified":"2024-07-15T10:35:45","modified_gmt":"2024-07-15T10:35:45","slug":"parlamentele-si-drepturile-omului-un-set-de-instrumente-de-autoevaluare","status":"publish","type":"post","link":"https:\/\/sites.senat.ro\/?p=2494","title":{"rendered":"Parlamentele \u0219i drepturile omului \u2013 un set de instrumente de autoevaluare"},"content":{"rendered":"<p><img loading=\"lazy\" decoding=\"async\" class=\"size-medium wp-image-2495 alignleft\" src=\"https:\/\/sites.senat.ro\/wp-content\/uploads\/sites\/2\/2024\/05\/phreng-210x300.jpg\" alt=\"\" width=\"210\" height=\"300\" srcset=\"https:\/\/sites.senat.ro\/wp-content\/uploads\/2024\/05\/phreng-210x300.jpg 210w, https:\/\/sites.senat.ro\/wp-content\/uploads\/2024\/05\/phreng.jpg 456w\" sizes=\"auto, (max-width: 210px) 100vw, 210px\" \/>Realizat\u0103 de UIP \u00een parteneriat cu OHCHR, publica\u021bia sprijin\u0103 parlamentele \u00een demersurile de integrare a drepturilor omului \u00een activitatea lor \u0219i, \u00een acela\u0219i timp, eviden\u021biaz\u0103 rolul de ap\u0103r\u0103tori ai drepturilor omului, pe care parlamentarii trebuie s\u0103 \u0219i-l asume \u00een raport cu cet\u0103\u021benii.&nbsp;<\/p>\n<p>Setul de instrumente este relevant pentru parlamente din toate sistemele politice, indiferent de m\u0103rimea lor sau de \u021bara \u00een care se afl\u0103. Publica\u021bia prezint\u0103 principalele norme, tratate \u0219i mecanisme interna\u021bionale care stau la baza drepturilor omului \u0219i explic\u0103 modul \u00een care parlamentele le pot implementa la nivel na\u021bional.<\/p>\n<p>Con\u021binutul integral poate fi consultat <a href=\"https:\/\/www.ipu.org\/resources\/publications\/toolkits\/2023-10\/parliaments-and-human-rights-self-assessment-toolkit\">aici<\/a>.<\/p>\n","protected":false},"excerpt":{"rendered":"<p>Realizat\u0103 de UIP \u00een parteneriat cu OHCHR, publica\u021bia sprijin\u0103 parlamentele \u00een demersurile de integrare a drepturilor omului \u00een activitatea lor \u0219i, \u00een acela\u0219i timp, eviden\u021biaz\u0103 rolul de ap\u0103r\u0103tori ai drepturilor omului, pe care parlamentarii trebuie s\u0103 \u0219i-l asume \u00een raport cu cet\u0103\u021benii.&nbsp; Setul de instrumente este relevant pentru parlamente din toate sistemele politice, indiferent de [&hellip;]<\/p>\n","protected":false},"author":2,"featured_media":0,"comment_status":"closed","ping_status":"open","sticky":false,"template":"","format":"standard","meta":{"ngg_post_thumbnail":0,"footnotes":""},"categories":[6,2],"tags":[],"class_list":["post-2494","post","type-post","status-publish","format-standard","hentry","category-publicatii","category-repere"],"_links":{"self":[{"href":"https:\/\/sites.senat.ro\/index.php?rest_route=\/wp\/v2\/posts\/2494","targetHints":{"allow":["GET"]}}],"collection":[{"href":"https:\/\/sites.senat.ro\/index.php?rest_route=\/wp\/v2\/posts"}],"about":[{"href":"https:\/\/sites.senat.ro\/index.php?rest_route=\/wp\/v2\/types\/post"}],"author":[{"embeddable":true,"href":"https:\/\/sites.senat.ro\/index.php?rest_route=\/wp\/v2\/users\/2"}],"replies":[{"embeddable":true,"href":"https:\/\/sites.senat.ro\/index.php?rest_route=%2Fwp%2Fv2%2Fcomments&post=2494"}],"version-history":[{"count":0,"href":"https:\/\/sites.senat.ro\/index.php?rest_route=\/wp\/v2\/posts\/2494\/revisions"}],"wp:attachment":[{"href":"https:\/\/sites.senat.ro\/index.php?rest_route=%2Fwp%2Fv2%2Fmedia&parent=2494"}],"wp:term":[{"taxonomy":"category","embeddable":true,"href":"https:\/\/sites.senat.ro\/index.php?rest_route=%2Fwp%2Fv2%2Fcategories&post=2494"},{"taxonomy":"post_tag","embeddable":true,"href":"https:\/\/sites.senat.ro\/index.php?rest_route=%2Fwp%2Fv2%2Ftags&post=2494"}],"curies":[{"name":"wp","href":"https:\/\/api.w.org\/{rel}","templated":true}]}}