{"id":2490,"date":"2024-07-15T10:35:28","date_gmt":"2024-07-15T10:35:28","guid":{"rendered":"http:\/\/sites.senat.ro\/?p=2490"},"modified":"2024-07-15T10:35:28","modified_gmt":"2024-07-15T10:35:28","slug":"raportul-privind-participarea-tinerilor-in-parlamentele-nationale-2023","status":"publish","type":"post","link":"https:\/\/sites.senat.ro\/?p=2490","title":{"rendered":"Raportul privind participarea tinerilor \u00een parlamentele na\u021bionale \u2013 2023"},"content":{"rendered":"<p><img loading=\"lazy\" decoding=\"async\" class=\"size-medium wp-image-2491 alignleft\" src=\"https:\/\/sites.senat.ro\/wp-content\/uploads\/sites\/2\/2024\/05\/yth_eng-2-300x222.jpg\" alt=\"\" width=\"300\" height=\"222\" srcset=\"https:\/\/sites.senat.ro\/wp-content\/uploads\/2024\/05\/yth_eng-2-300x222.jpg 300w, https:\/\/sites.senat.ro\/wp-content\/uploads\/2024\/05\/yth_eng-2.jpg 650w\" sizes=\"auto, (max-width: 300px) 100vw, 300px\" \/>Aflat la cea de-a cincea edi\u021bie, raportul prezint\u0103, \u00een prima sa parte, situa\u021bia prezen\u021bei tinerilor \u00een parlamentele na\u021bionale, furniz\u00e2nd cele mai recente date despre procentul de tineri parlamentari cu v\u00e2rste sub 30, 40 \u0219i 45 de ani \u0219i o imagine sintetic\u0103 a progreselor \u0219i obstacolelor \u00een ceea ce prive\u0219te reprezentarea tinerilor, \u00een perioada care a trecut de la publicarea precedentului raport, \u00een 2021. Datele care stau la baza raportului provin din 204 camere parlamentare din 155 de \u021b\u0103ri \u0219i reflect\u0103 situa\u021bia existent\u0103 la 15 iunie 2023.<\/p>\n<p>A doua parte a raportului ofer\u0103 informa\u021bii \u0219i exemple de bune practici privind \u00eencurajarea particip\u0103rii tinerilor \u00een parlamentele na\u021bionale, pun\u00e2nd accent pe angajamentele promovate de UIP \u00een cadrul campaniei sale <em>Spun DA tinerilor \u00een Parlament!<\/em><\/p>\n<p>Con\u021binutul integral al raportului poate fi consultat <a href=\"https:\/\/www.ipu.org\/resources\/publications\/reports\/2023-10\/youth-participation-in-national-parliaments-2023\">aici<\/a>.<\/p>\n","protected":false},"excerpt":{"rendered":"<p>Aflat la cea de-a cincea edi\u021bie, raportul prezint\u0103, \u00een prima sa parte, situa\u021bia prezen\u021bei tinerilor \u00een parlamentele na\u021bionale, furniz\u00e2nd cele mai recente date despre procentul de tineri parlamentari cu v\u00e2rste sub 30, 40 \u0219i 45 de ani \u0219i o imagine sintetic\u0103 a progreselor \u0219i obstacolelor \u00een ceea ce prive\u0219te reprezentarea tinerilor, \u00een perioada care a [&hellip;]<\/p>\n","protected":false},"author":2,"featured_media":0,"comment_status":"closed","ping_status":"open","sticky":false,"template":"","format":"standard","meta":{"ngg_post_thumbnail":0,"footnotes":""},"categories":[6,2],"tags":[],"class_list":["post-2490","post","type-post","status-publish","format-standard","hentry","category-publicatii","category-repere"],"_links":{"self":[{"href":"https:\/\/sites.senat.ro\/index.php?rest_route=\/wp\/v2\/posts\/2490","targetHints":{"allow":["GET"]}}],"collection":[{"href":"https:\/\/sites.senat.ro\/index.php?rest_route=\/wp\/v2\/posts"}],"about":[{"href":"https:\/\/sites.senat.ro\/index.php?rest_route=\/wp\/v2\/types\/post"}],"author":[{"embeddable":true,"href":"https:\/\/sites.senat.ro\/index.php?rest_route=\/wp\/v2\/users\/2"}],"replies":[{"embeddable":true,"href":"https:\/\/sites.senat.ro\/index.php?rest_route=%2Fwp%2Fv2%2Fcomments&post=2490"}],"version-history":[{"count":0,"href":"https:\/\/sites.senat.ro\/index.php?rest_route=\/wp\/v2\/posts\/2490\/revisions"}],"wp:attachment":[{"href":"https:\/\/sites.senat.ro\/index.php?rest_route=%2Fwp%2Fv2%2Fmedia&parent=2490"}],"wp:term":[{"taxonomy":"category","embeddable":true,"href":"https:\/\/sites.senat.ro\/index.php?rest_route=%2Fwp%2Fv2%2Fcategories&post=2490"},{"taxonomy":"post_tag","embeddable":true,"href":"https:\/\/sites.senat.ro\/index.php?rest_route=%2Fwp%2Fv2%2Ftags&post=2490"}],"curies":[{"name":"wp","href":"https:\/\/api.w.org\/{rel}","templated":true}]}}