{"id":2477,"date":"2024-07-15T10:33:36","date_gmt":"2024-07-15T10:33:36","guid":{"rendered":"http:\/\/sites.senat.ro\/?p=2477"},"modified":"2024-07-15T10:33:36","modified_gmt":"2024-07-15T10:33:36","slug":"participarea-tinerilor-in-parlamentele-nationale-infografic","status":"publish","type":"post","link":"https:\/\/sites.senat.ro\/?p=2477","title":{"rendered":"Participarea tinerilor \u00een parlamentele na\u021bionale &#8211; infografic"},"content":{"rendered":"<p><img loading=\"lazy\" decoding=\"async\" class=\"size-medium wp-image-2478 alignleft\" src=\"https:\/\/sites.senat.ro\/wp-content\/uploads\/sites\/2\/2024\/05\/yth_eng-300x222.jpg\" alt=\"\" width=\"300\" height=\"222\" srcset=\"https:\/\/sites.senat.ro\/wp-content\/uploads\/2024\/05\/yth_eng-300x222.jpg 300w, https:\/\/sites.senat.ro\/wp-content\/uploads\/2024\/05\/yth_eng.jpg 650w\" sizes=\"auto, (max-width: 300px) 100vw, 300px\" \/>Datele de la finalul anului 2023 privind reprezentarea tinerilor \u00een parlamentele na\u021bionale arat\u0103 c\u0103, la nivel mondial, 13 state au instituit cote pentru tineri, comparativ cu anul 2021, c\u00e2nd doar 9 state aveau astfel de cote.<\/p>\n<p>Infograficul UIP arat\u0103 c\u0103: \u00een 39% din parlamentele lumii nu exist\u0103 tineri cu v\u00e2rste sub 30 de ani; \u00een 74% din camerele parlamentare superioare \u0219i \u00een 25% din parlamentele unicamerale \u0219i camerele inferioare aceast\u0103 grup\u0103 de v\u00e2rst\u0103 nu este reprezentat\u0103; \u00een 65% dintre \u021b\u0103ri exist\u0103 comisii parlamentare care se ocup\u0103 de problemele tinerilor; \u00een 18% din camerele parlamentare exist\u0103 re\u021bele ale tinerilor parlamentari, av\u00e2nd ca obiectiv promovarea particip\u0103rii tinerilor \u00een via\u021ba politic\u0103.<\/p>\n<p>Datele privind reprezentarea tinerilor \u00een parlamentele na\u021bionale pot fi consultate <a href=\"https:\/\/www.ipu.org\/resources\/publications\/infographics\/2023-12\/youth-in-parliament-infographic-2023\">aici<\/a>.<\/p>\n","protected":false},"excerpt":{"rendered":"<p>Datele de la finalul anului 2023 privind reprezentarea tinerilor \u00een parlamentele na\u021bionale arat\u0103 c\u0103, la nivel mondial, 13 state au instituit cote pentru tineri, comparativ cu anul 2021, c\u00e2nd doar 9 state aveau astfel de cote. Infograficul UIP arat\u0103 c\u0103: \u00een 39% din parlamentele lumii nu exist\u0103 tineri cu v\u00e2rste sub 30 de ani; \u00een [&hellip;]<\/p>\n","protected":false},"author":2,"featured_media":0,"comment_status":"closed","ping_status":"open","sticky":false,"template":"","format":"standard","meta":{"ngg_post_thumbnail":0,"footnotes":""},"categories":[6,2],"tags":[],"class_list":["post-2477","post","type-post","status-publish","format-standard","hentry","category-publicatii","category-repere"],"_links":{"self":[{"href":"https:\/\/sites.senat.ro\/index.php?rest_route=\/wp\/v2\/posts\/2477","targetHints":{"allow":["GET"]}}],"collection":[{"href":"https:\/\/sites.senat.ro\/index.php?rest_route=\/wp\/v2\/posts"}],"about":[{"href":"https:\/\/sites.senat.ro\/index.php?rest_route=\/wp\/v2\/types\/post"}],"author":[{"embeddable":true,"href":"https:\/\/sites.senat.ro\/index.php?rest_route=\/wp\/v2\/users\/2"}],"replies":[{"embeddable":true,"href":"https:\/\/sites.senat.ro\/index.php?rest_route=%2Fwp%2Fv2%2Fcomments&post=2477"}],"version-history":[{"count":0,"href":"https:\/\/sites.senat.ro\/index.php?rest_route=\/wp\/v2\/posts\/2477\/revisions"}],"wp:attachment":[{"href":"https:\/\/sites.senat.ro\/index.php?rest_route=%2Fwp%2Fv2%2Fmedia&parent=2477"}],"wp:term":[{"taxonomy":"category","embeddable":true,"href":"https:\/\/sites.senat.ro\/index.php?rest_route=%2Fwp%2Fv2%2Fcategories&post=2477"},{"taxonomy":"post_tag","embeddable":true,"href":"https:\/\/sites.senat.ro\/index.php?rest_route=%2Fwp%2Fv2%2Ftags&post=2477"}],"curies":[{"name":"wp","href":"https:\/\/api.w.org\/{rel}","templated":true}]}}