{"id":2469,"date":"2024-07-15T10:33:29","date_gmt":"2024-07-15T10:33:29","guid":{"rendered":"http:\/\/sites.senat.ro\/?p=2469"},"modified":"2024-07-15T10:33:29","modified_gmt":"2024-07-15T10:33:29","slug":"sesiunea-septembrie-decembrie-2023","status":"publish","type":"post","link":"https:\/\/sites.senat.ro\/?p=2469","title":{"rendered":"SESIUNEA SEPTEMBRIE &#8211; DECEMBRIE 2023"},"content":{"rendered":"<p><img loading=\"lazy\" decoding=\"async\" class=\" wp-image-2052 alignleft\" src=\"https:\/\/sites.senat.ro\/wp-content\/uploads\/sites\/2\/2022\/07\/germania.gif\" alt=\"\" width=\"125\" height=\"75\">21 noiembrie 2023 &#8211; \u00centrevederea deputatului Cristian-Tudor B\u0103canu, pre\u0219edintele&nbsp;<strong>Grupului parlamentar de prietenie Rom\u00e2nia &#8211; Republica Federal\u0103 Germania<\/strong>,&nbsp;cu&nbsp;Bernd&nbsp;Finke, directorul Corpului de control din Ministerul federal german de externe<\/p>\n<p>&nbsp;<\/p>\n<p><img loading=\"lazy\" decoding=\"async\" class=\"size-full wp-image-2472 alignleft\" src=\"https:\/\/sites.senat.ro\/wp-content\/uploads\/sites\/2\/2024\/05\/peru.gif\" alt=\"\" width=\"123\" height=\"82\">13 noiembrie 2023 &#8211; \u00centrevederea deputatului Sorin-Daniel Gheba,&nbsp;pre\u0219edintele&nbsp;<strong>Grupului parlamentar de prietenie Rom\u00e2nia &#8211; Republica Peru<\/strong>, cu E.S.&nbsp;F\u00e9lix&nbsp;Ricardo&nbsp;Americo&nbsp;Antonio&nbsp;Denegri&nbsp;Boza, ambasadorul Republicii Peru \u00een Rom\u00e2nia<\/p>\n<p>&nbsp;<\/p>\n<p><img loading=\"lazy\" decoding=\"async\" class=\"size-full wp-image-1878 alignleft\" src=\"https:\/\/sites.senat.ro\/wp-content\/uploads\/sites\/2\/2022\/01\/olanda.gif\" alt=\"\" width=\"123\" height=\"82\">8 noiembrie 2023 &#8211; \u00centrevederea deputatului Viorel&nbsp;B\u0103lt\u0103re\u0163u,&nbsp;pre\u0219edintele&nbsp;<strong>Grupului parlamentar de prietenie Rom\u00e2nia &#8211; Regatul \u021a\u0103rilor de Jos<\/strong>, cu E.S.&nbsp;Willemijn&nbsp;van&nbsp;Haaften, ambasadorul Regatului \u021a\u0103rilor de Jos \u00een Rom\u00e2nia<\/p>\n<p>&nbsp;<\/p>\n<p><img loading=\"lazy\" decoding=\"async\" class=\"wp-image-2473 alignleft\" src=\"https:\/\/sites.senat.ro\/wp-content\/uploads\/sites\/2\/2024\/05\/CONGO-300x225.gif\" alt=\"\" width=\"124\" height=\"93\">25 octombrie 2023 &#8211; Participarea senatorului&nbsp;Maricel&nbsp;Popa, membru al&nbsp;<strong>Grupului parlamentar de prietenie Rom\u00e2nia &#8211; Republica Democratic\u0103 Congo<\/strong>, la \u00eent\u00e2lnirea senatorului Titus Corl\u0103\u021bean, pre\u0219edintele Comisiei pentru politic\u0103 extern\u0103 a Senatului, cu participan\u021bii la <em>Programul de formare profesional\u0103 dedicat diploma\u021bilor din state africane<\/em><\/p>\n<p>&nbsp;<\/p>\n<p><img loading=\"lazy\" decoding=\"async\" class=\"size-full wp-image-2073 alignleft\" src=\"https:\/\/sites.senat.ro\/wp-content\/uploads\/sites\/2\/2022\/07\/indonezia.gif\" alt=\"\" width=\"123\" height=\"82\">24 octombrie 2023 &#8211; \u00centrevederea deputatului \u0218tefan&nbsp;Mu\u015foiu,&nbsp;pre\u0219edintele&nbsp;<strong>Grupului parlamentar de prietenie Rom\u00e2nia &#8211; Republica Indonezia<\/strong>, cu E.S.&nbsp;Meidyatama&nbsp;Suryodiningrat, ambasadorul Republicii Indonezia \u00een Rom\u00e2nia<\/p>\n<p>&nbsp;<\/p>\n<p><img loading=\"lazy\" decoding=\"async\" class=\"size-full wp-image-1584 alignleft\" src=\"https:\/\/sites.senat.ro\/wp-content\/uploads\/sites\/2\/2021\/07\/cuba-1.gif\" alt=\"\" width=\"121\" height=\"80\">17 octombrie 2023 &#8211; \u00centrevederea deputatului Radu-Mihai Cristescu, pre\u0219edintele&nbsp;&nbsp;<strong>Grupului parlamentar de prietenie Rom\u00e2nia &#8211;&nbsp;&nbsp;Republica Cuba<\/strong>, \u0219i a membrilor Grupului cu&nbsp;Elio&nbsp;Rodriguez&nbsp;Perdomo,&nbsp;viceministru&nbsp;al afacerilor externe din Republica Cuba<\/p>\n<p>&nbsp;<\/p>\n<p><img loading=\"lazy\" decoding=\"async\" class=\" wp-image-310 alignleft\" src=\"https:\/\/sites.senat.ro\/wp-content\/uploads\/sites\/2\/2018\/07\/mareabritanie.gif\" alt=\"\" width=\"124\" height=\"62\">17 octombrie 2023 &#8211; \u00centrevederea deputatei&nbsp;Simina Geanina Daniela Tulbure, pre\u0219edinta<em>&nbsp;<\/em><strong>Grupului parlamentar de prietenie Rom\u00e2nia &#8211; Regatul Unit al Marii Britanii&nbsp;\u0219i&nbsp;Irlandei de Nord<\/strong>,&nbsp;\u0219i a membrilor Grupului cu E.S. Andrew Noble, ambasadorul Regatului Unit al Marii Britanii&nbsp;\u0219i&nbsp;Irlandei de Nord \u00een Rom\u00e2nia<\/p>\n<p>&nbsp;<\/p>\n<p><img loading=\"lazy\" decoding=\"async\" class=\" wp-image-2355 alignleft\" src=\"https:\/\/sites.senat.ro\/wp-content\/uploads\/sites\/2\/2023\/08\/canada.gif\" alt=\"\" width=\"123\" height=\"70\">27 septembrie 2023 &#8211; \u00centrevederea senatorului Ion-Narcis&nbsp;Mircescu, pre\u0219edintele&nbsp;<strong>Grupului parlamentar de prietenie Rom\u00e2nia \u2013 Canada<\/strong>, cu deputata&nbsp;Marie-France&nbsp;Lalonde, copre\u0219edinta Grupului parlamentar de prietenie omolog din Parlamentul Canadei<\/p>\n","protected":false},"excerpt":{"rendered":"<p>21 noiembrie 2023 &#8211; \u00centrevederea deputatului Cristian-Tudor B\u0103canu, pre\u0219edintele&nbsp;Grupului parlamentar de prietenie Rom\u00e2nia &#8211; Republica Federal\u0103 Germania,&nbsp;cu&nbsp;Bernd&nbsp;Finke, directorul Corpului de control din Ministerul federal german de externe &nbsp; 13 noiembrie 2023 &#8211; \u00centrevederea deputatului Sorin-Daniel Gheba,&nbsp;pre\u0219edintele&nbsp;Grupului parlamentar de prietenie Rom\u00e2nia &#8211; Republica Peru, cu E.S.&nbsp;F\u00e9lix&nbsp;Ricardo&nbsp;Americo&nbsp;Antonio&nbsp;Denegri&nbsp;Boza, ambasadorul Republicii Peru \u00een Rom\u00e2nia &nbsp; 8 noiembrie 2023 &#8211; [&hellip;]<\/p>\n","protected":false},"author":2,"featured_media":0,"comment_status":"closed","ping_status":"open","sticky":false,"template":"","format":"standard","meta":{"ngg_post_thumbnail":0,"footnotes":""},"categories":[8,1],"tags":[],"class_list":["post-2469","post","type-post","status-publish","format-standard","hentry","category-intrevederi","category-prietenie"],"_links":{"self":[{"href":"https:\/\/sites.senat.ro\/index.php?rest_route=\/wp\/v2\/posts\/2469","targetHints":{"allow":["GET"]}}],"collection":[{"href":"https:\/\/sites.senat.ro\/index.php?rest_route=\/wp\/v2\/posts"}],"about":[{"href":"https:\/\/sites.senat.ro\/index.php?rest_route=\/wp\/v2\/types\/post"}],"author":[{"embeddable":true,"href":"https:\/\/sites.senat.ro\/index.php?rest_route=\/wp\/v2\/users\/2"}],"replies":[{"embeddable":true,"href":"https:\/\/sites.senat.ro\/index.php?rest_route=%2Fwp%2Fv2%2Fcomments&post=2469"}],"version-history":[{"count":0,"href":"https:\/\/sites.senat.ro\/index.php?rest_route=\/wp\/v2\/posts\/2469\/revisions"}],"wp:attachment":[{"href":"https:\/\/sites.senat.ro\/index.php?rest_route=%2Fwp%2Fv2%2Fmedia&parent=2469"}],"wp:term":[{"taxonomy":"category","embeddable":true,"href":"https:\/\/sites.senat.ro\/index.php?rest_route=%2Fwp%2Fv2%2Fcategories&post=2469"},{"taxonomy":"post_tag","embeddable":true,"href":"https:\/\/sites.senat.ro\/index.php?rest_route=%2Fwp%2Fv2%2Ftags&post=2469"}],"curies":[{"name":"wp","href":"https:\/\/api.w.org\/{rel}","templated":true}]}}